{"id":1606,"date":"2019-01-21T14:23:41","date_gmt":"2019-01-21T14:23:41","guid":{"rendered":"https:\/\/generate.fr\/?p=1606"},"modified":"2019-06-05T18:35:07","modified_gmt":"2019-06-05T18:35:07","slug":"trois-questions-a-francois-mattens-dircom-du-gicat-et-responsable-du-programme-generate","status":"publish","type":"post","link":"https:\/\/generate.fr\/en\/trois-questions-a-francois-mattens-dircom-du-gicat-et-responsable-du-programme-generate\/","title":{"rendered":"Trois questions \u00e0 Fran\u00e7ois Mattens, dircom du GICAT et responsable du programme GENERATE"},"content":{"rendered":"\n<p><strong><em>Fran\u00e7ois Mattens est directeur de la communication et des affaires publiques du Groupement des industriels de la d\u00e9fense et de la s\u00e9curit\u00e9 terrestres. Au sein du GICAT, il est \u00e9galement responsable du programme GENERATE, le premier acc\u00e9l\u00e9rateur de start-up fran\u00e7aises pour la d\u00e9fense et \u00e0 la s\u00e9curit\u00e9. Entretien men\u00e9 par&nbsp;<a href=\"https:\/\/twitter.com\/adrienloriller?lang=fr\">Adrien Loriller<\/a>, directeur conseil, et&nbsp;<a href=\"https:\/\/twitter.com\/bastien_vdk?lang=fr\">Bastien Vandendyck<\/a>, consultant junior.<\/em><\/strong><\/p>\n\n\n\n<blockquote class=\"wp-block-quote is-layout-flow wp-block-quote-is-layout-flow\"><p><a target=\"blank;\" href=\"http:\/\/www.vae-solis.com\/francois-mattens-dircom-gicat-programme-generate-adrien-loriller-bastien-vandendyck\/\" rel=\"noopener noreferrer\">Lire la suite de l'interview sur Vae-Solis<\/a><\/p><\/blockquote>\n","protected":false},"excerpt":{"rendered":"<p>Fran\u00e7ois Mattens est directeur de la communication et des affaires publiques du Groupement des industriels de la d\u00e9fense et de la s\u00e9curit\u00e9 terrestres. Au sein du GICAT, il est \u00e9galement responsable du programme GENERATE, le premier acc\u00e9l\u00e9rateur de start-up fran\u00e7aises pour la d\u00e9fense et \u00e0 la s\u00e9curit\u00e9. Entretien men\u00e9 par&nbsp;Adrien Loriller, directeur conseil, et&nbsp;Bastien Vandendyck, [&hellip;]<\/p>\n","protected":false},"author":1,"featured_media":1737,"comment_status":"open","ping_status":"open","sticky":false,"template":"","format":"standard","meta":{"footnotes":""},"categories":[7],"tags":[],"class_list":["post-1606","post","type-post","status-publish","format-standard","has-post-thumbnail","hentry","category-articles-itw","post-wrapper"],"yoast_head":"<!-- This site is optimized with the Yoast SEO plugin v27.4 - https:\/\/yoast.com\/product\/yoast-seo-wordpress\/ -->\n<title>Trois questions \u00e0 Fran\u00e7ois Mattens, dircom du GICAT et responsable du programme GENERATE - GENERATE<\/title>\n<meta name=\"robots\" content=\"index, follow, max-snippet:-1, max-image-preview:large, max-video-preview:-1\" \/>\n<link rel=\"canonical\" href=\"https:\/\/generate.fr\/trois-questions-a-francois-mattens-dircom-du-gicat-et-responsable-du-programme-generate\/\" \/>\n<meta property=\"og:locale\" content=\"en_US\" \/>\n<meta property=\"og:type\" content=\"article\" \/>\n<meta property=\"og:title\" content=\"Trois questions \u00e0 Fran\u00e7ois Mattens, dircom du GICAT et responsable du programme GENERATE - GENERATE\" \/>\n<meta property=\"og:description\" content=\"Fran\u00e7ois Mattens est directeur de la communication et des affaires publiques du Groupement des industriels de la d\u00e9fense et de la s\u00e9curit\u00e9 terrestres. Au sein du GICAT, il est \u00e9galement responsable du programme GENERATE, le premier acc\u00e9l\u00e9rateur de start-up fran\u00e7aises pour la d\u00e9fense et \u00e0 la s\u00e9curit\u00e9. Entretien men\u00e9 par&nbsp;Adrien Loriller, directeur conseil, et&nbsp;Bastien Vandendyck,\" \/>\n<meta property=\"og:url\" content=\"https:\/\/generate.fr\/trois-questions-a-francois-mattens-dircom-du-gicat-et-responsable-du-programme-generate\/\" \/>\n<meta property=\"og:site_name\" content=\"GENERATE\" \/>\n<meta property=\"article:published_time\" content=\"2019-01-21T14:23:41+00:00\" \/>\n<meta property=\"article:modified_time\" content=\"2019-06-05T18:35:07+00:00\" \/>\n<meta property=\"og:image\" content=\"https:\/\/generate.fr\/wp-content\/uploads\/2019\/05\/3.jpg\" \/>\n\t<meta property=\"og:image:width\" content=\"1200\" \/>\n\t<meta property=\"og:image:height\" content=\"675\" \/>\n\t<meta property=\"og:image:type\" content=\"image\/jpeg\" \/>\n<meta name=\"author\" content=\"dev\" \/>\n<meta name=\"twitter:card\" content=\"summary_large_image\" \/>\n<meta name=\"twitter:label1\" content=\"Written by\" \/>\n\t<meta name=\"twitter:data1\" content=\"dev\" \/>\n<script type=\"application\/ld+json\" class=\"yoast-schema-graph\">{\"@context\":\"https:\\\/\\\/schema.org\",\"@graph\":[{\"@type\":\"Article\",\"@id\":\"https:\\\/\\\/generate.fr\\\/trois-questions-a-francois-mattens-dircom-du-gicat-et-responsable-du-programme-generate\\\/#article\",\"isPartOf\":{\"@id\":\"https:\\\/\\\/generate.fr\\\/trois-questions-a-francois-mattens-dircom-du-gicat-et-responsable-du-programme-generate\\\/\"},\"author\":{\"name\":\"dev\",\"@id\":\"https:\\\/\\\/generate.fr\\\/#\\\/schema\\\/person\\\/2a09cb4e2d1601dbd6a09a1fa80a8297\"},\"headline\":\"Trois questions \u00e0 Fran\u00e7ois Mattens, dircom du GICAT et responsable du programme GENERATE\",\"datePublished\":\"2019-01-21T14:23:41+00:00\",\"dateModified\":\"2019-06-05T18:35:07+00:00\",\"mainEntityOfPage\":{\"@id\":\"https:\\\/\\\/generate.fr\\\/trois-questions-a-francois-mattens-dircom-du-gicat-et-responsable-du-programme-generate\\\/\"},\"wordCount\":89,\"commentCount\":0,\"publisher\":{\"@id\":\"https:\\\/\\\/generate.fr\\\/#organization\"},\"image\":{\"@id\":\"https:\\\/\\\/generate.fr\\\/trois-questions-a-francois-mattens-dircom-du-gicat-et-responsable-du-programme-generate\\\/#primaryimage\"},\"thumbnailUrl\":\"https:\\\/\\\/generate.fr\\\/wp-content\\\/uploads\\\/2019\\\/05\\\/3.jpg\",\"articleSection\":[\"Articles &amp; ITW\"],\"inLanguage\":\"en-US\",\"potentialAction\":[{\"@type\":\"CommentAction\",\"name\":\"Comment\",\"target\":[\"https:\\\/\\\/generate.fr\\\/trois-questions-a-francois-mattens-dircom-du-gicat-et-responsable-du-programme-generate\\\/#respond\"]}]},{\"@type\":\"WebPage\",\"@id\":\"https:\\\/\\\/generate.fr\\\/trois-questions-a-francois-mattens-dircom-du-gicat-et-responsable-du-programme-generate\\\/\",\"url\":\"https:\\\/\\\/generate.fr\\\/trois-questions-a-francois-mattens-dircom-du-gicat-et-responsable-du-programme-generate\\\/\",\"name\":\"Trois questions \u00e0 Fran\u00e7ois Mattens, dircom du GICAT et responsable du programme GENERATE - GENERATE\",\"isPartOf\":{\"@id\":\"https:\\\/\\\/generate.fr\\\/#website\"},\"primaryImageOfPage\":{\"@id\":\"https:\\\/\\\/generate.fr\\\/trois-questions-a-francois-mattens-dircom-du-gicat-et-responsable-du-programme-generate\\\/#primaryimage\"},\"image\":{\"@id\":\"https:\\\/\\\/generate.fr\\\/trois-questions-a-francois-mattens-dircom-du-gicat-et-responsable-du-programme-generate\\\/#primaryimage\"},\"thumbnailUrl\":\"https:\\\/\\\/generate.fr\\\/wp-content\\\/uploads\\\/2019\\\/05\\\/3.jpg\",\"datePublished\":\"2019-01-21T14:23:41+00:00\",\"dateModified\":\"2019-06-05T18:35:07+00:00\",\"breadcrumb\":{\"@id\":\"https:\\\/\\\/generate.fr\\\/trois-questions-a-francois-mattens-dircom-du-gicat-et-responsable-du-programme-generate\\\/#breadcrumb\"},\"inLanguage\":\"en-US\",\"potentialAction\":[{\"@type\":\"ReadAction\",\"target\":[\"https:\\\/\\\/generate.fr\\\/trois-questions-a-francois-mattens-dircom-du-gicat-et-responsable-du-programme-generate\\\/\"]}]},{\"@type\":\"ImageObject\",\"inLanguage\":\"en-US\",\"@id\":\"https:\\\/\\\/generate.fr\\\/trois-questions-a-francois-mattens-dircom-du-gicat-et-responsable-du-programme-generate\\\/#primaryimage\",\"url\":\"https:\\\/\\\/generate.fr\\\/wp-content\\\/uploads\\\/2019\\\/05\\\/3.jpg\",\"contentUrl\":\"https:\\\/\\\/generate.fr\\\/wp-content\\\/uploads\\\/2019\\\/05\\\/3.jpg\",\"width\":1200,\"height\":675},{\"@type\":\"BreadcrumbList\",\"@id\":\"https:\\\/\\\/generate.fr\\\/trois-questions-a-francois-mattens-dircom-du-gicat-et-responsable-du-programme-generate\\\/#breadcrumb\",\"itemListElement\":[{\"@type\":\"ListItem\",\"position\":1,\"name\":\"Accueil\",\"item\":\"https:\\\/\\\/generate.fr\\\/\"},{\"@type\":\"ListItem\",\"position\":2,\"name\":\"Trois questions \u00e0 Fran\u00e7ois Mattens, dircom du GICAT et responsable du programme GENERATE\"}]},{\"@type\":\"WebSite\",\"@id\":\"https:\\\/\\\/generate.fr\\\/#website\",\"url\":\"https:\\\/\\\/generate.fr\\\/\",\"name\":\"GENERATE\",\"description\":\"Acc\u00e9l\u00e9rateur d&#039;innovation pour la D\u00e9fense et la S\u00e9curit\u00e9\",\"publisher\":{\"@id\":\"https:\\\/\\\/generate.fr\\\/#organization\"},\"potentialAction\":[{\"@type\":\"SearchAction\",\"target\":{\"@type\":\"EntryPoint\",\"urlTemplate\":\"https:\\\/\\\/generate.fr\\\/?s={search_term_string}\"},\"query-input\":{\"@type\":\"PropertyValueSpecification\",\"valueRequired\":true,\"valueName\":\"search_term_string\"}}],\"inLanguage\":\"en-US\"},{\"@type\":\"Organization\",\"@id\":\"https:\\\/\\\/generate.fr\\\/#organization\",\"name\":\"Generate\",\"url\":\"https:\\\/\\\/generate.fr\\\/\",\"logo\":{\"@type\":\"ImageObject\",\"inLanguage\":\"en-US\",\"@id\":\"https:\\\/\\\/generate.fr\\\/#\\\/schema\\\/logo\\\/image\\\/\",\"url\":\"https:\\\/\\\/generate.fr\\\/wp-content\\\/uploads\\\/2019\\\/05\\\/Generate.png\",\"contentUrl\":\"https:\\\/\\\/generate.fr\\\/wp-content\\\/uploads\\\/2019\\\/05\\\/Generate.png\",\"width\":1000,\"height\":316,\"caption\":\"Generate\"},\"image\":{\"@id\":\"https:\\\/\\\/generate.fr\\\/#\\\/schema\\\/logo\\\/image\\\/\"},\"sameAs\":[\"https:\\\/\\\/www.youtube.com\\\/channel\\\/UCsoYfr1MZdZT2bqI7CNN1Rw\"]},{\"@type\":\"Person\",\"@id\":\"https:\\\/\\\/generate.fr\\\/#\\\/schema\\\/person\\\/2a09cb4e2d1601dbd6a09a1fa80a8297\",\"name\":\"dev\",\"image\":{\"@type\":\"ImageObject\",\"inLanguage\":\"en-US\",\"@id\":\"https:\\\/\\\/secure.gravatar.com\\\/avatar\\\/c470607f1dfd4c49c6f7922242ff2ab77a7b9c2a5d95c9b1ef7962ddbfc685e5?s=96&d=mm&r=g\",\"url\":\"https:\\\/\\\/secure.gravatar.com\\\/avatar\\\/c470607f1dfd4c49c6f7922242ff2ab77a7b9c2a5d95c9b1ef7962ddbfc685e5?s=96&d=mm&r=g\",\"contentUrl\":\"https:\\\/\\\/secure.gravatar.com\\\/avatar\\\/c470607f1dfd4c49c6f7922242ff2ab77a7b9c2a5d95c9b1ef7962ddbfc685e5?s=96&d=mm&r=g\",\"caption\":\"dev\"},\"url\":\"https:\\\/\\\/generate.fr\\\/en\\\/author\\\/dev\\\/\"}]}<\/script>\n<!-- \/ Yoast SEO plugin. -->","yoast_head_json":{"title":"Trois questions \u00e0 Fran\u00e7ois Mattens, dircom du GICAT et responsable du programme GENERATE - GENERATE","robots":{"index":"index","follow":"follow","max-snippet":"max-snippet:-1","max-image-preview":"max-image-preview:large","max-video-preview":"max-video-preview:-1"},"canonical":"https:\/\/generate.fr\/trois-questions-a-francois-mattens-dircom-du-gicat-et-responsable-du-programme-generate\/","og_locale":"en_US","og_type":"article","og_title":"Trois questions \u00e0 Fran\u00e7ois Mattens, dircom du GICAT et responsable du programme GENERATE - GENERATE","og_description":"Fran\u00e7ois Mattens est directeur de la communication et des affaires publiques du Groupement des industriels de la d\u00e9fense et de la s\u00e9curit\u00e9 terrestres. Au sein du GICAT, il est \u00e9galement responsable du programme GENERATE, le premier acc\u00e9l\u00e9rateur de start-up fran\u00e7aises pour la d\u00e9fense et \u00e0 la s\u00e9curit\u00e9. Entretien men\u00e9 par&nbsp;Adrien Loriller, directeur conseil, et&nbsp;Bastien Vandendyck,","og_url":"https:\/\/generate.fr\/trois-questions-a-francois-mattens-dircom-du-gicat-et-responsable-du-programme-generate\/","og_site_name":"GENERATE","article_published_time":"2019-01-21T14:23:41+00:00","article_modified_time":"2019-06-05T18:35:07+00:00","og_image":[{"width":1200,"height":675,"url":"https:\/\/generate.fr\/wp-content\/uploads\/2019\/05\/3.jpg","type":"image\/jpeg"}],"author":"dev","twitter_card":"summary_large_image","twitter_misc":{"Written by":"dev"},"schema":{"@context":"https:\/\/schema.org","@graph":[{"@type":"Article","@id":"https:\/\/generate.fr\/trois-questions-a-francois-mattens-dircom-du-gicat-et-responsable-du-programme-generate\/#article","isPartOf":{"@id":"https:\/\/generate.fr\/trois-questions-a-francois-mattens-dircom-du-gicat-et-responsable-du-programme-generate\/"},"author":{"name":"dev","@id":"https:\/\/generate.fr\/#\/schema\/person\/2a09cb4e2d1601dbd6a09a1fa80a8297"},"headline":"Trois questions \u00e0 Fran\u00e7ois Mattens, dircom du GICAT et responsable du programme GENERATE","datePublished":"2019-01-21T14:23:41+00:00","dateModified":"2019-06-05T18:35:07+00:00","mainEntityOfPage":{"@id":"https:\/\/generate.fr\/trois-questions-a-francois-mattens-dircom-du-gicat-et-responsable-du-programme-generate\/"},"wordCount":89,"commentCount":0,"publisher":{"@id":"https:\/\/generate.fr\/#organization"},"image":{"@id":"https:\/\/generate.fr\/trois-questions-a-francois-mattens-dircom-du-gicat-et-responsable-du-programme-generate\/#primaryimage"},"thumbnailUrl":"https:\/\/generate.fr\/wp-content\/uploads\/2019\/05\/3.jpg","articleSection":["Articles &amp; ITW"],"inLanguage":"en-US","potentialAction":[{"@type":"CommentAction","name":"Comment","target":["https:\/\/generate.fr\/trois-questions-a-francois-mattens-dircom-du-gicat-et-responsable-du-programme-generate\/#respond"]}]},{"@type":"WebPage","@id":"https:\/\/generate.fr\/trois-questions-a-francois-mattens-dircom-du-gicat-et-responsable-du-programme-generate\/","url":"https:\/\/generate.fr\/trois-questions-a-francois-mattens-dircom-du-gicat-et-responsable-du-programme-generate\/","name":"Trois questions \u00e0 Fran\u00e7ois Mattens, dircom du GICAT et responsable du programme GENERATE - GENERATE","isPartOf":{"@id":"https:\/\/generate.fr\/#website"},"primaryImageOfPage":{"@id":"https:\/\/generate.fr\/trois-questions-a-francois-mattens-dircom-du-gicat-et-responsable-du-programme-generate\/#primaryimage"},"image":{"@id":"https:\/\/generate.fr\/trois-questions-a-francois-mattens-dircom-du-gicat-et-responsable-du-programme-generate\/#primaryimage"},"thumbnailUrl":"https:\/\/generate.fr\/wp-content\/uploads\/2019\/05\/3.jpg","datePublished":"2019-01-21T14:23:41+00:00","dateModified":"2019-06-05T18:35:07+00:00","breadcrumb":{"@id":"https:\/\/generate.fr\/trois-questions-a-francois-mattens-dircom-du-gicat-et-responsable-du-programme-generate\/#breadcrumb"},"inLanguage":"en-US","potentialAction":[{"@type":"ReadAction","target":["https:\/\/generate.fr\/trois-questions-a-francois-mattens-dircom-du-gicat-et-responsable-du-programme-generate\/"]}]},{"@type":"ImageObject","inLanguage":"en-US","@id":"https:\/\/generate.fr\/trois-questions-a-francois-mattens-dircom-du-gicat-et-responsable-du-programme-generate\/#primaryimage","url":"https:\/\/generate.fr\/wp-content\/uploads\/2019\/05\/3.jpg","contentUrl":"https:\/\/generate.fr\/wp-content\/uploads\/2019\/05\/3.jpg","width":1200,"height":675},{"@type":"BreadcrumbList","@id":"https:\/\/generate.fr\/trois-questions-a-francois-mattens-dircom-du-gicat-et-responsable-du-programme-generate\/#breadcrumb","itemListElement":[{"@type":"ListItem","position":1,"name":"Accueil","item":"https:\/\/generate.fr\/"},{"@type":"ListItem","position":2,"name":"Trois questions \u00e0 Fran\u00e7ois Mattens, dircom du GICAT et responsable du programme GENERATE"}]},{"@type":"WebSite","@id":"https:\/\/generate.fr\/#website","url":"https:\/\/generate.fr\/","name":"GENERATE","description":"Acc\u00e9l\u00e9rateur d&#039;innovation pour la D\u00e9fense et la S\u00e9curit\u00e9","publisher":{"@id":"https:\/\/generate.fr\/#organization"},"potentialAction":[{"@type":"SearchAction","target":{"@type":"EntryPoint","urlTemplate":"https:\/\/generate.fr\/?s={search_term_string}"},"query-input":{"@type":"PropertyValueSpecification","valueRequired":true,"valueName":"search_term_string"}}],"inLanguage":"en-US"},{"@type":"Organization","@id":"https:\/\/generate.fr\/#organization","name":"Generate","url":"https:\/\/generate.fr\/","logo":{"@type":"ImageObject","inLanguage":"en-US","@id":"https:\/\/generate.fr\/#\/schema\/logo\/image\/","url":"https:\/\/generate.fr\/wp-content\/uploads\/2019\/05\/Generate.png","contentUrl":"https:\/\/generate.fr\/wp-content\/uploads\/2019\/05\/Generate.png","width":1000,"height":316,"caption":"Generate"},"image":{"@id":"https:\/\/generate.fr\/#\/schema\/logo\/image\/"},"sameAs":["https:\/\/www.youtube.com\/channel\/UCsoYfr1MZdZT2bqI7CNN1Rw"]},{"@type":"Person","@id":"https:\/\/generate.fr\/#\/schema\/person\/2a09cb4e2d1601dbd6a09a1fa80a8297","name":"dev","image":{"@type":"ImageObject","inLanguage":"en-US","@id":"https:\/\/secure.gravatar.com\/avatar\/c470607f1dfd4c49c6f7922242ff2ab77a7b9c2a5d95c9b1ef7962ddbfc685e5?s=96&d=mm&r=g","url":"https:\/\/secure.gravatar.com\/avatar\/c470607f1dfd4c49c6f7922242ff2ab77a7b9c2a5d95c9b1ef7962ddbfc685e5?s=96&d=mm&r=g","contentUrl":"https:\/\/secure.gravatar.com\/avatar\/c470607f1dfd4c49c6f7922242ff2ab77a7b9c2a5d95c9b1ef7962ddbfc685e5?s=96&d=mm&r=g","caption":"dev"},"url":"https:\/\/generate.fr\/en\/author\/dev\/"}]}},"_links":{"self":[{"href":"https:\/\/generate.fr\/en\/wp-json\/wp\/v2\/posts\/1606","targetHints":{"allow":["GET"]}}],"collection":[{"href":"https:\/\/generate.fr\/en\/wp-json\/wp\/v2\/posts"}],"about":[{"href":"https:\/\/generate.fr\/en\/wp-json\/wp\/v2\/types\/post"}],"author":[{"embeddable":true,"href":"https:\/\/generate.fr\/en\/wp-json\/wp\/v2\/users\/1"}],"replies":[{"embeddable":true,"href":"https:\/\/generate.fr\/en\/wp-json\/wp\/v2\/comments?post=1606"}],"version-history":[{"count":3,"href":"https:\/\/generate.fr\/en\/wp-json\/wp\/v2\/posts\/1606\/revisions"}],"predecessor-version":[{"id":1885,"href":"https:\/\/generate.fr\/en\/wp-json\/wp\/v2\/posts\/1606\/revisions\/1885"}],"wp:featuredmedia":[{"embeddable":true,"href":"https:\/\/generate.fr\/en\/wp-json\/wp\/v2\/media\/1737"}],"wp:attachment":[{"href":"https:\/\/generate.fr\/en\/wp-json\/wp\/v2\/media?parent=1606"}],"wp:term":[{"taxonomy":"category","embeddable":true,"href":"https:\/\/generate.fr\/en\/wp-json\/wp\/v2\/categories?post=1606"},{"taxonomy":"post_tag","embeddable":true,"href":"https:\/\/generate.fr\/en\/wp-json\/wp\/v2\/tags?post=1606"}],"curies":[{"name":"wp","href":"https:\/\/api.w.org\/{rel}","templated":true}]}}