{"id":1817,"date":"2019-02-12T16:35:50","date_gmt":"2019-02-12T16:35:50","guid":{"rendered":"https:\/\/generate.fr\/innovation-defense-portail-ie-copy\/"},"modified":"2019-06-05T16:41:44","modified_gmt":"2019-06-05T16:41:44","slug":"capgemini-revolution-innovation-defense","status":"publish","type":"post","link":"https:\/\/generate.fr\/en\/capgemini-revolution-innovation-defense\/","title":{"rendered":"Rendez-vous Capgemini : Assiste-t-on \u00e0 une (r)\u00e9volution de l\u2019innovation dans la d\u00e9fense ?"},"content":{"rendered":"<p>Apr\u00e8s \u00ab\u00a0<a href=\"https:\/\/www.capgemini.com\/fr-fr\/evenements\/ia-bientot-notre-6eme-sens\/\" target=\"_blank\" rel=\"noopener noreferrer\">Intelligence Artificielle, bient\u00f4t notre 6e sens<\/a>\u00a0\u00bb, Capgemini et Usbek &amp; Rica proposent un second rendez-vous : une s\u00e9rie de Talks pour explorer les incontournables d\u2019une IA durable :<\/p>\n<ul>\n<li><b>L\u2019\u00e9thique,<\/b><\/li>\n<li><b>La s\u00e9curit\u00e9<\/b><\/li>\n<li><b>L\u2019exp\u00e9rience<\/b><em>\u00a0<\/em><\/li>\n<\/ul>\n<p>Retrouvez l\u2019int\u00e9gralit\u00e9 du talk : <strong>\u00ab\u00a0Assiste-t-on \u00e0 une (r)\u00e9volution de l\u2019innovation dans la d\u00e9fense\u00a0?\u00a0\u00bb<\/strong><\/p>\n<p>La d\u00e9fense est un secteur historiquement innovant et moteur pour le civil. Quelles sont les bonnes pratiques \u00e0 retenir pour favoriser une culture de l\u2019innovation, comment cr\u00e9er des synergies avec le monde civil\u00a0?<br \/>L\u2019IA est au c\u0153ur de grands projets de transformation, en quoi est-elle un\u00a0<em>game changer<\/em>\u00a0pour le secteur\u00a0: illustration avec 3 startups IA incub\u00e9s chez Generate.<\/p>\n<p><a href=\"https:\/\/www.linkedin.com\/in\/francoismatt\/\" target=\"_blank\" rel=\"noopener noreferrer\"><strong>Fran\u00e7ois Mattens<\/strong><\/a>,\u00a0<em>Directeur des affaires publiques et de l\u2019innovation<\/em>\u00a0<strong>GICAT<\/strong>,\u00a0<em>Responsable du programme<\/em>\u00a0<strong>GENERATE.<\/strong><\/p>\n<p>&nbsp;<\/p>\n<p><iframe loading=\"lazy\" src=\"https:\/\/www.youtube.com\/embed\/2KAqncJwT0Q\" width=\"560\" height=\"315\" frameborder=\"0\" allowfullscreen=\"allowfullscreen\"><\/iframe><\/p>\n<p>Plus d'informations sur l'\u00e9v\u00e9nement : https:\/\/www.capgemini.com\/fr-fr\/evenements\/2030-a-quoi-ressemble-une-entreprise-qui-a-reussi-le-virage-de-lia\/\u00a0<\/p>\n","protected":false},"excerpt":{"rendered":"<p>Apr\u00e8s \u00ab\u00a0Intelligence Artificielle, bient\u00f4t notre 6e sens\u00a0\u00bb, Capgemini et Usbek &amp; Rica proposent un second rendez-vous : une s\u00e9rie de Talks pour explorer les incontournables d\u2019une IA durable : L\u2019\u00e9thique, La s\u00e9curit\u00e9 L\u2019exp\u00e9rience\u00a0 Retrouvez l\u2019int\u00e9gralit\u00e9 du talk : \u00ab\u00a0Assiste-t-on \u00e0 une (r)\u00e9volution de l\u2019innovation dans la d\u00e9fense\u00a0?\u00a0\u00bb La d\u00e9fense est un secteur historiquement innovant et [&hellip;]<\/p>\n","protected":false},"author":1,"featured_media":1819,"comment_status":"open","ping_status":"open","sticky":false,"template":"","format":"standard","meta":{"footnotes":""},"categories":[7],"tags":[21,22,15,17,10,18],"class_list":["post-1817","post","type-post","status-publish","format-standard","has-post-thumbnail","hentry","category-articles-itw","tag-capgemini","tag-culture","tag-defense","tag-generate","tag-innovation","tag-mattens","post-wrapper"],"yoast_head":"<!-- This site is optimized with the Yoast SEO plugin v27.4 - https:\/\/yoast.com\/product\/yoast-seo-wordpress\/ -->\n<title>Rendez-vous Capgemini : Assiste-t-on \u00e0 une (r)\u00e9volution de l\u2019innovation dans la d\u00e9fense ? - GENERATE<\/title>\n<meta name=\"robots\" content=\"index, follow, max-snippet:-1, max-image-preview:large, max-video-preview:-1\" \/>\n<link rel=\"canonical\" href=\"https:\/\/generate.fr\/capgemini-revolution-innovation-defense\/\" \/>\n<meta property=\"og:locale\" content=\"en_US\" \/>\n<meta property=\"og:type\" content=\"article\" \/>\n<meta property=\"og:title\" content=\"Rendez-vous Capgemini : Assiste-t-on \u00e0 une (r)\u00e9volution de l\u2019innovation dans la d\u00e9fense ? - GENERATE\" \/>\n<meta property=\"og:description\" content=\"Apr\u00e8s \u00ab\u00a0Intelligence Artificielle, bient\u00f4t notre 6e sens\u00a0\u00bb, Capgemini et Usbek &amp; Rica proposent un second rendez-vous : une s\u00e9rie de Talks pour explorer les incontournables d\u2019une IA durable : L\u2019\u00e9thique, La s\u00e9curit\u00e9 L\u2019exp\u00e9rience\u00a0 Retrouvez l\u2019int\u00e9gralit\u00e9 du talk : \u00ab\u00a0Assiste-t-on \u00e0 une (r)\u00e9volution de l\u2019innovation dans la d\u00e9fense\u00a0?\u00a0\u00bb La d\u00e9fense est un secteur historiquement innovant et\" \/>\n<meta property=\"og:url\" content=\"https:\/\/generate.fr\/capgemini-revolution-innovation-defense\/\" \/>\n<meta property=\"og:site_name\" content=\"GENERATE\" \/>\n<meta property=\"article:published_time\" content=\"2019-02-12T16:35:50+00:00\" \/>\n<meta property=\"article:modified_time\" content=\"2019-06-05T16:41:44+00:00\" \/>\n<meta property=\"og:image\" content=\"https:\/\/generate.fr\/wp-content\/uploads\/2019\/06\/cap.png\" \/>\n\t<meta property=\"og:image:width\" content=\"1387\" \/>\n\t<meta property=\"og:image:height\" content=\"777\" \/>\n\t<meta property=\"og:image:type\" content=\"image\/png\" \/>\n<meta name=\"author\" content=\"dev\" \/>\n<meta name=\"twitter:card\" content=\"summary_large_image\" \/>\n<meta name=\"twitter:label1\" content=\"Written by\" \/>\n\t<meta name=\"twitter:data1\" content=\"dev\" \/>\n\t<meta name=\"twitter:label2\" content=\"Est. reading time\" \/>\n\t<meta name=\"twitter:data2\" content=\"1 minute\" \/>\n<script type=\"application\/ld+json\" class=\"yoast-schema-graph\">{\"@context\":\"https:\\\/\\\/schema.org\",\"@graph\":[{\"@type\":\"Article\",\"@id\":\"https:\\\/\\\/generate.fr\\\/capgemini-revolution-innovation-defense\\\/#article\",\"isPartOf\":{\"@id\":\"https:\\\/\\\/generate.fr\\\/capgemini-revolution-innovation-defense\\\/\"},\"author\":{\"name\":\"dev\",\"@id\":\"https:\\\/\\\/generate.fr\\\/#\\\/schema\\\/person\\\/2a09cb4e2d1601dbd6a09a1fa80a8297\"},\"headline\":\"Rendez-vous Capgemini : Assiste-t-on \u00e0 une (r)\u00e9volution de l\u2019innovation dans la d\u00e9fense ?\",\"datePublished\":\"2019-02-12T16:35:50+00:00\",\"dateModified\":\"2019-06-05T16:41:44+00:00\",\"mainEntityOfPage\":{\"@id\":\"https:\\\/\\\/generate.fr\\\/capgemini-revolution-innovation-defense\\\/\"},\"wordCount\":163,\"commentCount\":0,\"publisher\":{\"@id\":\"https:\\\/\\\/generate.fr\\\/#organization\"},\"image\":{\"@id\":\"https:\\\/\\\/generate.fr\\\/capgemini-revolution-innovation-defense\\\/#primaryimage\"},\"thumbnailUrl\":\"https:\\\/\\\/generate.fr\\\/wp-content\\\/uploads\\\/2019\\\/06\\\/cap.png\",\"keywords\":[\"capgemini\",\"culture\",\"D\u00e9fense\",\"GENERATE\",\"Innovation\",\"Mattens\"],\"articleSection\":[\"Articles &amp; ITW\"],\"inLanguage\":\"en-US\",\"potentialAction\":[{\"@type\":\"CommentAction\",\"name\":\"Comment\",\"target\":[\"https:\\\/\\\/generate.fr\\\/capgemini-revolution-innovation-defense\\\/#respond\"]}]},{\"@type\":\"WebPage\",\"@id\":\"https:\\\/\\\/generate.fr\\\/capgemini-revolution-innovation-defense\\\/\",\"url\":\"https:\\\/\\\/generate.fr\\\/capgemini-revolution-innovation-defense\\\/\",\"name\":\"Rendez-vous Capgemini : Assiste-t-on \u00e0 une (r)\u00e9volution de l\u2019innovation dans la d\u00e9fense ? - GENERATE\",\"isPartOf\":{\"@id\":\"https:\\\/\\\/generate.fr\\\/#website\"},\"primaryImageOfPage\":{\"@id\":\"https:\\\/\\\/generate.fr\\\/capgemini-revolution-innovation-defense\\\/#primaryimage\"},\"image\":{\"@id\":\"https:\\\/\\\/generate.fr\\\/capgemini-revolution-innovation-defense\\\/#primaryimage\"},\"thumbnailUrl\":\"https:\\\/\\\/generate.fr\\\/wp-content\\\/uploads\\\/2019\\\/06\\\/cap.png\",\"datePublished\":\"2019-02-12T16:35:50+00:00\",\"dateModified\":\"2019-06-05T16:41:44+00:00\",\"breadcrumb\":{\"@id\":\"https:\\\/\\\/generate.fr\\\/capgemini-revolution-innovation-defense\\\/#breadcrumb\"},\"inLanguage\":\"en-US\",\"potentialAction\":[{\"@type\":\"ReadAction\",\"target\":[\"https:\\\/\\\/generate.fr\\\/capgemini-revolution-innovation-defense\\\/\"]}]},{\"@type\":\"ImageObject\",\"inLanguage\":\"en-US\",\"@id\":\"https:\\\/\\\/generate.fr\\\/capgemini-revolution-innovation-defense\\\/#primaryimage\",\"url\":\"https:\\\/\\\/generate.fr\\\/wp-content\\\/uploads\\\/2019\\\/06\\\/cap.png\",\"contentUrl\":\"https:\\\/\\\/generate.fr\\\/wp-content\\\/uploads\\\/2019\\\/06\\\/cap.png\",\"width\":1387,\"height\":777},{\"@type\":\"BreadcrumbList\",\"@id\":\"https:\\\/\\\/generate.fr\\\/capgemini-revolution-innovation-defense\\\/#breadcrumb\",\"itemListElement\":[{\"@type\":\"ListItem\",\"position\":1,\"name\":\"Accueil\",\"item\":\"https:\\\/\\\/generate.fr\\\/\"},{\"@type\":\"ListItem\",\"position\":2,\"name\":\"Rendez-vous Capgemini : Assiste-t-on \u00e0 une (r)\u00e9volution de l\u2019innovation dans la d\u00e9fense ?\"}]},{\"@type\":\"WebSite\",\"@id\":\"https:\\\/\\\/generate.fr\\\/#website\",\"url\":\"https:\\\/\\\/generate.fr\\\/\",\"name\":\"GENERATE\",\"description\":\"Acc\u00e9l\u00e9rateur d&#039;innovation pour la D\u00e9fense et la S\u00e9curit\u00e9\",\"publisher\":{\"@id\":\"https:\\\/\\\/generate.fr\\\/#organization\"},\"potentialAction\":[{\"@type\":\"SearchAction\",\"target\":{\"@type\":\"EntryPoint\",\"urlTemplate\":\"https:\\\/\\\/generate.fr\\\/?s={search_term_string}\"},\"query-input\":{\"@type\":\"PropertyValueSpecification\",\"valueRequired\":true,\"valueName\":\"search_term_string\"}}],\"inLanguage\":\"en-US\"},{\"@type\":\"Organization\",\"@id\":\"https:\\\/\\\/generate.fr\\\/#organization\",\"name\":\"Generate\",\"url\":\"https:\\\/\\\/generate.fr\\\/\",\"logo\":{\"@type\":\"ImageObject\",\"inLanguage\":\"en-US\",\"@id\":\"https:\\\/\\\/generate.fr\\\/#\\\/schema\\\/logo\\\/image\\\/\",\"url\":\"https:\\\/\\\/generate.fr\\\/wp-content\\\/uploads\\\/2019\\\/05\\\/Generate.png\",\"contentUrl\":\"https:\\\/\\\/generate.fr\\\/wp-content\\\/uploads\\\/2019\\\/05\\\/Generate.png\",\"width\":1000,\"height\":316,\"caption\":\"Generate\"},\"image\":{\"@id\":\"https:\\\/\\\/generate.fr\\\/#\\\/schema\\\/logo\\\/image\\\/\"},\"sameAs\":[\"https:\\\/\\\/www.youtube.com\\\/channel\\\/UCsoYfr1MZdZT2bqI7CNN1Rw\"]},{\"@type\":\"Person\",\"@id\":\"https:\\\/\\\/generate.fr\\\/#\\\/schema\\\/person\\\/2a09cb4e2d1601dbd6a09a1fa80a8297\",\"name\":\"dev\",\"image\":{\"@type\":\"ImageObject\",\"inLanguage\":\"en-US\",\"@id\":\"https:\\\/\\\/secure.gravatar.com\\\/avatar\\\/c470607f1dfd4c49c6f7922242ff2ab77a7b9c2a5d95c9b1ef7962ddbfc685e5?s=96&d=mm&r=g\",\"url\":\"https:\\\/\\\/secure.gravatar.com\\\/avatar\\\/c470607f1dfd4c49c6f7922242ff2ab77a7b9c2a5d95c9b1ef7962ddbfc685e5?s=96&d=mm&r=g\",\"contentUrl\":\"https:\\\/\\\/secure.gravatar.com\\\/avatar\\\/c470607f1dfd4c49c6f7922242ff2ab77a7b9c2a5d95c9b1ef7962ddbfc685e5?s=96&d=mm&r=g\",\"caption\":\"dev\"},\"url\":\"https:\\\/\\\/generate.fr\\\/en\\\/author\\\/dev\\\/\"}]}<\/script>\n<!-- \/ Yoast SEO plugin. -->","yoast_head_json":{"title":"Rendez-vous Capgemini : Assiste-t-on \u00e0 une (r)\u00e9volution de l\u2019innovation dans la d\u00e9fense ? - GENERATE","robots":{"index":"index","follow":"follow","max-snippet":"max-snippet:-1","max-image-preview":"max-image-preview:large","max-video-preview":"max-video-preview:-1"},"canonical":"https:\/\/generate.fr\/capgemini-revolution-innovation-defense\/","og_locale":"en_US","og_type":"article","og_title":"Rendez-vous Capgemini : Assiste-t-on \u00e0 une (r)\u00e9volution de l\u2019innovation dans la d\u00e9fense ? - GENERATE","og_description":"Apr\u00e8s \u00ab\u00a0Intelligence Artificielle, bient\u00f4t notre 6e sens\u00a0\u00bb, Capgemini et Usbek &amp; Rica proposent un second rendez-vous : une s\u00e9rie de Talks pour explorer les incontournables d\u2019une IA durable : L\u2019\u00e9thique, La s\u00e9curit\u00e9 L\u2019exp\u00e9rience\u00a0 Retrouvez l\u2019int\u00e9gralit\u00e9 du talk : \u00ab\u00a0Assiste-t-on \u00e0 une (r)\u00e9volution de l\u2019innovation dans la d\u00e9fense\u00a0?\u00a0\u00bb La d\u00e9fense est un secteur historiquement innovant et","og_url":"https:\/\/generate.fr\/capgemini-revolution-innovation-defense\/","og_site_name":"GENERATE","article_published_time":"2019-02-12T16:35:50+00:00","article_modified_time":"2019-06-05T16:41:44+00:00","og_image":[{"width":1387,"height":777,"url":"https:\/\/generate.fr\/wp-content\/uploads\/2019\/06\/cap.png","type":"image\/png"}],"author":"dev","twitter_card":"summary_large_image","twitter_misc":{"Written by":"dev","Est. reading time":"1 minute"},"schema":{"@context":"https:\/\/schema.org","@graph":[{"@type":"Article","@id":"https:\/\/generate.fr\/capgemini-revolution-innovation-defense\/#article","isPartOf":{"@id":"https:\/\/generate.fr\/capgemini-revolution-innovation-defense\/"},"author":{"name":"dev","@id":"https:\/\/generate.fr\/#\/schema\/person\/2a09cb4e2d1601dbd6a09a1fa80a8297"},"headline":"Rendez-vous Capgemini : Assiste-t-on \u00e0 une (r)\u00e9volution de l\u2019innovation dans la d\u00e9fense ?","datePublished":"2019-02-12T16:35:50+00:00","dateModified":"2019-06-05T16:41:44+00:00","mainEntityOfPage":{"@id":"https:\/\/generate.fr\/capgemini-revolution-innovation-defense\/"},"wordCount":163,"commentCount":0,"publisher":{"@id":"https:\/\/generate.fr\/#organization"},"image":{"@id":"https:\/\/generate.fr\/capgemini-revolution-innovation-defense\/#primaryimage"},"thumbnailUrl":"https:\/\/generate.fr\/wp-content\/uploads\/2019\/06\/cap.png","keywords":["capgemini","culture","D\u00e9fense","GENERATE","Innovation","Mattens"],"articleSection":["Articles &amp; ITW"],"inLanguage":"en-US","potentialAction":[{"@type":"CommentAction","name":"Comment","target":["https:\/\/generate.fr\/capgemini-revolution-innovation-defense\/#respond"]}]},{"@type":"WebPage","@id":"https:\/\/generate.fr\/capgemini-revolution-innovation-defense\/","url":"https:\/\/generate.fr\/capgemini-revolution-innovation-defense\/","name":"Rendez-vous Capgemini : Assiste-t-on \u00e0 une (r)\u00e9volution de l\u2019innovation dans la d\u00e9fense ? - GENERATE","isPartOf":{"@id":"https:\/\/generate.fr\/#website"},"primaryImageOfPage":{"@id":"https:\/\/generate.fr\/capgemini-revolution-innovation-defense\/#primaryimage"},"image":{"@id":"https:\/\/generate.fr\/capgemini-revolution-innovation-defense\/#primaryimage"},"thumbnailUrl":"https:\/\/generate.fr\/wp-content\/uploads\/2019\/06\/cap.png","datePublished":"2019-02-12T16:35:50+00:00","dateModified":"2019-06-05T16:41:44+00:00","breadcrumb":{"@id":"https:\/\/generate.fr\/capgemini-revolution-innovation-defense\/#breadcrumb"},"inLanguage":"en-US","potentialAction":[{"@type":"ReadAction","target":["https:\/\/generate.fr\/capgemini-revolution-innovation-defense\/"]}]},{"@type":"ImageObject","inLanguage":"en-US","@id":"https:\/\/generate.fr\/capgemini-revolution-innovation-defense\/#primaryimage","url":"https:\/\/generate.fr\/wp-content\/uploads\/2019\/06\/cap.png","contentUrl":"https:\/\/generate.fr\/wp-content\/uploads\/2019\/06\/cap.png","width":1387,"height":777},{"@type":"BreadcrumbList","@id":"https:\/\/generate.fr\/capgemini-revolution-innovation-defense\/#breadcrumb","itemListElement":[{"@type":"ListItem","position":1,"name":"Accueil","item":"https:\/\/generate.fr\/"},{"@type":"ListItem","position":2,"name":"Rendez-vous Capgemini : Assiste-t-on \u00e0 une (r)\u00e9volution de l\u2019innovation dans la d\u00e9fense ?"}]},{"@type":"WebSite","@id":"https:\/\/generate.fr\/#website","url":"https:\/\/generate.fr\/","name":"GENERATE","description":"Acc\u00e9l\u00e9rateur d&#039;innovation pour la D\u00e9fense et la S\u00e9curit\u00e9","publisher":{"@id":"https:\/\/generate.fr\/#organization"},"potentialAction":[{"@type":"SearchAction","target":{"@type":"EntryPoint","urlTemplate":"https:\/\/generate.fr\/?s={search_term_string}"},"query-input":{"@type":"PropertyValueSpecification","valueRequired":true,"valueName":"search_term_string"}}],"inLanguage":"en-US"},{"@type":"Organization","@id":"https:\/\/generate.fr\/#organization","name":"Generate","url":"https:\/\/generate.fr\/","logo":{"@type":"ImageObject","inLanguage":"en-US","@id":"https:\/\/generate.fr\/#\/schema\/logo\/image\/","url":"https:\/\/generate.fr\/wp-content\/uploads\/2019\/05\/Generate.png","contentUrl":"https:\/\/generate.fr\/wp-content\/uploads\/2019\/05\/Generate.png","width":1000,"height":316,"caption":"Generate"},"image":{"@id":"https:\/\/generate.fr\/#\/schema\/logo\/image\/"},"sameAs":["https:\/\/www.youtube.com\/channel\/UCsoYfr1MZdZT2bqI7CNN1Rw"]},{"@type":"Person","@id":"https:\/\/generate.fr\/#\/schema\/person\/2a09cb4e2d1601dbd6a09a1fa80a8297","name":"dev","image":{"@type":"ImageObject","inLanguage":"en-US","@id":"https:\/\/secure.gravatar.com\/avatar\/c470607f1dfd4c49c6f7922242ff2ab77a7b9c2a5d95c9b1ef7962ddbfc685e5?s=96&d=mm&r=g","url":"https:\/\/secure.gravatar.com\/avatar\/c470607f1dfd4c49c6f7922242ff2ab77a7b9c2a5d95c9b1ef7962ddbfc685e5?s=96&d=mm&r=g","contentUrl":"https:\/\/secure.gravatar.com\/avatar\/c470607f1dfd4c49c6f7922242ff2ab77a7b9c2a5d95c9b1ef7962ddbfc685e5?s=96&d=mm&r=g","caption":"dev"},"url":"https:\/\/generate.fr\/en\/author\/dev\/"}]}},"_links":{"self":[{"href":"https:\/\/generate.fr\/en\/wp-json\/wp\/v2\/posts\/1817","targetHints":{"allow":["GET"]}}],"collection":[{"href":"https:\/\/generate.fr\/en\/wp-json\/wp\/v2\/posts"}],"about":[{"href":"https:\/\/generate.fr\/en\/wp-json\/wp\/v2\/types\/post"}],"author":[{"embeddable":true,"href":"https:\/\/generate.fr\/en\/wp-json\/wp\/v2\/users\/1"}],"replies":[{"embeddable":true,"href":"https:\/\/generate.fr\/en\/wp-json\/wp\/v2\/comments?post=1817"}],"version-history":[{"count":2,"href":"https:\/\/generate.fr\/en\/wp-json\/wp\/v2\/posts\/1817\/revisions"}],"predecessor-version":[{"id":1820,"href":"https:\/\/generate.fr\/en\/wp-json\/wp\/v2\/posts\/1817\/revisions\/1820"}],"wp:featuredmedia":[{"embeddable":true,"href":"https:\/\/generate.fr\/en\/wp-json\/wp\/v2\/media\/1819"}],"wp:attachment":[{"href":"https:\/\/generate.fr\/en\/wp-json\/wp\/v2\/media?parent=1817"}],"wp:term":[{"taxonomy":"category","embeddable":true,"href":"https:\/\/generate.fr\/en\/wp-json\/wp\/v2\/categories?post=1817"},{"taxonomy":"post_tag","embeddable":true,"href":"https:\/\/generate.fr\/en\/wp-json\/wp\/v2\/tags?post=1817"}],"curies":[{"name":"wp","href":"https:\/\/api.w.org\/{rel}","templated":true}]}}