{"id":1901,"date":"2019-04-01T18:48:40","date_gmt":"2019-04-01T18:48:40","guid":{"rendered":"https:\/\/generate.fr\/?p=1901"},"modified":"2019-06-05T18:49:27","modified_gmt":"2019-06-05T18:49:27","slug":"defense-les-start-up-se-fraient-une-route-vers-larmee-francaise","status":"publish","type":"post","link":"https:\/\/generate.fr\/en\/defense-les-start-up-se-fraient-une-route-vers-larmee-francaise\/","title":{"rendered":"D\u00e9fense : les start-up se fraient une route vers l\u2019arm\u00e9e fran\u00e7aise"},"content":{"rendered":"\n<p><strong>Avec l\u2019appui du Gicat, syndicat des professionnels de la d\u00e9fense, nombre de start-up r\u00e9ussissent \u00e0 p\u00e9n\u00e9trer le monde labyrinthique des programmes d\u2019armement.<\/strong><\/p>\n\n\n\n<p>L\u2019innovation est devenue&nbsp;&nbsp;<a href=\"https:\/\/www.lesechos.fr\/24\/05\/2018\/lesechos.fr\/0301694942229_defense---florence-parly-veut-ouvrir-les-armees-aux-innovations-du-civil.htm\">l\u2019obsession de la ministre des Arm\u00e9es Florence Parly<\/a>&nbsp;, prise \u00e0 partie par l\u2019\u00e9tat-major des arm\u00e9es surpris \u00e0 maintes reprises par la vitesse d\u2019assimilation des nouvelles technologies (smartphone, drones, hacking\u2026) par les mouvements terroristes. En r\u00e9action aux programmes d\u2019armement ultra-sophistiqu\u00e9s planifi\u00e9s sur des d\u00e9cennies, la ministre r\u00e9clame une acc\u00e9l\u00e9ration des cadences et a lanc\u00e9&nbsp;<a href=\"https:\/\/www.lesechos.fr\/30\/08\/2018\/lesechos.fr\/0302178940656_top-depart-pour-l-agence-de-l-innovation-de-defense.htm\">l\u2019Agence de l\u2019Innovation de d\u00e9fense<\/a>&nbsp;, en cours de montage, qui doit servir de guichet unique aux soci\u00e9t\u00e9s int\u00e9ress\u00e9es par la d\u00e9fense.<\/p>\n\n\n\n<h3 class=\"wp-block-heading\">28 start up s\u00e9lectionn\u00e9es<\/h3>\n\n\n\n<p>Le GICAT (groupement des industries de d\u00e9fense et de s\u00e9curit\u00e9 terrestres et a\u00e9roterrestres) vient de faire la preuve que le potentiel est riche. En mars&nbsp;2017, le syndicat professionnel lan\u00e7ait le programme Generate, premier acc\u00e9l\u00e9rateur de start-up d\u00e9di\u00e9 \u00e0 la d\u00e9fense et \u00e0 la s\u00e9curit\u00e9, qui compte aujourd\u2019hui&nbsp;28 soci\u00e9t\u00e9s fran\u00e7aises dans des domaines tr\u00e8s divers, allant de l\u2019intelligence artificielle \u00e0 la maintenance en passant par la cybers\u00e9curit\u00e9 ou la gestion des risques chimiques,&nbsp;etc. \u00ab<em>&nbsp;Bien avant la cr\u00e9ation de l\u2019agence de l\u2019innovation, qui va beaucoup nous aider, nous avions pris conscience que nous passions \u00e0 c\u00f4t\u00e9 de technologies int\u00e9ressantes et que les cr\u00e9ateurs avaient du mal \u00e0 se frayer un chemin dans le syst\u00e8me de la Direction g\u00e9n\u00e9rale de l\u2019armement (DGA)<\/em>&nbsp;\u00bb, explique Fran\u00e7ois Mattens, directeur de l\u2019innovation au Gicat.&nbsp;<em>\u00ab&nbsp;Faute de pouvoir accorder des locaux ou des fonds, nous avons cr\u00e9\u00e9 Generate pour apporter notre connaissance des Arm\u00e9es, des grands donneurs d\u2019ordre de la d\u00e9fense et des m\u00e9canismes d\u2019aides existants dans le minist\u00e8re&nbsp;\u00bb.<\/em><\/p>\n\n\n\n<h3 class=\"wp-block-heading\">Des innovations au service du combat&nbsp;<\/h3>\n\n\n\n<p>Apr\u00e8s 24 mois d\u2019acc\u00e9l\u00e9ration, une dizaine de start-up du programme ont r\u00e9ussi \u00e0 lever 8&nbsp;millions d\u2019euros de fonds aupr\u00e8s d\u2019investisseurs tant publics que priv\u00e9s. Elles totalisent 4,8&nbsp;millions d\u2019euros de chiffre d\u2019affaires et comptent une centaine de salari\u00e9s.&nbsp;Le Gicat estime que cinq d\u2019entre elles&nbsp;: Aleph, Cerbair, Diodon, Internest et Linkurious, ont d\u00e9pass\u00e9 le stade start-up pour devenir des TPE.&nbsp;Aleph a cr\u00e9\u00e9 un moteur de recherche pour explorer le dark et le deep web. Internest travaille sur un syst\u00e8me de positionnement autonome des drones afin d\u2019am\u00e9liorer la s\u00e9curit\u00e9 de leurs vols. Diodon met au point un drone gonflable. CerbAir se sp\u00e9cialise dans la lutte anti-drone, tandis que l\u2019\u00e9diteur de logiciels Linkurious explore les interconnexions sur les r\u00e9seaux sociaux.&nbsp;<em>\u00ab&nbsp;Generate recherche des innovations op\u00e9rationnelles, de vraies briques technologiques utiles au combat&nbsp;\u00bb<\/em>, explique Fran\u00e7ois Mattens.<\/p>\n\n\n\n<h3 class=\"wp-block-heading\">Un \u00e9cosyst\u00e8me en construction<\/h3>\n\n\n\n<p>Cette semaine, Generate a recueilli 5 nouvelles entreprises. L\u2019une, Carfit, a d\u00e9j\u00e0 de bonnes r\u00e9f\u00e9rences dans la maintenance pr\u00e9dictive mais seulement dans le secteur civil. Sachant que les Arm\u00e9es ont besoin d\u2019am\u00e9liorer le maintien en condition de leurs v\u00e9hicules, le Gicat va aider la start-up \u00e0 s\u2019introduire dans l\u2019arm\u00e9e de terre. Trouver des innovations civiles aptes au militaire et aider les experts militaires \u00e0 trouver des d\u00e9bouch\u00e9s commerciaux, le programme Generate fonctionne dans les deux sens. Dans l\u2019ensemble, les premi\u00e8res lev\u00e9es de fonds pour mettre au point le prototype sont simples. C\u2019est ensuite que les complications arrivent, nombre de fonds refusant d\u2019investir dans la d\u00e9fense, secteur jug\u00e9 peu politiquement correct. En outre, la temporalit\u00e9 du monde de la d\u00e9fense est souvent jug\u00e9e trop longue pour les business angels. Mais depuis deux ans, la plupart des grands acteurs comme Nexter, MBDA, Safran\u2026 ont cr\u00e9\u00e9 leurs propres v\u00e9hicules d\u2019investissement pour capter les innovations int\u00e9ressantes.&nbsp;<em>\u00ab&nbsp;L\u2019\u00e9cosyst\u00e8me se r\u00e9organise et commence \u00e0 devenir plus agile&nbsp;\u00bb<\/em>, se f\u00e9licite Fran\u00e7ois Mattens. Chaque semaine, une \u00e0 deux start-up frappe ainsi \u00e0 la porte du Gicat. Parmi les derni\u00e8res admises, Numalis ambitionne de r\u00e9volutionner le monde du codage avec un correcteur pour calculs num\u00e9riques critiques, aussi facile \u00e0 utiliser qu\u2019un correcteur d\u2019orthographe.<\/p>\n\n\n\n<p>Anne Bauer<\/p>\n\n\n\n<p><a href=\"https:\/\/www.lesechos.fr\/industrie-services\/air-defense\/defense-les-start-up-se-fraient-une-route-vers-larmee-francaise-1005036\" target=\"_blank\" rel=\"noreferrer noopener\">Source : Les Echos<\/a><\/p>\n","protected":false},"excerpt":{"rendered":"<p>Avec l\u2019appui du Gicat, syndicat des professionnels de la d\u00e9fense, nombre de start-up r\u00e9ussissent \u00e0 p\u00e9n\u00e9trer le monde labyrinthique des programmes d\u2019armement. L\u2019innovation est devenue&nbsp;&nbsp;l\u2019obsession de la ministre des Arm\u00e9es Florence Parly&nbsp;, prise \u00e0 partie par l\u2019\u00e9tat-major des arm\u00e9es surpris \u00e0 maintes reprises par la vitesse d\u2019assimilation des nouvelles technologies (smartphone, drones, hacking\u2026) par les [&hellip;]<\/p>\n","protected":false},"author":2,"featured_media":1902,"comment_status":"open","ping_status":"open","sticky":false,"template":"","format":"standard","meta":{"footnotes":""},"categories":[7],"tags":[15,17,11,16,32],"class_list":["post-1901","post","type-post","status-publish","format-standard","has-post-thumbnail","hentry","category-articles-itw","tag-defense","tag-generate","tag-gicat","tag-securite","tag-start-up","post-wrapper"],"yoast_head":"<!-- This site is optimized with the Yoast SEO plugin v27.4 - https:\/\/yoast.com\/product\/yoast-seo-wordpress\/ -->\n<title>D\u00e9fense : les start-up se fraient une route vers l\u2019arm\u00e9e fran\u00e7aise - GENERATE<\/title>\n<meta name=\"robots\" content=\"index, follow, max-snippet:-1, max-image-preview:large, max-video-preview:-1\" \/>\n<link rel=\"canonical\" href=\"https:\/\/generate.fr\/defense-les-start-up-se-fraient-une-route-vers-larmee-francaise\/\" \/>\n<meta property=\"og:locale\" content=\"en_US\" \/>\n<meta property=\"og:type\" content=\"article\" \/>\n<meta property=\"og:title\" content=\"D\u00e9fense : les start-up se fraient une route vers l\u2019arm\u00e9e fran\u00e7aise - GENERATE\" \/>\n<meta property=\"og:description\" content=\"Avec l\u2019appui du Gicat, syndicat des professionnels de la d\u00e9fense, nombre de start-up r\u00e9ussissent \u00e0 p\u00e9n\u00e9trer le monde labyrinthique des programmes d\u2019armement. L\u2019innovation est devenue&nbsp;&nbsp;l\u2019obsession de la ministre des Arm\u00e9es Florence Parly&nbsp;, prise \u00e0 partie par l\u2019\u00e9tat-major des arm\u00e9es surpris \u00e0 maintes reprises par la vitesse d\u2019assimilation des nouvelles technologies (smartphone, drones, hacking\u2026) par les\" \/>\n<meta property=\"og:url\" content=\"https:\/\/generate.fr\/defense-les-start-up-se-fraient-une-route-vers-larmee-francaise\/\" \/>\n<meta property=\"og:site_name\" content=\"GENERATE\" \/>\n<meta property=\"article:published_time\" content=\"2019-04-01T18:48:40+00:00\" \/>\n<meta property=\"article:modified_time\" content=\"2019-06-05T18:49:27+00:00\" \/>\n<meta property=\"og:image\" content=\"https:\/\/generate.fr\/wp-content\/uploads\/2019\/06\/Les-\u00c9chos-1170x630.jpg\" \/>\n\t<meta property=\"og:image:width\" content=\"1170\" \/>\n\t<meta property=\"og:image:height\" content=\"630\" \/>\n\t<meta property=\"og:image:type\" content=\"image\/jpeg\" \/>\n<meta name=\"author\" content=\"Thomas Kolbe\" \/>\n<meta name=\"twitter:card\" content=\"summary_large_image\" \/>\n<meta name=\"twitter:label1\" content=\"Written by\" \/>\n\t<meta name=\"twitter:data1\" content=\"Thomas Kolbe\" \/>\n\t<meta name=\"twitter:label2\" content=\"Est. reading time\" \/>\n\t<meta name=\"twitter:data2\" content=\"4 minutes\" \/>\n<script type=\"application\/ld+json\" class=\"yoast-schema-graph\">{\"@context\":\"https:\\\/\\\/schema.org\",\"@graph\":[{\"@type\":\"Article\",\"@id\":\"https:\\\/\\\/generate.fr\\\/defense-les-start-up-se-fraient-une-route-vers-larmee-francaise\\\/#article\",\"isPartOf\":{\"@id\":\"https:\\\/\\\/generate.fr\\\/defense-les-start-up-se-fraient-une-route-vers-larmee-francaise\\\/\"},\"author\":{\"name\":\"Thomas Kolbe\",\"@id\":\"https:\\\/\\\/generate.fr\\\/#\\\/schema\\\/person\\\/2895efb6d641efb3170ace8678ace18c\"},\"headline\":\"D\u00e9fense : les start-up se fraient une route vers l\u2019arm\u00e9e fran\u00e7aise\",\"datePublished\":\"2019-04-01T18:48:40+00:00\",\"dateModified\":\"2019-06-05T18:49:27+00:00\",\"mainEntityOfPage\":{\"@id\":\"https:\\\/\\\/generate.fr\\\/defense-les-start-up-se-fraient-une-route-vers-larmee-francaise\\\/\"},\"wordCount\":761,\"commentCount\":0,\"publisher\":{\"@id\":\"https:\\\/\\\/generate.fr\\\/#organization\"},\"image\":{\"@id\":\"https:\\\/\\\/generate.fr\\\/defense-les-start-up-se-fraient-une-route-vers-larmee-francaise\\\/#primaryimage\"},\"thumbnailUrl\":\"https:\\\/\\\/generate.fr\\\/wp-content\\\/uploads\\\/2019\\\/06\\\/Les-\u00c9chos-1170x630.jpg\",\"keywords\":[\"D\u00e9fense\",\"GENERATE\",\"GICAT\",\"S\u00e9curit\u00e9\",\"start-up\"],\"articleSection\":[\"Articles &amp; ITW\"],\"inLanguage\":\"en-US\",\"potentialAction\":[{\"@type\":\"CommentAction\",\"name\":\"Comment\",\"target\":[\"https:\\\/\\\/generate.fr\\\/defense-les-start-up-se-fraient-une-route-vers-larmee-francaise\\\/#respond\"]}]},{\"@type\":\"WebPage\",\"@id\":\"https:\\\/\\\/generate.fr\\\/defense-les-start-up-se-fraient-une-route-vers-larmee-francaise\\\/\",\"url\":\"https:\\\/\\\/generate.fr\\\/defense-les-start-up-se-fraient-une-route-vers-larmee-francaise\\\/\",\"name\":\"D\u00e9fense : les start-up se fraient une route vers l\u2019arm\u00e9e fran\u00e7aise - GENERATE\",\"isPartOf\":{\"@id\":\"https:\\\/\\\/generate.fr\\\/#website\"},\"primaryImageOfPage\":{\"@id\":\"https:\\\/\\\/generate.fr\\\/defense-les-start-up-se-fraient-une-route-vers-larmee-francaise\\\/#primaryimage\"},\"image\":{\"@id\":\"https:\\\/\\\/generate.fr\\\/defense-les-start-up-se-fraient-une-route-vers-larmee-francaise\\\/#primaryimage\"},\"thumbnailUrl\":\"https:\\\/\\\/generate.fr\\\/wp-content\\\/uploads\\\/2019\\\/06\\\/Les-\u00c9chos-1170x630.jpg\",\"datePublished\":\"2019-04-01T18:48:40+00:00\",\"dateModified\":\"2019-06-05T18:49:27+00:00\",\"breadcrumb\":{\"@id\":\"https:\\\/\\\/generate.fr\\\/defense-les-start-up-se-fraient-une-route-vers-larmee-francaise\\\/#breadcrumb\"},\"inLanguage\":\"en-US\",\"potentialAction\":[{\"@type\":\"ReadAction\",\"target\":[\"https:\\\/\\\/generate.fr\\\/defense-les-start-up-se-fraient-une-route-vers-larmee-francaise\\\/\"]}]},{\"@type\":\"ImageObject\",\"inLanguage\":\"en-US\",\"@id\":\"https:\\\/\\\/generate.fr\\\/defense-les-start-up-se-fraient-une-route-vers-larmee-francaise\\\/#primaryimage\",\"url\":\"https:\\\/\\\/generate.fr\\\/wp-content\\\/uploads\\\/2019\\\/06\\\/Les-\u00c9chos-1170x630.jpg\",\"contentUrl\":\"https:\\\/\\\/generate.fr\\\/wp-content\\\/uploads\\\/2019\\\/06\\\/Les-\u00c9chos-1170x630.jpg\",\"width\":1170,\"height\":630},{\"@type\":\"BreadcrumbList\",\"@id\":\"https:\\\/\\\/generate.fr\\\/defense-les-start-up-se-fraient-une-route-vers-larmee-francaise\\\/#breadcrumb\",\"itemListElement\":[{\"@type\":\"ListItem\",\"position\":1,\"name\":\"Accueil\",\"item\":\"https:\\\/\\\/generate.fr\\\/\"},{\"@type\":\"ListItem\",\"position\":2,\"name\":\"D\u00e9fense : les start-up se fraient une route vers l\u2019arm\u00e9e fran\u00e7aise\"}]},{\"@type\":\"WebSite\",\"@id\":\"https:\\\/\\\/generate.fr\\\/#website\",\"url\":\"https:\\\/\\\/generate.fr\\\/\",\"name\":\"GENERATE\",\"description\":\"Acc\u00e9l\u00e9rateur d&#039;innovation pour la D\u00e9fense et la S\u00e9curit\u00e9\",\"publisher\":{\"@id\":\"https:\\\/\\\/generate.fr\\\/#organization\"},\"potentialAction\":[{\"@type\":\"SearchAction\",\"target\":{\"@type\":\"EntryPoint\",\"urlTemplate\":\"https:\\\/\\\/generate.fr\\\/?s={search_term_string}\"},\"query-input\":{\"@type\":\"PropertyValueSpecification\",\"valueRequired\":true,\"valueName\":\"search_term_string\"}}],\"inLanguage\":\"en-US\"},{\"@type\":\"Organization\",\"@id\":\"https:\\\/\\\/generate.fr\\\/#organization\",\"name\":\"Generate\",\"url\":\"https:\\\/\\\/generate.fr\\\/\",\"logo\":{\"@type\":\"ImageObject\",\"inLanguage\":\"en-US\",\"@id\":\"https:\\\/\\\/generate.fr\\\/#\\\/schema\\\/logo\\\/image\\\/\",\"url\":\"https:\\\/\\\/generate.fr\\\/wp-content\\\/uploads\\\/2019\\\/05\\\/Generate.png\",\"contentUrl\":\"https:\\\/\\\/generate.fr\\\/wp-content\\\/uploads\\\/2019\\\/05\\\/Generate.png\",\"width\":1000,\"height\":316,\"caption\":\"Generate\"},\"image\":{\"@id\":\"https:\\\/\\\/generate.fr\\\/#\\\/schema\\\/logo\\\/image\\\/\"},\"sameAs\":[\"https:\\\/\\\/www.youtube.com\\\/channel\\\/UCsoYfr1MZdZT2bqI7CNN1Rw\"]},{\"@type\":\"Person\",\"@id\":\"https:\\\/\\\/generate.fr\\\/#\\\/schema\\\/person\\\/2895efb6d641efb3170ace8678ace18c\",\"name\":\"Thomas Kolbe\",\"image\":{\"@type\":\"ImageObject\",\"inLanguage\":\"en-US\",\"@id\":\"https:\\\/\\\/secure.gravatar.com\\\/avatar\\\/528dc96708c82c0f0c26eba076b7ff225f08450c6a1be4d0b029763b2d76ef7a?s=96&d=mm&r=g\",\"url\":\"https:\\\/\\\/secure.gravatar.com\\\/avatar\\\/528dc96708c82c0f0c26eba076b7ff225f08450c6a1be4d0b029763b2d76ef7a?s=96&d=mm&r=g\",\"contentUrl\":\"https:\\\/\\\/secure.gravatar.com\\\/avatar\\\/528dc96708c82c0f0c26eba076b7ff225f08450c6a1be4d0b029763b2d76ef7a?s=96&d=mm&r=g\",\"caption\":\"Thomas Kolbe\"},\"url\":\"https:\\\/\\\/generate.fr\\\/en\\\/author\\\/editeur\\\/\"}]}<\/script>\n<!-- \/ Yoast SEO plugin. -->","yoast_head_json":{"title":"D\u00e9fense : les start-up se fraient une route vers l\u2019arm\u00e9e fran\u00e7aise - GENERATE","robots":{"index":"index","follow":"follow","max-snippet":"max-snippet:-1","max-image-preview":"max-image-preview:large","max-video-preview":"max-video-preview:-1"},"canonical":"https:\/\/generate.fr\/defense-les-start-up-se-fraient-une-route-vers-larmee-francaise\/","og_locale":"en_US","og_type":"article","og_title":"D\u00e9fense : les start-up se fraient une route vers l\u2019arm\u00e9e fran\u00e7aise - GENERATE","og_description":"Avec l\u2019appui du Gicat, syndicat des professionnels de la d\u00e9fense, nombre de start-up r\u00e9ussissent \u00e0 p\u00e9n\u00e9trer le monde labyrinthique des programmes d\u2019armement. L\u2019innovation est devenue&nbsp;&nbsp;l\u2019obsession de la ministre des Arm\u00e9es Florence Parly&nbsp;, prise \u00e0 partie par l\u2019\u00e9tat-major des arm\u00e9es surpris \u00e0 maintes reprises par la vitesse d\u2019assimilation des nouvelles technologies (smartphone, drones, hacking\u2026) par les","og_url":"https:\/\/generate.fr\/defense-les-start-up-se-fraient-une-route-vers-larmee-francaise\/","og_site_name":"GENERATE","article_published_time":"2019-04-01T18:48:40+00:00","article_modified_time":"2019-06-05T18:49:27+00:00","og_image":[{"width":1170,"height":630,"url":"https:\/\/generate.fr\/wp-content\/uploads\/2019\/06\/Les-\u00c9chos-1170x630.jpg","type":"image\/jpeg"}],"author":"Thomas Kolbe","twitter_card":"summary_large_image","twitter_misc":{"Written by":"Thomas Kolbe","Est. reading time":"4 minutes"},"schema":{"@context":"https:\/\/schema.org","@graph":[{"@type":"Article","@id":"https:\/\/generate.fr\/defense-les-start-up-se-fraient-une-route-vers-larmee-francaise\/#article","isPartOf":{"@id":"https:\/\/generate.fr\/defense-les-start-up-se-fraient-une-route-vers-larmee-francaise\/"},"author":{"name":"Thomas Kolbe","@id":"https:\/\/generate.fr\/#\/schema\/person\/2895efb6d641efb3170ace8678ace18c"},"headline":"D\u00e9fense : les start-up se fraient une route vers l\u2019arm\u00e9e fran\u00e7aise","datePublished":"2019-04-01T18:48:40+00:00","dateModified":"2019-06-05T18:49:27+00:00","mainEntityOfPage":{"@id":"https:\/\/generate.fr\/defense-les-start-up-se-fraient-une-route-vers-larmee-francaise\/"},"wordCount":761,"commentCount":0,"publisher":{"@id":"https:\/\/generate.fr\/#organization"},"image":{"@id":"https:\/\/generate.fr\/defense-les-start-up-se-fraient-une-route-vers-larmee-francaise\/#primaryimage"},"thumbnailUrl":"https:\/\/generate.fr\/wp-content\/uploads\/2019\/06\/Les-\u00c9chos-1170x630.jpg","keywords":["D\u00e9fense","GENERATE","GICAT","S\u00e9curit\u00e9","start-up"],"articleSection":["Articles &amp; ITW"],"inLanguage":"en-US","potentialAction":[{"@type":"CommentAction","name":"Comment","target":["https:\/\/generate.fr\/defense-les-start-up-se-fraient-une-route-vers-larmee-francaise\/#respond"]}]},{"@type":"WebPage","@id":"https:\/\/generate.fr\/defense-les-start-up-se-fraient-une-route-vers-larmee-francaise\/","url":"https:\/\/generate.fr\/defense-les-start-up-se-fraient-une-route-vers-larmee-francaise\/","name":"D\u00e9fense : les start-up se fraient une route vers l\u2019arm\u00e9e fran\u00e7aise - GENERATE","isPartOf":{"@id":"https:\/\/generate.fr\/#website"},"primaryImageOfPage":{"@id":"https:\/\/generate.fr\/defense-les-start-up-se-fraient-une-route-vers-larmee-francaise\/#primaryimage"},"image":{"@id":"https:\/\/generate.fr\/defense-les-start-up-se-fraient-une-route-vers-larmee-francaise\/#primaryimage"},"thumbnailUrl":"https:\/\/generate.fr\/wp-content\/uploads\/2019\/06\/Les-\u00c9chos-1170x630.jpg","datePublished":"2019-04-01T18:48:40+00:00","dateModified":"2019-06-05T18:49:27+00:00","breadcrumb":{"@id":"https:\/\/generate.fr\/defense-les-start-up-se-fraient-une-route-vers-larmee-francaise\/#breadcrumb"},"inLanguage":"en-US","potentialAction":[{"@type":"ReadAction","target":["https:\/\/generate.fr\/defense-les-start-up-se-fraient-une-route-vers-larmee-francaise\/"]}]},{"@type":"ImageObject","inLanguage":"en-US","@id":"https:\/\/generate.fr\/defense-les-start-up-se-fraient-une-route-vers-larmee-francaise\/#primaryimage","url":"https:\/\/generate.fr\/wp-content\/uploads\/2019\/06\/Les-\u00c9chos-1170x630.jpg","contentUrl":"https:\/\/generate.fr\/wp-content\/uploads\/2019\/06\/Les-\u00c9chos-1170x630.jpg","width":1170,"height":630},{"@type":"BreadcrumbList","@id":"https:\/\/generate.fr\/defense-les-start-up-se-fraient-une-route-vers-larmee-francaise\/#breadcrumb","itemListElement":[{"@type":"ListItem","position":1,"name":"Accueil","item":"https:\/\/generate.fr\/"},{"@type":"ListItem","position":2,"name":"D\u00e9fense : les start-up se fraient une route vers l\u2019arm\u00e9e fran\u00e7aise"}]},{"@type":"WebSite","@id":"https:\/\/generate.fr\/#website","url":"https:\/\/generate.fr\/","name":"GENERATE","description":"Acc\u00e9l\u00e9rateur d&#039;innovation pour la D\u00e9fense et la S\u00e9curit\u00e9","publisher":{"@id":"https:\/\/generate.fr\/#organization"},"potentialAction":[{"@type":"SearchAction","target":{"@type":"EntryPoint","urlTemplate":"https:\/\/generate.fr\/?s={search_term_string}"},"query-input":{"@type":"PropertyValueSpecification","valueRequired":true,"valueName":"search_term_string"}}],"inLanguage":"en-US"},{"@type":"Organization","@id":"https:\/\/generate.fr\/#organization","name":"Generate","url":"https:\/\/generate.fr\/","logo":{"@type":"ImageObject","inLanguage":"en-US","@id":"https:\/\/generate.fr\/#\/schema\/logo\/image\/","url":"https:\/\/generate.fr\/wp-content\/uploads\/2019\/05\/Generate.png","contentUrl":"https:\/\/generate.fr\/wp-content\/uploads\/2019\/05\/Generate.png","width":1000,"height":316,"caption":"Generate"},"image":{"@id":"https:\/\/generate.fr\/#\/schema\/logo\/image\/"},"sameAs":["https:\/\/www.youtube.com\/channel\/UCsoYfr1MZdZT2bqI7CNN1Rw"]},{"@type":"Person","@id":"https:\/\/generate.fr\/#\/schema\/person\/2895efb6d641efb3170ace8678ace18c","name":"Thomas Kolbe","image":{"@type":"ImageObject","inLanguage":"en-US","@id":"https:\/\/secure.gravatar.com\/avatar\/528dc96708c82c0f0c26eba076b7ff225f08450c6a1be4d0b029763b2d76ef7a?s=96&d=mm&r=g","url":"https:\/\/secure.gravatar.com\/avatar\/528dc96708c82c0f0c26eba076b7ff225f08450c6a1be4d0b029763b2d76ef7a?s=96&d=mm&r=g","contentUrl":"https:\/\/secure.gravatar.com\/avatar\/528dc96708c82c0f0c26eba076b7ff225f08450c6a1be4d0b029763b2d76ef7a?s=96&d=mm&r=g","caption":"Thomas Kolbe"},"url":"https:\/\/generate.fr\/en\/author\/editeur\/"}]}},"_links":{"self":[{"href":"https:\/\/generate.fr\/en\/wp-json\/wp\/v2\/posts\/1901","targetHints":{"allow":["GET"]}}],"collection":[{"href":"https:\/\/generate.fr\/en\/wp-json\/wp\/v2\/posts"}],"about":[{"href":"https:\/\/generate.fr\/en\/wp-json\/wp\/v2\/types\/post"}],"author":[{"embeddable":true,"href":"https:\/\/generate.fr\/en\/wp-json\/wp\/v2\/users\/2"}],"replies":[{"embeddable":true,"href":"https:\/\/generate.fr\/en\/wp-json\/wp\/v2\/comments?post=1901"}],"version-history":[{"count":1,"href":"https:\/\/generate.fr\/en\/wp-json\/wp\/v2\/posts\/1901\/revisions"}],"predecessor-version":[{"id":1903,"href":"https:\/\/generate.fr\/en\/wp-json\/wp\/v2\/posts\/1901\/revisions\/1903"}],"wp:featuredmedia":[{"embeddable":true,"href":"https:\/\/generate.fr\/en\/wp-json\/wp\/v2\/media\/1902"}],"wp:attachment":[{"href":"https:\/\/generate.fr\/en\/wp-json\/wp\/v2\/media?parent=1901"}],"wp:term":[{"taxonomy":"category","embeddable":true,"href":"https:\/\/generate.fr\/en\/wp-json\/wp\/v2\/categories?post=1901"},{"taxonomy":"post_tag","embeddable":true,"href":"https:\/\/generate.fr\/en\/wp-json\/wp\/v2\/tags?post=1901"}],"curies":[{"name":"wp","href":"https:\/\/api.w.org\/{rel}","templated":true}]}}