{"id":2003,"date":"2018-07-07T14:32:25","date_gmt":"2018-07-07T14:32:25","guid":{"rendered":"https:\/\/generate.fr\/?p=2003"},"modified":"2019-06-07T14:33:50","modified_gmt":"2019-06-07T14:33:50","slug":"comment-flaminem-veut-aider-les-espions-francais","status":"publish","type":"post","link":"https:\/\/generate.fr\/en\/comment-flaminem-veut-aider-les-espions-francais\/","title":{"rendered":"Comment Flaminem veut aider les espions fran\u00e7ais"},"content":{"rendered":"<h2 class=\"chapo title_gamma\">Une start-up hexagonale dirig\u00e9e par un proche d'Emmanuel Macron veut proposer une alternative aux technologies am\u00e9ricaines.<\/h2>\n<p>La guerre du futur se conjugue au pr\u00e9sent. Des visiteurs \u00e9quip\u00e9s d'un casque de r\u00e9alit\u00e9 virtuelle se d\u00e9placent dans une zone de conflit. Plus loin, des drones de reconnaissance et des robots de combat tr\u00f4nent sur des stands, pr\u00eats \u00e0 \u00eatre vendus aux militaires. Au milieu des d\u00e9monstrations du Salon international de la d\u00e9fense et de la s\u00e9curit\u00e9 \u00e0 Villepinte (Seine-Saint-Denis), Eurosatory, un jeune homme sur une estrade prend la parole pour pr\u00e9senter une autre forme de lutte, bas\u00e9e, elle, sur l'information. D'embl\u00e9e, il engage les hostilit\u00e9s. \"Nous travaillons avec 30 gouvernements afin de les aider \u00e0 interpr\u00e9ter et \u00e0 visualiser des \u00e9l\u00e9ments pertinents cach\u00e9s dans de grands volumes de donn\u00e9es, parfois pour leurs services de renseignements, explique Gautier Cloix, directeur d\u00e9l\u00e9gu\u00e9 de la filiale hexagonale de l'am\u00e9ricain Palantir. Cela fait quinze ans que nous existons. Certains aimeraient voir \u00e9merger une alternative nationale, mais, \u00e0 mon avis, c'est une mauvaise id\u00e9e, un peu comme s'il fallait d\u00e9velopper un iPhone ou une PlayStation made in France.\"<\/p>\n<p>La charge vise une repr\u00e9sentante d'une start-up hexagonale, Flaminem, invit\u00e9e \u00e0 la discussion, mais qui s'est \u00e9clips\u00e9e au dernier moment. Gautier Cloix, le repr\u00e9sentant de la soci\u00e9t\u00e9 californienne, cr\u00e9\u00e9e en 2003 par Alex Karp, ne voit pas comment les Frenchies pourraient avoir les moyens de rivaliser avec ce mastodonte de l'analyse massive de donn\u00e9es, d\u00e9j\u00e0 valoris\u00e9 20 milliards de dollars. Apr\u00e8s tout,\u00a0<a href=\"https:\/\/lexpansion.lexpress.fr\/actualite-economique\/palantir-quand-la-cia-scrute-la-france_1909243.html\" target=\"_self\" rel=\"noopener noreferrer\">Palantir s'est forg\u00e9 une belle r\u00e9putation<\/a>\u00a0en aidant, para\u00eet-il, \u00e0 localiser Oussama ben Laden. Un fait d'armes jamais confirm\u00e9. En revanche, plusieurs grands groupes, comme Axa ou Airbus, ont, eux, bien fait appel \u00e0 ses comp\u00e9tences. Mais c'est un autre contrat, sign\u00e9 avec la Direction g\u00e9n\u00e9rale de la s\u00e9curit\u00e9 int\u00e9rieure (DGSI), dans le cadre de la lutte contre le terrorisme, qui a cr\u00e9\u00e9 une pol\u00e9mique en 2016. Comment un service de renseignements fran\u00e7ais pouvait-il s'\u00e9quiper d'une technologie am\u00e9ricaine, financ\u00e9e \u00e0 ses d\u00e9buts, qui plus est, par le fonds d'investissement de la CIA, In-Q-Tel ?<\/p>\n<h3 class=\"intertitre title_delta\">\"On ne peut plus faire confiance aux Etats-Unis\"<\/h3>\n<p>\"Ce fut un d\u00e9clic, on ne pouvait pas laisser faire cela, explique Edouard T\u00e9treau, essayiste et conseiller de dirigeants d'entreprise. Imagineriez-vous des groupes strat\u00e9giques dans le domaine de la dissuasion nucl\u00e9aire confier leur comptabilit\u00e9 \u00e0 des cabinets d'audit am\u00e9ricains et voir leurs donn\u00e9es sensibles partir \u00e0 Washington ?\"<\/p>\n<p>Le quadrag\u00e9naire tente alors de soutenir une initiative hexagonale au travers d'une toute jeune pousse, Flaminem. Fond\u00e9e en 2013 par Thomas Serval, un ancien de Google, et Matthieu Delporte, cofondateur de la start-up Baracoda, sp\u00e9cialiste des objets connect\u00e9s, l'entreprise tire son nom de<em>\u00a0<\/em>\"flamines\", des pr\u00eatres de la Rome antique attach\u00e9s au culte d'un m\u00eame dieu. Ses technologies \u00e9taient initialement destin\u00e9es au domaine de la finance afin de pr\u00e9dire des d\u00e9fauts de paiements ou des comportements d'achats des clients en interpr\u00e9tant de grandes masses d'informations. Mais elles tentent, depuis peu, de s'adresser aussi au monde de la s\u00e9curit\u00e9 et du renseignement.<\/p>\n<p>Un virage initi\u00e9 par Guillaume Prunier, arriv\u00e9 l'an dernier. Cet ancien conseiller d'Emmanuel Macron, charg\u00e9 de l'innovation lorsqu'il \u00e9tait \u00e0 Bercy, a rejoint la soci\u00e9t\u00e9 en 2017 \u00e0 la demande de Thomas Serval, pour en prendre la direction g\u00e9n\u00e9rale. \"Il est venu me voir avec Edouard T\u00e9treau pour me pr\u00e9senter leur projet, et j'ai tout de suite accept\u00e9 de les aider, se souvient Alain Juillet, ancien directeur du renseignement \u00e0 la DGSE et pr\u00e9sident-fondateur de l'Association de lutte contre le commerce illicite. De nouvelles lois am\u00e9ricaines permettent aux autorit\u00e9s de r\u00e9cup\u00e9rer toutes les donn\u00e9es du monde entier\u00a0<a href=\"https:\/\/www.lesechos.fr\/idees-debats\/cercle\/cercle-181295-le-cloud-act-une-nouvelle-loi-qui-renforce-lingerence-des-autorites-americaines-sur-les-operateurs-de-cloud-des-us-2167111.php\" target=\"_blank\" rel=\"noopener noreferrer\">stock\u00e9es par Microsoft ou Google (le \"Cloud Act\")<\/a>, et le pr\u00e9sident Trump peut briser n'importe quel accord avec un pays du jour au lendemain. On ne peut plus faire confiance aux Etats-Unis.\"<\/p>\n<p>Parce qu'elles partagent ses inqui\u00e9tudes, d'autres personnalit\u00e9s ont rejoint le comit\u00e9 strat\u00e9gique de Flaminem : l'ancien PDG de la Soci\u00e9t\u00e9 g\u00e9n\u00e9rale, Daniel Bouton, l'ex-dirigeant de Pernod Ricard, Pierre Pringuet, ou encore le chef d'\u00e9tat-major des arm\u00e9es sous Nicolas Sarkozy, Edouard Guillaud. Cet ar\u00e9opage n'a pas encore permis de lever davantage d'argent pour acc\u00e9l\u00e9rer son d\u00e9veloppement. La start-up, qui estime ne pas concurrencer compl\u00e8tement Palantir, pense pouvoir pallier son retard avec des moyens suppl\u00e9mentaires. L'am\u00e9ricain est en quasi situation de monopole avec plus de 500 millions de dollars d\u00e9j\u00e0 investis dans son d\u00e9veloppement et des filiales pr\u00e9sentes un peu partout sur la plan\u00e8te. \"Mais les barri\u00e8res techniques et financi\u00e8res se sont affaiss\u00e9es, estime Thomas Serval, pr\u00e9sident de Flaminem. Les grands groupes d'Internet ont mis en libre circulation des briques technologiques que nous avons pu r\u00e9utiliser.\"<\/p>\n<h3 class=\"intertitre title_delta\">\"Un enjeu de souverainet\u00e9 europ\u00e9en\"<\/h3>\n<p>Flaminem, financ\u00e9e jusqu'ici par sa maison m\u00e8re, Baracoda, et plusieurs\u00a0<em>business angels,<\/em> cherche \u00e0 signer des contrats avec des minist\u00e8res r\u00e9galiens. La Direction g\u00e9n\u00e9rale de l'armement (DGA) pr\u00e9f\u00e8re, pour l'heure, travailler avec de grands groupes de service informatique, comme Atos ou CapGemini, et elle vient de lancer son propre programme d'analyse des donn\u00e9es massives, Art\u00e9mis, en s\u00e9lectionnant pour la premi\u00e8re phase de cr\u00e9ation Thales et Sopra Steria. A ses d\u00e9buts, Palantir avait pu b\u00e9n\u00e9ficier d'importants contrats d'Etat pour se lancer. \"Il s'agit d'un enjeu de souverainet\u00e9 europ\u00e9en, mais la volont\u00e9 politique ne s'est pas encore traduite dans les actes, regrette Guillaume Prunier. Nous devons ma\u00eetriser les technologies du domaine du renseignement, mais aussi celles de la r\u00e9gulation financi\u00e8re. Regardez comment les Am\u00e9ricains arrivent d\u00e9j\u00e0 \u00e0 imposer leurs lois en deh30ors de leurs fronti\u00e8res.\"<\/p>\n<p><a href=\"https:\/\/lexpansion.lexpress.fr\/high-tech\/flaminem-bouclier-des-espions-francais_2025898.html\"><strong>Source : L'expansion<\/strong><\/a><\/p>\n","protected":false},"excerpt":{"rendered":"<p>Une start-up hexagonale dirig\u00e9e par un proche d'Emmanuel Macron veut proposer une alternative aux technologies am\u00e9ricaines. La guerre du futur se conjugue au pr\u00e9sent. Des visiteurs \u00e9quip\u00e9s d'un casque de r\u00e9alit\u00e9 virtuelle se d\u00e9placent dans une zone de conflit. Plus loin, des drones de reconnaissance et des robots de combat tr\u00f4nent sur des stands, pr\u00eats [&hellip;]<\/p>\n","protected":false},"author":2,"featured_media":2004,"comment_status":"open","ping_status":"open","sticky":false,"template":"","format":"standard","meta":{"footnotes":""},"categories":[7],"tags":[27,17],"class_list":["post-2003","post","type-post","status-publish","format-standard","has-post-thumbnail","hentry","category-articles-itw","tag-flaminem","tag-generate","post-wrapper"],"yoast_head":"<!-- This site is optimized with the Yoast SEO plugin v27.4 - https:\/\/yoast.com\/product\/yoast-seo-wordpress\/ -->\n<title>Comment Flaminem veut aider les espions fran\u00e7ais - GENERATE<\/title>\n<meta name=\"robots\" content=\"index, follow, max-snippet:-1, max-image-preview:large, max-video-preview:-1\" \/>\n<link rel=\"canonical\" href=\"https:\/\/generate.fr\/comment-flaminem-veut-aider-les-espions-francais\/\" \/>\n<meta property=\"og:locale\" content=\"en_US\" \/>\n<meta property=\"og:type\" content=\"article\" \/>\n<meta property=\"og:title\" content=\"Comment Flaminem veut aider les espions fran\u00e7ais - GENERATE\" \/>\n<meta property=\"og:description\" content=\"Une start-up hexagonale dirig\u00e9e par un proche d&#039;Emmanuel Macron veut proposer une alternative aux technologies am\u00e9ricaines. La guerre du futur se conjugue au pr\u00e9sent. Des visiteurs \u00e9quip\u00e9s d&#039;un casque de r\u00e9alit\u00e9 virtuelle se d\u00e9placent dans une zone de conflit. Plus loin, des drones de reconnaissance et des robots de combat tr\u00f4nent sur des stands, pr\u00eats\" \/>\n<meta property=\"og:url\" content=\"https:\/\/generate.fr\/comment-flaminem-veut-aider-les-espions-francais\/\" \/>\n<meta property=\"og:site_name\" content=\"GENERATE\" \/>\n<meta property=\"article:published_time\" content=\"2018-07-07T14:32:25+00:00\" \/>\n<meta property=\"article:modified_time\" content=\"2019-06-07T14:33:50+00:00\" \/>\n<meta property=\"og:image\" content=\"https:\/\/generate.fr\/wp-content\/uploads\/2019\/06\/les-locaux-de-la-direction-generale-de-la-securite-interieure-dgsi-a-levallois-perret-hauts-de-seine-le-22-aout-2015_5762237.jpg\" \/>\n\t<meta property=\"og:image:width\" content=\"960\" \/>\n\t<meta property=\"og:image:height\" content=\"540\" \/>\n\t<meta property=\"og:image:type\" content=\"image\/jpeg\" \/>\n<meta name=\"author\" content=\"Thomas Kolbe\" \/>\n<meta name=\"twitter:card\" content=\"summary_large_image\" \/>\n<meta name=\"twitter:label1\" content=\"Written by\" \/>\n\t<meta name=\"twitter:data1\" content=\"Thomas Kolbe\" \/>\n\t<meta name=\"twitter:label2\" content=\"Est. reading time\" \/>\n\t<meta name=\"twitter:data2\" content=\"5 minutes\" \/>\n<script type=\"application\/ld+json\" class=\"yoast-schema-graph\">{\"@context\":\"https:\\\/\\\/schema.org\",\"@graph\":[{\"@type\":\"Article\",\"@id\":\"https:\\\/\\\/generate.fr\\\/comment-flaminem-veut-aider-les-espions-francais\\\/#article\",\"isPartOf\":{\"@id\":\"https:\\\/\\\/generate.fr\\\/comment-flaminem-veut-aider-les-espions-francais\\\/\"},\"author\":{\"name\":\"Thomas Kolbe\",\"@id\":\"https:\\\/\\\/generate.fr\\\/#\\\/schema\\\/person\\\/2895efb6d641efb3170ace8678ace18c\"},\"headline\":\"Comment Flaminem veut aider les espions fran\u00e7ais\",\"datePublished\":\"2018-07-07T14:32:25+00:00\",\"dateModified\":\"2019-06-07T14:33:50+00:00\",\"mainEntityOfPage\":{\"@id\":\"https:\\\/\\\/generate.fr\\\/comment-flaminem-veut-aider-les-espions-francais\\\/\"},\"wordCount\":1053,\"commentCount\":0,\"publisher\":{\"@id\":\"https:\\\/\\\/generate.fr\\\/#organization\"},\"image\":{\"@id\":\"https:\\\/\\\/generate.fr\\\/comment-flaminem-veut-aider-les-espions-francais\\\/#primaryimage\"},\"thumbnailUrl\":\"https:\\\/\\\/generate.fr\\\/wp-content\\\/uploads\\\/2019\\\/06\\\/les-locaux-de-la-direction-generale-de-la-securite-interieure-dgsi-a-levallois-perret-hauts-de-seine-le-22-aout-2015_5762237.jpg\",\"keywords\":[\"flaminem\",\"GENERATE\"],\"articleSection\":[\"Articles &amp; ITW\"],\"inLanguage\":\"en-US\",\"potentialAction\":[{\"@type\":\"CommentAction\",\"name\":\"Comment\",\"target\":[\"https:\\\/\\\/generate.fr\\\/comment-flaminem-veut-aider-les-espions-francais\\\/#respond\"]}]},{\"@type\":\"WebPage\",\"@id\":\"https:\\\/\\\/generate.fr\\\/comment-flaminem-veut-aider-les-espions-francais\\\/\",\"url\":\"https:\\\/\\\/generate.fr\\\/comment-flaminem-veut-aider-les-espions-francais\\\/\",\"name\":\"Comment Flaminem veut aider les espions fran\u00e7ais - GENERATE\",\"isPartOf\":{\"@id\":\"https:\\\/\\\/generate.fr\\\/#website\"},\"primaryImageOfPage\":{\"@id\":\"https:\\\/\\\/generate.fr\\\/comment-flaminem-veut-aider-les-espions-francais\\\/#primaryimage\"},\"image\":{\"@id\":\"https:\\\/\\\/generate.fr\\\/comment-flaminem-veut-aider-les-espions-francais\\\/#primaryimage\"},\"thumbnailUrl\":\"https:\\\/\\\/generate.fr\\\/wp-content\\\/uploads\\\/2019\\\/06\\\/les-locaux-de-la-direction-generale-de-la-securite-interieure-dgsi-a-levallois-perret-hauts-de-seine-le-22-aout-2015_5762237.jpg\",\"datePublished\":\"2018-07-07T14:32:25+00:00\",\"dateModified\":\"2019-06-07T14:33:50+00:00\",\"breadcrumb\":{\"@id\":\"https:\\\/\\\/generate.fr\\\/comment-flaminem-veut-aider-les-espions-francais\\\/#breadcrumb\"},\"inLanguage\":\"en-US\",\"potentialAction\":[{\"@type\":\"ReadAction\",\"target\":[\"https:\\\/\\\/generate.fr\\\/comment-flaminem-veut-aider-les-espions-francais\\\/\"]}]},{\"@type\":\"ImageObject\",\"inLanguage\":\"en-US\",\"@id\":\"https:\\\/\\\/generate.fr\\\/comment-flaminem-veut-aider-les-espions-francais\\\/#primaryimage\",\"url\":\"https:\\\/\\\/generate.fr\\\/wp-content\\\/uploads\\\/2019\\\/06\\\/les-locaux-de-la-direction-generale-de-la-securite-interieure-dgsi-a-levallois-perret-hauts-de-seine-le-22-aout-2015_5762237.jpg\",\"contentUrl\":\"https:\\\/\\\/generate.fr\\\/wp-content\\\/uploads\\\/2019\\\/06\\\/les-locaux-de-la-direction-generale-de-la-securite-interieure-dgsi-a-levallois-perret-hauts-de-seine-le-22-aout-2015_5762237.jpg\",\"width\":960,\"height\":540},{\"@type\":\"BreadcrumbList\",\"@id\":\"https:\\\/\\\/generate.fr\\\/comment-flaminem-veut-aider-les-espions-francais\\\/#breadcrumb\",\"itemListElement\":[{\"@type\":\"ListItem\",\"position\":1,\"name\":\"Accueil\",\"item\":\"https:\\\/\\\/generate.fr\\\/\"},{\"@type\":\"ListItem\",\"position\":2,\"name\":\"Comment Flaminem veut aider les espions fran\u00e7ais\"}]},{\"@type\":\"WebSite\",\"@id\":\"https:\\\/\\\/generate.fr\\\/#website\",\"url\":\"https:\\\/\\\/generate.fr\\\/\",\"name\":\"GENERATE\",\"description\":\"Acc\u00e9l\u00e9rateur d&#039;innovation pour la D\u00e9fense et la S\u00e9curit\u00e9\",\"publisher\":{\"@id\":\"https:\\\/\\\/generate.fr\\\/#organization\"},\"potentialAction\":[{\"@type\":\"SearchAction\",\"target\":{\"@type\":\"EntryPoint\",\"urlTemplate\":\"https:\\\/\\\/generate.fr\\\/?s={search_term_string}\"},\"query-input\":{\"@type\":\"PropertyValueSpecification\",\"valueRequired\":true,\"valueName\":\"search_term_string\"}}],\"inLanguage\":\"en-US\"},{\"@type\":\"Organization\",\"@id\":\"https:\\\/\\\/generate.fr\\\/#organization\",\"name\":\"Generate\",\"url\":\"https:\\\/\\\/generate.fr\\\/\",\"logo\":{\"@type\":\"ImageObject\",\"inLanguage\":\"en-US\",\"@id\":\"https:\\\/\\\/generate.fr\\\/#\\\/schema\\\/logo\\\/image\\\/\",\"url\":\"https:\\\/\\\/generate.fr\\\/wp-content\\\/uploads\\\/2019\\\/05\\\/Generate.png\",\"contentUrl\":\"https:\\\/\\\/generate.fr\\\/wp-content\\\/uploads\\\/2019\\\/05\\\/Generate.png\",\"width\":1000,\"height\":316,\"caption\":\"Generate\"},\"image\":{\"@id\":\"https:\\\/\\\/generate.fr\\\/#\\\/schema\\\/logo\\\/image\\\/\"},\"sameAs\":[\"https:\\\/\\\/www.youtube.com\\\/channel\\\/UCsoYfr1MZdZT2bqI7CNN1Rw\"]},{\"@type\":\"Person\",\"@id\":\"https:\\\/\\\/generate.fr\\\/#\\\/schema\\\/person\\\/2895efb6d641efb3170ace8678ace18c\",\"name\":\"Thomas Kolbe\",\"image\":{\"@type\":\"ImageObject\",\"inLanguage\":\"en-US\",\"@id\":\"https:\\\/\\\/secure.gravatar.com\\\/avatar\\\/528dc96708c82c0f0c26eba076b7ff225f08450c6a1be4d0b029763b2d76ef7a?s=96&d=mm&r=g\",\"url\":\"https:\\\/\\\/secure.gravatar.com\\\/avatar\\\/528dc96708c82c0f0c26eba076b7ff225f08450c6a1be4d0b029763b2d76ef7a?s=96&d=mm&r=g\",\"contentUrl\":\"https:\\\/\\\/secure.gravatar.com\\\/avatar\\\/528dc96708c82c0f0c26eba076b7ff225f08450c6a1be4d0b029763b2d76ef7a?s=96&d=mm&r=g\",\"caption\":\"Thomas Kolbe\"},\"url\":\"https:\\\/\\\/generate.fr\\\/en\\\/author\\\/editeur\\\/\"}]}<\/script>\n<!-- \/ Yoast SEO plugin. -->","yoast_head_json":{"title":"Comment Flaminem veut aider les espions fran\u00e7ais - GENERATE","robots":{"index":"index","follow":"follow","max-snippet":"max-snippet:-1","max-image-preview":"max-image-preview:large","max-video-preview":"max-video-preview:-1"},"canonical":"https:\/\/generate.fr\/comment-flaminem-veut-aider-les-espions-francais\/","og_locale":"en_US","og_type":"article","og_title":"Comment Flaminem veut aider les espions fran\u00e7ais - GENERATE","og_description":"Une start-up hexagonale dirig\u00e9e par un proche d'Emmanuel Macron veut proposer une alternative aux technologies am\u00e9ricaines. La guerre du futur se conjugue au pr\u00e9sent. Des visiteurs \u00e9quip\u00e9s d'un casque de r\u00e9alit\u00e9 virtuelle se d\u00e9placent dans une zone de conflit. Plus loin, des drones de reconnaissance et des robots de combat tr\u00f4nent sur des stands, pr\u00eats","og_url":"https:\/\/generate.fr\/comment-flaminem-veut-aider-les-espions-francais\/","og_site_name":"GENERATE","article_published_time":"2018-07-07T14:32:25+00:00","article_modified_time":"2019-06-07T14:33:50+00:00","og_image":[{"width":960,"height":540,"url":"https:\/\/generate.fr\/wp-content\/uploads\/2019\/06\/les-locaux-de-la-direction-generale-de-la-securite-interieure-dgsi-a-levallois-perret-hauts-de-seine-le-22-aout-2015_5762237.jpg","type":"image\/jpeg"}],"author":"Thomas Kolbe","twitter_card":"summary_large_image","twitter_misc":{"Written by":"Thomas Kolbe","Est. reading time":"5 minutes"},"schema":{"@context":"https:\/\/schema.org","@graph":[{"@type":"Article","@id":"https:\/\/generate.fr\/comment-flaminem-veut-aider-les-espions-francais\/#article","isPartOf":{"@id":"https:\/\/generate.fr\/comment-flaminem-veut-aider-les-espions-francais\/"},"author":{"name":"Thomas Kolbe","@id":"https:\/\/generate.fr\/#\/schema\/person\/2895efb6d641efb3170ace8678ace18c"},"headline":"Comment Flaminem veut aider les espions fran\u00e7ais","datePublished":"2018-07-07T14:32:25+00:00","dateModified":"2019-06-07T14:33:50+00:00","mainEntityOfPage":{"@id":"https:\/\/generate.fr\/comment-flaminem-veut-aider-les-espions-francais\/"},"wordCount":1053,"commentCount":0,"publisher":{"@id":"https:\/\/generate.fr\/#organization"},"image":{"@id":"https:\/\/generate.fr\/comment-flaminem-veut-aider-les-espions-francais\/#primaryimage"},"thumbnailUrl":"https:\/\/generate.fr\/wp-content\/uploads\/2019\/06\/les-locaux-de-la-direction-generale-de-la-securite-interieure-dgsi-a-levallois-perret-hauts-de-seine-le-22-aout-2015_5762237.jpg","keywords":["flaminem","GENERATE"],"articleSection":["Articles &amp; ITW"],"inLanguage":"en-US","potentialAction":[{"@type":"CommentAction","name":"Comment","target":["https:\/\/generate.fr\/comment-flaminem-veut-aider-les-espions-francais\/#respond"]}]},{"@type":"WebPage","@id":"https:\/\/generate.fr\/comment-flaminem-veut-aider-les-espions-francais\/","url":"https:\/\/generate.fr\/comment-flaminem-veut-aider-les-espions-francais\/","name":"Comment Flaminem veut aider les espions fran\u00e7ais - GENERATE","isPartOf":{"@id":"https:\/\/generate.fr\/#website"},"primaryImageOfPage":{"@id":"https:\/\/generate.fr\/comment-flaminem-veut-aider-les-espions-francais\/#primaryimage"},"image":{"@id":"https:\/\/generate.fr\/comment-flaminem-veut-aider-les-espions-francais\/#primaryimage"},"thumbnailUrl":"https:\/\/generate.fr\/wp-content\/uploads\/2019\/06\/les-locaux-de-la-direction-generale-de-la-securite-interieure-dgsi-a-levallois-perret-hauts-de-seine-le-22-aout-2015_5762237.jpg","datePublished":"2018-07-07T14:32:25+00:00","dateModified":"2019-06-07T14:33:50+00:00","breadcrumb":{"@id":"https:\/\/generate.fr\/comment-flaminem-veut-aider-les-espions-francais\/#breadcrumb"},"inLanguage":"en-US","potentialAction":[{"@type":"ReadAction","target":["https:\/\/generate.fr\/comment-flaminem-veut-aider-les-espions-francais\/"]}]},{"@type":"ImageObject","inLanguage":"en-US","@id":"https:\/\/generate.fr\/comment-flaminem-veut-aider-les-espions-francais\/#primaryimage","url":"https:\/\/generate.fr\/wp-content\/uploads\/2019\/06\/les-locaux-de-la-direction-generale-de-la-securite-interieure-dgsi-a-levallois-perret-hauts-de-seine-le-22-aout-2015_5762237.jpg","contentUrl":"https:\/\/generate.fr\/wp-content\/uploads\/2019\/06\/les-locaux-de-la-direction-generale-de-la-securite-interieure-dgsi-a-levallois-perret-hauts-de-seine-le-22-aout-2015_5762237.jpg","width":960,"height":540},{"@type":"BreadcrumbList","@id":"https:\/\/generate.fr\/comment-flaminem-veut-aider-les-espions-francais\/#breadcrumb","itemListElement":[{"@type":"ListItem","position":1,"name":"Accueil","item":"https:\/\/generate.fr\/"},{"@type":"ListItem","position":2,"name":"Comment Flaminem veut aider les espions fran\u00e7ais"}]},{"@type":"WebSite","@id":"https:\/\/generate.fr\/#website","url":"https:\/\/generate.fr\/","name":"GENERATE","description":"Acc\u00e9l\u00e9rateur d&#039;innovation pour la D\u00e9fense et la S\u00e9curit\u00e9","publisher":{"@id":"https:\/\/generate.fr\/#organization"},"potentialAction":[{"@type":"SearchAction","target":{"@type":"EntryPoint","urlTemplate":"https:\/\/generate.fr\/?s={search_term_string}"},"query-input":{"@type":"PropertyValueSpecification","valueRequired":true,"valueName":"search_term_string"}}],"inLanguage":"en-US"},{"@type":"Organization","@id":"https:\/\/generate.fr\/#organization","name":"Generate","url":"https:\/\/generate.fr\/","logo":{"@type":"ImageObject","inLanguage":"en-US","@id":"https:\/\/generate.fr\/#\/schema\/logo\/image\/","url":"https:\/\/generate.fr\/wp-content\/uploads\/2019\/05\/Generate.png","contentUrl":"https:\/\/generate.fr\/wp-content\/uploads\/2019\/05\/Generate.png","width":1000,"height":316,"caption":"Generate"},"image":{"@id":"https:\/\/generate.fr\/#\/schema\/logo\/image\/"},"sameAs":["https:\/\/www.youtube.com\/channel\/UCsoYfr1MZdZT2bqI7CNN1Rw"]},{"@type":"Person","@id":"https:\/\/generate.fr\/#\/schema\/person\/2895efb6d641efb3170ace8678ace18c","name":"Thomas Kolbe","image":{"@type":"ImageObject","inLanguage":"en-US","@id":"https:\/\/secure.gravatar.com\/avatar\/528dc96708c82c0f0c26eba076b7ff225f08450c6a1be4d0b029763b2d76ef7a?s=96&d=mm&r=g","url":"https:\/\/secure.gravatar.com\/avatar\/528dc96708c82c0f0c26eba076b7ff225f08450c6a1be4d0b029763b2d76ef7a?s=96&d=mm&r=g","contentUrl":"https:\/\/secure.gravatar.com\/avatar\/528dc96708c82c0f0c26eba076b7ff225f08450c6a1be4d0b029763b2d76ef7a?s=96&d=mm&r=g","caption":"Thomas Kolbe"},"url":"https:\/\/generate.fr\/en\/author\/editeur\/"}]}},"_links":{"self":[{"href":"https:\/\/generate.fr\/en\/wp-json\/wp\/v2\/posts\/2003","targetHints":{"allow":["GET"]}}],"collection":[{"href":"https:\/\/generate.fr\/en\/wp-json\/wp\/v2\/posts"}],"about":[{"href":"https:\/\/generate.fr\/en\/wp-json\/wp\/v2\/types\/post"}],"author":[{"embeddable":true,"href":"https:\/\/generate.fr\/en\/wp-json\/wp\/v2\/users\/2"}],"replies":[{"embeddable":true,"href":"https:\/\/generate.fr\/en\/wp-json\/wp\/v2\/comments?post=2003"}],"version-history":[{"count":1,"href":"https:\/\/generate.fr\/en\/wp-json\/wp\/v2\/posts\/2003\/revisions"}],"predecessor-version":[{"id":2005,"href":"https:\/\/generate.fr\/en\/wp-json\/wp\/v2\/posts\/2003\/revisions\/2005"}],"wp:featuredmedia":[{"embeddable":true,"href":"https:\/\/generate.fr\/en\/wp-json\/wp\/v2\/media\/2004"}],"wp:attachment":[{"href":"https:\/\/generate.fr\/en\/wp-json\/wp\/v2\/media?parent=2003"}],"wp:term":[{"taxonomy":"category","embeddable":true,"href":"https:\/\/generate.fr\/en\/wp-json\/wp\/v2\/categories?post=2003"},{"taxonomy":"post_tag","embeddable":true,"href":"https:\/\/generate.fr\/en\/wp-json\/wp\/v2\/tags?post=2003"}],"curies":[{"name":"wp","href":"https:\/\/api.w.org\/{rel}","templated":true}]}}