{"id":2104,"date":"2019-06-20T16:07:31","date_gmt":"2019-06-20T16:07:31","guid":{"rendered":"https:\/\/generate.fr\/?p=2104"},"modified":"2019-06-20T16:07:31","modified_gmt":"2019-06-20T16:07:31","slug":"un-boitier-de-mesure-de-la-radioactivite-de-la-start-up-icohup-au-salon-du-bourget","status":"publish","type":"post","link":"https:\/\/generate.fr\/en\/un-boitier-de-mesure-de-la-radioactivite-de-la-start-up-icohup-au-salon-du-bourget\/","title":{"rendered":"Un bo\u00eetier de mesure de la radioactivit\u00e9 de la start-up Icohup au salon du Bourget"},"content":{"rendered":"<div class=\"c-soustitre\">Destin\u00e9 au grand public et inclus dans un projet citoyen, un bo\u00eetier de mesure de la radioactivit\u00e9 de la start-up limougeaude Icohup b\u00e9n\u00e9ficie d\u2019un partenariat de l\u2019Institut de radioprotection et de s\u00fbret\u00e9 nucl\u00e9aire. Ce nouveau produit sera pr\u00e9sent\u00e9 du 17 au 23 juin au salon du Bourget.<\/div>\n<div class=\"p402_premium\">\n<div class=\"texte entry-content\">\n<p><strong>IRSN.<\/strong>\u00a0Dans le monde du nucl\u00e9aire et de la radioactivit\u00e9, cette estampille, celle de l\u2019Institut de radioprotection et de s\u00fbret\u00e9 nucl\u00e9aire, est tout \u00e0 la fois \u00ab\u00a0une marque forte\u00a0\u00bb, mais aussi \u00ab\u00a0une validation technique et technologique\u00a0\u00bb. Pr\u00e9sident de la start-up limougeaude Icohup et cr\u00e9ateur du bo\u00eetier Rium de contr\u00f4le de la radioactivit\u00e9, Ga\u00ebl Patton a pleinement conscience de l\u2019opportunit\u00e9 qui s\u2019offre \u00e0 son entreprise. Son nouveau produit<strong>, un boitier \u00ab\u00a0destin\u00e9 au grand public\u00a0\u00bb<\/strong>(prix\u00a0: 120\u00a0\u20ac), b\u00e9n\u00e9ficie d\u2019une \u00ab\u00a0licence de marque\u00a0\u00bb de l\u2019IRSN et sera pr\u00e9sent\u00e9 par l\u2019Institut au salon du Bourget du 17 au 23 juin. \u00ab\u00a0Pour nous, explique le jeune dirigeant de la soci\u00e9t\u00e9, c\u2019est vraiment int\u00e9ressant.\u00a0\u00bb<\/p>\n<h3>Souplesse d\u2019usage et d\u00e9mocratisation<\/h3>\n<p>Alors que ses pr\u00e9c\u00e9dents produits, davantage destin\u00e9s \u00ab\u00a0au secteur nucl\u00e9aire et de la sant\u00e9\u00a0\u00bb, pr\u00e9cise Ga\u00ebl Patton, offrent toujours \u00ab\u00a0de belles perspectives pour l\u2019avenir\u00a0\u00bb, ce nouveau bo\u00eetier, plus mince et moins grand que les pr\u00e9c\u00e9dents, veut faciliter une d\u00e9mocratisation de la mesure de la radioactivit\u00e9.<\/p>\n<div class=\"c-citation\">\n<p>\u00ab Ce boitier\u00a0est tr\u00e8s souple d\u2019usage. Ce qui correspond tr\u00e8s bien \u00e0 un usage du grand public. Petit plus, le plastique avec lequel il est con\u00e7u est fabriqu\u00e9 en Limousin, comme les composants \u00e9lectriques. \u00c7a fait partie de notre ADN.\u00a0\u00bb<\/p>\n<\/div>\n<p>Mais derri\u00e8re cette volont\u00e9-l\u00e0, se cache un autre projet, auquel le pedigree \u00e9cologique et citoyen d\u2019Icohup le destinait \u00e0 s\u2019int\u00e9grer\u00a0: la mesure et la saisie de la radioactivit\u00e9, naturelle ou non, par les habitants des diff\u00e9rentes r\u00e9gions, \u00e0 travers la plateforme Openradiation. Il s\u2019agit d\u2019<strong>une initiative \u00ab\u00a0participative \u00e0 but non lucratif et p\u00e9dagogique\u00a0<\/strong>\u00bb, pr\u00e9cise le site Internet men\u00e9e par quatre organismes travaillant dans diff\u00e9rents domaines\u00a0: IFFORME, l\u2019IRSN, Plan\u00e8te sciences et Sorbonne universit\u00e9.<\/p>\n<h3>\u00ab\u00a0Tout ici \u00a0pour r\u00e9ussir\u00a0\u00bb<\/h3>\n<p>\u00ab\u00a0Il y a deux axes majeurs pour ce projet, explicite Ga\u00ebl Patton\u00a0:\u00a0<strong>en cas d\u2019incident<\/strong>, que nous ne souhaitons \u00e9videmment pas,\u00a0<strong>cela permettrait d\u2019avoir un r\u00e9seau d\u00e9centralis\u00e9 de mesures<\/strong>. Mais il y a aussi toute une d\u00e9marche scientifique derri\u00e8re. Cela permettra d\u2019aller voir la radioactivit\u00e9 du sol et de l\u2019environnement, de mieux comprendre l\u2019impact des orages solaires ou les \u00e9missions \u00e9lectromagn\u00e9tiques des orages. Cela permettrait de cr\u00e9er une communaut\u00e9 scientifique et d\u2019avoir un grand nombre de mesures. Et pourquoi pas, si on r\u00eave d\u2019avoir un Prix Nobel commun attribu\u00e9 \u00e0 tous.\u00a0\u00bb<\/p>\n<p>Un projet exaltant comme le d\u00e9veloppement de la start-up limougeaude, dont la croissance va se poursuivre dans les mois qui viennent. \u00ab\u00a0Aujourd\u2019hui, on est neuf et si tout se passe bien, il va y avoir pas mal de recrutement dans les mois qui viennent\u00a0\u00bb, assure Ga\u00ebl Patton. Cons\u00e9quence,\u00a0<strong>Icohup pourrait \u00e9galement d\u00e9m\u00e9nager \u00e0 l\u2019automne\u00a0<\/strong>pour des locaux plus grands. \u00ab\u00a0On est un peu \u00e0 l\u2019\u00e9troit, reconna\u00eet le dirigeant, mais on ne va pas aller bien loin. On veut rester sur Ester car il y a tout pour r\u00e9ussir.\u00a0\u00bb<\/p>\n<p><a href=\"https:\/\/www.lepopulaire.fr\/limoges-87000\/actualites\/un-boitier-de-mesure-de-la-radioactivite-de-la-start-up-icohup-a-limoges-sera-presente-au-salon-du-bourget-a-paris_13581910\/\"><strong>Source : S\u00e9bastien Dubois \/ Le populaire du Centre<\/strong><\/a><\/p>\n<\/div>\n<\/div>\n","protected":false},"excerpt":{"rendered":"<p>Destin\u00e9 au grand public et inclus dans un projet citoyen, un bo\u00eetier de mesure de la radioactivit\u00e9 de la start-up limougeaude Icohup b\u00e9n\u00e9ficie d\u2019un partenariat de l\u2019Institut de radioprotection et de s\u00fbret\u00e9 nucl\u00e9aire. Ce nouveau produit sera pr\u00e9sent\u00e9 du 17 au 23 juin au salon du Bourget. IRSN.\u00a0Dans le monde du nucl\u00e9aire et de la [&hellip;]<\/p>\n","protected":false},"author":2,"featured_media":2105,"comment_status":"open","ping_status":"open","sticky":false,"template":"","format":"standard","meta":{"footnotes":""},"categories":[7],"tags":[17,28,10],"class_list":["post-2104","post","type-post","status-publish","format-standard","has-post-thumbnail","hentry","category-articles-itw","tag-generate","tag-icohup","tag-innovation","post-wrapper"],"yoast_head":"<!-- This site is optimized with the Yoast SEO plugin v27.4 - https:\/\/yoast.com\/product\/yoast-seo-wordpress\/ -->\n<title>Un bo\u00eetier de mesure de la radioactivit\u00e9 de la start-up Icohup au salon du Bourget - GENERATE<\/title>\n<meta name=\"robots\" content=\"index, follow, max-snippet:-1, max-image-preview:large, max-video-preview:-1\" \/>\n<link rel=\"canonical\" href=\"https:\/\/generate.fr\/un-boitier-de-mesure-de-la-radioactivite-de-la-start-up-icohup-au-salon-du-bourget\/\" \/>\n<meta property=\"og:locale\" content=\"en_US\" \/>\n<meta property=\"og:type\" content=\"article\" \/>\n<meta property=\"og:title\" content=\"Un bo\u00eetier de mesure de la radioactivit\u00e9 de la start-up Icohup au salon du Bourget - GENERATE\" \/>\n<meta property=\"og:description\" content=\"Destin\u00e9 au grand public et inclus dans un projet citoyen, un bo\u00eetier de mesure de la radioactivit\u00e9 de la start-up limougeaude Icohup b\u00e9n\u00e9ficie d\u2019un partenariat de l\u2019Institut de radioprotection et de s\u00fbret\u00e9 nucl\u00e9aire. Ce nouveau produit sera pr\u00e9sent\u00e9 du 17 au 23 juin au salon du Bourget. IRSN.\u00a0Dans le monde du nucl\u00e9aire et de la\" \/>\n<meta property=\"og:url\" content=\"https:\/\/generate.fr\/un-boitier-de-mesure-de-la-radioactivite-de-la-start-up-icohup-au-salon-du-bourget\/\" \/>\n<meta property=\"og:site_name\" content=\"GENERATE\" \/>\n<meta property=\"article:published_time\" content=\"2019-06-20T16:07:31+00:00\" \/>\n<meta property=\"og:image\" content=\"https:\/\/generate.fr\/wp-content\/uploads\/2019\/06\/lancement-officiel-du-1er-accelerateur-de-startups-french-te_4375791.jpeg\" \/>\n\t<meta property=\"og:image:width\" content=\"657\" \/>\n\t<meta property=\"og:image:height\" content=\"437\" \/>\n\t<meta property=\"og:image:type\" content=\"image\/jpeg\" \/>\n<meta name=\"author\" content=\"Thomas Kolbe\" \/>\n<meta name=\"twitter:card\" content=\"summary_large_image\" \/>\n<meta name=\"twitter:label1\" content=\"Written by\" \/>\n\t<meta name=\"twitter:data1\" content=\"Thomas Kolbe\" \/>\n\t<meta name=\"twitter:label2\" content=\"Est. reading time\" \/>\n\t<meta name=\"twitter:data2\" content=\"3 minutes\" \/>\n<script type=\"application\/ld+json\" class=\"yoast-schema-graph\">{\"@context\":\"https:\\\/\\\/schema.org\",\"@graph\":[{\"@type\":\"Article\",\"@id\":\"https:\\\/\\\/generate.fr\\\/un-boitier-de-mesure-de-la-radioactivite-de-la-start-up-icohup-au-salon-du-bourget\\\/#article\",\"isPartOf\":{\"@id\":\"https:\\\/\\\/generate.fr\\\/un-boitier-de-mesure-de-la-radioactivite-de-la-start-up-icohup-au-salon-du-bourget\\\/\"},\"author\":{\"name\":\"Thomas Kolbe\",\"@id\":\"https:\\\/\\\/generate.fr\\\/#\\\/schema\\\/person\\\/2895efb6d641efb3170ace8678ace18c\"},\"headline\":\"Un bo\u00eetier de mesure de la radioactivit\u00e9 de la start-up Icohup au salon du Bourget\",\"datePublished\":\"2019-06-20T16:07:31+00:00\",\"mainEntityOfPage\":{\"@id\":\"https:\\\/\\\/generate.fr\\\/un-boitier-de-mesure-de-la-radioactivite-de-la-start-up-icohup-au-salon-du-bourget\\\/\"},\"wordCount\":595,\"commentCount\":0,\"publisher\":{\"@id\":\"https:\\\/\\\/generate.fr\\\/#organization\"},\"image\":{\"@id\":\"https:\\\/\\\/generate.fr\\\/un-boitier-de-mesure-de-la-radioactivite-de-la-start-up-icohup-au-salon-du-bourget\\\/#primaryimage\"},\"thumbnailUrl\":\"https:\\\/\\\/generate.fr\\\/wp-content\\\/uploads\\\/2019\\\/06\\\/lancement-officiel-du-1er-accelerateur-de-startups-french-te_4375791.jpeg\",\"keywords\":[\"GENERATE\",\"icohup\",\"Innovation\"],\"articleSection\":[\"Articles &amp; ITW\"],\"inLanguage\":\"en-US\",\"potentialAction\":[{\"@type\":\"CommentAction\",\"name\":\"Comment\",\"target\":[\"https:\\\/\\\/generate.fr\\\/un-boitier-de-mesure-de-la-radioactivite-de-la-start-up-icohup-au-salon-du-bourget\\\/#respond\"]}]},{\"@type\":\"WebPage\",\"@id\":\"https:\\\/\\\/generate.fr\\\/un-boitier-de-mesure-de-la-radioactivite-de-la-start-up-icohup-au-salon-du-bourget\\\/\",\"url\":\"https:\\\/\\\/generate.fr\\\/un-boitier-de-mesure-de-la-radioactivite-de-la-start-up-icohup-au-salon-du-bourget\\\/\",\"name\":\"Un bo\u00eetier de mesure de la radioactivit\u00e9 de la start-up Icohup au salon du Bourget - GENERATE\",\"isPartOf\":{\"@id\":\"https:\\\/\\\/generate.fr\\\/#website\"},\"primaryImageOfPage\":{\"@id\":\"https:\\\/\\\/generate.fr\\\/un-boitier-de-mesure-de-la-radioactivite-de-la-start-up-icohup-au-salon-du-bourget\\\/#primaryimage\"},\"image\":{\"@id\":\"https:\\\/\\\/generate.fr\\\/un-boitier-de-mesure-de-la-radioactivite-de-la-start-up-icohup-au-salon-du-bourget\\\/#primaryimage\"},\"thumbnailUrl\":\"https:\\\/\\\/generate.fr\\\/wp-content\\\/uploads\\\/2019\\\/06\\\/lancement-officiel-du-1er-accelerateur-de-startups-french-te_4375791.jpeg\",\"datePublished\":\"2019-06-20T16:07:31+00:00\",\"breadcrumb\":{\"@id\":\"https:\\\/\\\/generate.fr\\\/un-boitier-de-mesure-de-la-radioactivite-de-la-start-up-icohup-au-salon-du-bourget\\\/#breadcrumb\"},\"inLanguage\":\"en-US\",\"potentialAction\":[{\"@type\":\"ReadAction\",\"target\":[\"https:\\\/\\\/generate.fr\\\/un-boitier-de-mesure-de-la-radioactivite-de-la-start-up-icohup-au-salon-du-bourget\\\/\"]}]},{\"@type\":\"ImageObject\",\"inLanguage\":\"en-US\",\"@id\":\"https:\\\/\\\/generate.fr\\\/un-boitier-de-mesure-de-la-radioactivite-de-la-start-up-icohup-au-salon-du-bourget\\\/#primaryimage\",\"url\":\"https:\\\/\\\/generate.fr\\\/wp-content\\\/uploads\\\/2019\\\/06\\\/lancement-officiel-du-1er-accelerateur-de-startups-french-te_4375791.jpeg\",\"contentUrl\":\"https:\\\/\\\/generate.fr\\\/wp-content\\\/uploads\\\/2019\\\/06\\\/lancement-officiel-du-1er-accelerateur-de-startups-french-te_4375791.jpeg\",\"width\":657,\"height\":437,\"caption\":\"Ga\u00ebl Patton\"},{\"@type\":\"BreadcrumbList\",\"@id\":\"https:\\\/\\\/generate.fr\\\/un-boitier-de-mesure-de-la-radioactivite-de-la-start-up-icohup-au-salon-du-bourget\\\/#breadcrumb\",\"itemListElement\":[{\"@type\":\"ListItem\",\"position\":1,\"name\":\"Accueil\",\"item\":\"https:\\\/\\\/generate.fr\\\/\"},{\"@type\":\"ListItem\",\"position\":2,\"name\":\"Un bo\u00eetier de mesure de la radioactivit\u00e9 de la start-up Icohup au salon du Bourget\"}]},{\"@type\":\"WebSite\",\"@id\":\"https:\\\/\\\/generate.fr\\\/#website\",\"url\":\"https:\\\/\\\/generate.fr\\\/\",\"name\":\"GENERATE\",\"description\":\"Acc\u00e9l\u00e9rateur d&#039;innovation pour la D\u00e9fense et la S\u00e9curit\u00e9\",\"publisher\":{\"@id\":\"https:\\\/\\\/generate.fr\\\/#organization\"},\"potentialAction\":[{\"@type\":\"SearchAction\",\"target\":{\"@type\":\"EntryPoint\",\"urlTemplate\":\"https:\\\/\\\/generate.fr\\\/?s={search_term_string}\"},\"query-input\":{\"@type\":\"PropertyValueSpecification\",\"valueRequired\":true,\"valueName\":\"search_term_string\"}}],\"inLanguage\":\"en-US\"},{\"@type\":\"Organization\",\"@id\":\"https:\\\/\\\/generate.fr\\\/#organization\",\"name\":\"Generate\",\"url\":\"https:\\\/\\\/generate.fr\\\/\",\"logo\":{\"@type\":\"ImageObject\",\"inLanguage\":\"en-US\",\"@id\":\"https:\\\/\\\/generate.fr\\\/#\\\/schema\\\/logo\\\/image\\\/\",\"url\":\"https:\\\/\\\/generate.fr\\\/wp-content\\\/uploads\\\/2019\\\/05\\\/Generate.png\",\"contentUrl\":\"https:\\\/\\\/generate.fr\\\/wp-content\\\/uploads\\\/2019\\\/05\\\/Generate.png\",\"width\":1000,\"height\":316,\"caption\":\"Generate\"},\"image\":{\"@id\":\"https:\\\/\\\/generate.fr\\\/#\\\/schema\\\/logo\\\/image\\\/\"},\"sameAs\":[\"https:\\\/\\\/www.youtube.com\\\/channel\\\/UCsoYfr1MZdZT2bqI7CNN1Rw\"]},{\"@type\":\"Person\",\"@id\":\"https:\\\/\\\/generate.fr\\\/#\\\/schema\\\/person\\\/2895efb6d641efb3170ace8678ace18c\",\"name\":\"Thomas Kolbe\",\"image\":{\"@type\":\"ImageObject\",\"inLanguage\":\"en-US\",\"@id\":\"https:\\\/\\\/secure.gravatar.com\\\/avatar\\\/528dc96708c82c0f0c26eba076b7ff225f08450c6a1be4d0b029763b2d76ef7a?s=96&d=mm&r=g\",\"url\":\"https:\\\/\\\/secure.gravatar.com\\\/avatar\\\/528dc96708c82c0f0c26eba076b7ff225f08450c6a1be4d0b029763b2d76ef7a?s=96&d=mm&r=g\",\"contentUrl\":\"https:\\\/\\\/secure.gravatar.com\\\/avatar\\\/528dc96708c82c0f0c26eba076b7ff225f08450c6a1be4d0b029763b2d76ef7a?s=96&d=mm&r=g\",\"caption\":\"Thomas Kolbe\"},\"url\":\"https:\\\/\\\/generate.fr\\\/en\\\/author\\\/editeur\\\/\"}]}<\/script>\n<!-- \/ Yoast SEO plugin. -->","yoast_head_json":{"title":"Un bo\u00eetier de mesure de la radioactivit\u00e9 de la start-up Icohup au salon du Bourget - GENERATE","robots":{"index":"index","follow":"follow","max-snippet":"max-snippet:-1","max-image-preview":"max-image-preview:large","max-video-preview":"max-video-preview:-1"},"canonical":"https:\/\/generate.fr\/un-boitier-de-mesure-de-la-radioactivite-de-la-start-up-icohup-au-salon-du-bourget\/","og_locale":"en_US","og_type":"article","og_title":"Un bo\u00eetier de mesure de la radioactivit\u00e9 de la start-up Icohup au salon du Bourget - GENERATE","og_description":"Destin\u00e9 au grand public et inclus dans un projet citoyen, un bo\u00eetier de mesure de la radioactivit\u00e9 de la start-up limougeaude Icohup b\u00e9n\u00e9ficie d\u2019un partenariat de l\u2019Institut de radioprotection et de s\u00fbret\u00e9 nucl\u00e9aire. Ce nouveau produit sera pr\u00e9sent\u00e9 du 17 au 23 juin au salon du Bourget. IRSN.\u00a0Dans le monde du nucl\u00e9aire et de la","og_url":"https:\/\/generate.fr\/un-boitier-de-mesure-de-la-radioactivite-de-la-start-up-icohup-au-salon-du-bourget\/","og_site_name":"GENERATE","article_published_time":"2019-06-20T16:07:31+00:00","og_image":[{"width":657,"height":437,"url":"https:\/\/generate.fr\/wp-content\/uploads\/2019\/06\/lancement-officiel-du-1er-accelerateur-de-startups-french-te_4375791.jpeg","type":"image\/jpeg"}],"author":"Thomas Kolbe","twitter_card":"summary_large_image","twitter_misc":{"Written by":"Thomas Kolbe","Est. reading time":"3 minutes"},"schema":{"@context":"https:\/\/schema.org","@graph":[{"@type":"Article","@id":"https:\/\/generate.fr\/un-boitier-de-mesure-de-la-radioactivite-de-la-start-up-icohup-au-salon-du-bourget\/#article","isPartOf":{"@id":"https:\/\/generate.fr\/un-boitier-de-mesure-de-la-radioactivite-de-la-start-up-icohup-au-salon-du-bourget\/"},"author":{"name":"Thomas Kolbe","@id":"https:\/\/generate.fr\/#\/schema\/person\/2895efb6d641efb3170ace8678ace18c"},"headline":"Un bo\u00eetier de mesure de la radioactivit\u00e9 de la start-up Icohup au salon du Bourget","datePublished":"2019-06-20T16:07:31+00:00","mainEntityOfPage":{"@id":"https:\/\/generate.fr\/un-boitier-de-mesure-de-la-radioactivite-de-la-start-up-icohup-au-salon-du-bourget\/"},"wordCount":595,"commentCount":0,"publisher":{"@id":"https:\/\/generate.fr\/#organization"},"image":{"@id":"https:\/\/generate.fr\/un-boitier-de-mesure-de-la-radioactivite-de-la-start-up-icohup-au-salon-du-bourget\/#primaryimage"},"thumbnailUrl":"https:\/\/generate.fr\/wp-content\/uploads\/2019\/06\/lancement-officiel-du-1er-accelerateur-de-startups-french-te_4375791.jpeg","keywords":["GENERATE","icohup","Innovation"],"articleSection":["Articles &amp; ITW"],"inLanguage":"en-US","potentialAction":[{"@type":"CommentAction","name":"Comment","target":["https:\/\/generate.fr\/un-boitier-de-mesure-de-la-radioactivite-de-la-start-up-icohup-au-salon-du-bourget\/#respond"]}]},{"@type":"WebPage","@id":"https:\/\/generate.fr\/un-boitier-de-mesure-de-la-radioactivite-de-la-start-up-icohup-au-salon-du-bourget\/","url":"https:\/\/generate.fr\/un-boitier-de-mesure-de-la-radioactivite-de-la-start-up-icohup-au-salon-du-bourget\/","name":"Un bo\u00eetier de mesure de la radioactivit\u00e9 de la start-up Icohup au salon du Bourget - GENERATE","isPartOf":{"@id":"https:\/\/generate.fr\/#website"},"primaryImageOfPage":{"@id":"https:\/\/generate.fr\/un-boitier-de-mesure-de-la-radioactivite-de-la-start-up-icohup-au-salon-du-bourget\/#primaryimage"},"image":{"@id":"https:\/\/generate.fr\/un-boitier-de-mesure-de-la-radioactivite-de-la-start-up-icohup-au-salon-du-bourget\/#primaryimage"},"thumbnailUrl":"https:\/\/generate.fr\/wp-content\/uploads\/2019\/06\/lancement-officiel-du-1er-accelerateur-de-startups-french-te_4375791.jpeg","datePublished":"2019-06-20T16:07:31+00:00","breadcrumb":{"@id":"https:\/\/generate.fr\/un-boitier-de-mesure-de-la-radioactivite-de-la-start-up-icohup-au-salon-du-bourget\/#breadcrumb"},"inLanguage":"en-US","potentialAction":[{"@type":"ReadAction","target":["https:\/\/generate.fr\/un-boitier-de-mesure-de-la-radioactivite-de-la-start-up-icohup-au-salon-du-bourget\/"]}]},{"@type":"ImageObject","inLanguage":"en-US","@id":"https:\/\/generate.fr\/un-boitier-de-mesure-de-la-radioactivite-de-la-start-up-icohup-au-salon-du-bourget\/#primaryimage","url":"https:\/\/generate.fr\/wp-content\/uploads\/2019\/06\/lancement-officiel-du-1er-accelerateur-de-startups-french-te_4375791.jpeg","contentUrl":"https:\/\/generate.fr\/wp-content\/uploads\/2019\/06\/lancement-officiel-du-1er-accelerateur-de-startups-french-te_4375791.jpeg","width":657,"height":437,"caption":"Ga\u00ebl Patton"},{"@type":"BreadcrumbList","@id":"https:\/\/generate.fr\/un-boitier-de-mesure-de-la-radioactivite-de-la-start-up-icohup-au-salon-du-bourget\/#breadcrumb","itemListElement":[{"@type":"ListItem","position":1,"name":"Accueil","item":"https:\/\/generate.fr\/"},{"@type":"ListItem","position":2,"name":"Un bo\u00eetier de mesure de la radioactivit\u00e9 de la start-up Icohup au salon du Bourget"}]},{"@type":"WebSite","@id":"https:\/\/generate.fr\/#website","url":"https:\/\/generate.fr\/","name":"GENERATE","description":"Acc\u00e9l\u00e9rateur d&#039;innovation pour la D\u00e9fense et la S\u00e9curit\u00e9","publisher":{"@id":"https:\/\/generate.fr\/#organization"},"potentialAction":[{"@type":"SearchAction","target":{"@type":"EntryPoint","urlTemplate":"https:\/\/generate.fr\/?s={search_term_string}"},"query-input":{"@type":"PropertyValueSpecification","valueRequired":true,"valueName":"search_term_string"}}],"inLanguage":"en-US"},{"@type":"Organization","@id":"https:\/\/generate.fr\/#organization","name":"Generate","url":"https:\/\/generate.fr\/","logo":{"@type":"ImageObject","inLanguage":"en-US","@id":"https:\/\/generate.fr\/#\/schema\/logo\/image\/","url":"https:\/\/generate.fr\/wp-content\/uploads\/2019\/05\/Generate.png","contentUrl":"https:\/\/generate.fr\/wp-content\/uploads\/2019\/05\/Generate.png","width":1000,"height":316,"caption":"Generate"},"image":{"@id":"https:\/\/generate.fr\/#\/schema\/logo\/image\/"},"sameAs":["https:\/\/www.youtube.com\/channel\/UCsoYfr1MZdZT2bqI7CNN1Rw"]},{"@type":"Person","@id":"https:\/\/generate.fr\/#\/schema\/person\/2895efb6d641efb3170ace8678ace18c","name":"Thomas Kolbe","image":{"@type":"ImageObject","inLanguage":"en-US","@id":"https:\/\/secure.gravatar.com\/avatar\/528dc96708c82c0f0c26eba076b7ff225f08450c6a1be4d0b029763b2d76ef7a?s=96&d=mm&r=g","url":"https:\/\/secure.gravatar.com\/avatar\/528dc96708c82c0f0c26eba076b7ff225f08450c6a1be4d0b029763b2d76ef7a?s=96&d=mm&r=g","contentUrl":"https:\/\/secure.gravatar.com\/avatar\/528dc96708c82c0f0c26eba076b7ff225f08450c6a1be4d0b029763b2d76ef7a?s=96&d=mm&r=g","caption":"Thomas Kolbe"},"url":"https:\/\/generate.fr\/en\/author\/editeur\/"}]}},"_links":{"self":[{"href":"https:\/\/generate.fr\/en\/wp-json\/wp\/v2\/posts\/2104","targetHints":{"allow":["GET"]}}],"collection":[{"href":"https:\/\/generate.fr\/en\/wp-json\/wp\/v2\/posts"}],"about":[{"href":"https:\/\/generate.fr\/en\/wp-json\/wp\/v2\/types\/post"}],"author":[{"embeddable":true,"href":"https:\/\/generate.fr\/en\/wp-json\/wp\/v2\/users\/2"}],"replies":[{"embeddable":true,"href":"https:\/\/generate.fr\/en\/wp-json\/wp\/v2\/comments?post=2104"}],"version-history":[{"count":1,"href":"https:\/\/generate.fr\/en\/wp-json\/wp\/v2\/posts\/2104\/revisions"}],"predecessor-version":[{"id":2106,"href":"https:\/\/generate.fr\/en\/wp-json\/wp\/v2\/posts\/2104\/revisions\/2106"}],"wp:featuredmedia":[{"embeddable":true,"href":"https:\/\/generate.fr\/en\/wp-json\/wp\/v2\/media\/2105"}],"wp:attachment":[{"href":"https:\/\/generate.fr\/en\/wp-json\/wp\/v2\/media?parent=2104"}],"wp:term":[{"taxonomy":"category","embeddable":true,"href":"https:\/\/generate.fr\/en\/wp-json\/wp\/v2\/categories?post=2104"},{"taxonomy":"post_tag","embeddable":true,"href":"https:\/\/generate.fr\/en\/wp-json\/wp\/v2\/tags?post=2104"}],"curies":[{"name":"wp","href":"https:\/\/api.w.org\/{rel}","templated":true}]}}