{"id":2139,"date":"2019-07-17T06:51:59","date_gmt":"2019-07-17T06:51:59","guid":{"rendered":"https:\/\/generate.fr\/?p=2139"},"modified":"2019-07-17T06:51:59","modified_gmt":"2019-07-17T06:51:59","slug":"a-man-on-a-flying-board-soars-above-bastille-day-crowds-in-paris","status":"publish","type":"post","link":"https:\/\/generate.fr\/en\/a-man-on-a-flying-board-soars-above-bastille-day-crowds-in-paris\/","title":{"rendered":"A man on a flying board soars above Bastille Day crowds in Paris"},"content":{"rendered":"<div class=\"el__leafmedia el__leafmedia--sourced-paragraph\">\n<p class=\"zn-body__paragraph speakable\"><cite class=\"el-editorial-source\">(CNN) <\/cite>A man soared over\u00a0<a href=\"https:\/\/www.cnn.com\/2019\/07\/13\/world\/bastille-day-french-protest-trnd\/index.html\" target=\"_blank\" rel=\"noopener noreferrer\">Bastille Day<\/a>\u00a0celebrations in Paris Sunday on a flying board, dazzling the crowd and President Emmanuel Macron.<\/p>\n<\/div>\n<div class=\"zn-body__paragraph speakable\">French inventor and entrepreneur\u00a0<a href=\"https:\/\/www.instagram.com\/frankyzapata\/\" target=\"_blank\" rel=\"noopener noreferrer\">Franky Zapata<\/a>\u00a0piloted the jet powered aerial vehicle, which he calls the\u00a0<a href=\"https:\/\/zapata.com\/air-products\/flyboardair\" target=\"_blank\" rel=\"noopener noreferrer\">Flyboard Air<\/a>.<\/div>\n<div><\/div>\n<div class=\"el__embedded el__embedded--fullwidth\">\n<div class=\"el__image--fullwidth js__image--fullwidth\">\n<div><img decoding=\"async\" class=\"media__image media__image--responsive\" src=\"https:\/\/cdn.cnn.com\/cnnnext\/dam\/assets\/190714203755-02-bastille-day-flyboard-exlarge-169.jpg\" alt=\"Zapata CEO Franky Zapata flies his jet-powered &amp;quot;Flyboard&amp;quot; over Bastille Day celebrations. \" data-src-mini=\"\/\/cdn.cnn.com\/cnnnext\/dam\/assets\/190714203755-02-bastille-day-flyboard-small-169.jpg\" data-src-xsmall=\"\/\/cdn.cnn.com\/cnnnext\/dam\/assets\/190714203755-02-bastille-day-flyboard-medium-plus-169.jpg\" data-src-small=\"\/\/cdn.cnn.com\/cnnnext\/dam\/assets\/190714203755-02-bastille-day-flyboard-large-169.jpg\" data-src-medium=\"\/\/cdn.cnn.com\/cnnnext\/dam\/assets\/190714203755-02-bastille-day-flyboard-exlarge-169.jpg\" data-src-large=\"\/\/cdn.cnn.com\/cnnnext\/dam\/assets\/190714203755-02-bastille-day-flyboard-super-169.jpg\" data-src-full16x9=\"\/\/cdn.cnn.com\/cnnnext\/dam\/assets\/190714203755-02-bastille-day-flyboard-full-169.jpg\" data-src-mini1x1=\"\/\/cdn.cnn.com\/cnnnext\/dam\/assets\/190714203755-02-bastille-day-flyboard-small-11.jpg\" data-demand-load=\"loaded\" data-eq-pts=\"mini: 0,  xsmall: 221,  small: 308,  medium: 461,  large:  781\" data-eq-state=\"mini xsmall small medium\" data-src=\"\/\/cdn.cnn.com\/cnnnext\/dam\/assets\/190714203755-02-bastille-day-flyboard-exlarge-169.jpg\" \/><\/p>\n<div class=\"img__preloader\"><\/div>\n<div class=\"media__caption el__gallery_image-title\">\n<div class=\"element-raw appearance-fullwidth\">Zapata CEO Franky Zapata flies his jet-powered \"Flyboard\" over Bastille Day celebrations.<\/div>\n<\/div>\n<\/div>\n<\/div>\n<\/div>\n<div class=\"zn-body__paragraph speakable\">Crowds cheered as Zapata circled above the Champs-Elysees during a military parade attended by Macron and political representatives from other European countries.<\/div>\n<div class=\"zn-body__paragraph\">Bastille Day marks a key moment in the French Revolution, when high taxes and a summer of famine in 1789 led French citizens to storm the Bastille, a military fortress and prison.<\/div>\n<div class=\"zn-body__paragraph\">This year's celebration honored European defense cooperation, drawing revelers and protesters.<\/div>\n<div class=\"zn-body__read-all\">\n<div class=\"zn-body__paragraph\">\"Proud of our army, modern and innovative,\" Macron said a tweet that included a video of the spectacle.<\/div>\n<div class=\"el__leafmedia el__leafmedia--twitter\">\n<div class=\"twembed el-embed-twitter\">\n<div class=\"SandboxRoot env-bp-350\" data-twitter-event-id=\"0\">\n<div id=\"twitter-widget-0\" class=\"EmbeddedTweet EmbeddedTweet--cta js-clickToOpenTarget tweet-InformationCircle-widgetParent\" lang=\"en\" data-click-to-open-target=\"https:\/\/twitter.com\/EmmanuelMacron\/status\/1150408570929917957\" data-iframe-title=\"Twitter Tweet\" data-scribe=\"page:tweet\" data-twitter-event-id=\"1\">\n<div class=\"EmbeddedTweet-tweetContainer\">\n<div class=\"EmbeddedTweet-tweet\">\n<blockquote class=\"Tweet h-entry js-tweetIdInfo subject expanded\" cite=\"https:\/\/twitter.com\/EmmanuelMacron\/status\/1150408570929917957\" data-tweet-id=\"1150408570929917957\" data-scribe=\"section:subject\">\n<div class=\"Tweet-body e-entry-content\" data-scribe=\"component:tweet\">\n<div class=\"Tweet-card\">\n<article class=\"MediaCard\n\n           cards-multimedia\n           customisable-border\" dir=\"ltr\" data-scribe=\"component:card\"><\/p>\n<div class=\"MediaCard-media\">\n<div class=\"MediaCard-widthConstraint js-cspForcedStyle\" data-style=\"max-width: 2000px\">\n<div class=\"MediaCard-mediaContainer MediaCard--roundedTop MediaCard--roundedBottom js-cspForcedStyle\" data-style=\"padding-bottom: 56.2500%\">\n<div class=\"NaturalImage-ctaOverlay PlayButton PlayButton--centered\" data-scribe=\"element:play_button\">\n<div class=\"Icon Icon--playCircle \" title=\"Play Media\" role=\"img\" aria-label=\"Play Media\"><\/div>\n<\/div>\n<p><a class=\"MediaCard-mediaAsset MediaCard-mediaPlaceholder NaturalImage NaturalImage--fill js-playableMediaInterstitial\" href=\"https:\/\/twitter.com\/EmmanuelMacron\/status\/1150408570929917957\"><img decoding=\"async\" class=\"NaturalImage-image\" src=\"https:\/\/pbs.twimg.com\/amplify_video_thumb\/1150403784058822656\/img\/D2BYT3DipZuJGWBO?format=jpg&amp;name=large\" alt=\"Embedded video\" data-image=\"https:\/\/pbs.twimg.com\/amplify_video_thumb\/1150403784058822656\/img\/D2BYT3DipZuJGWBO\" data-scribe=\"element:poster_image\" \/><\/a><\/div>\n<\/div>\n<\/div>\n<\/article>\n<\/div>\n<\/div>\n<\/blockquote>\n<\/div>\n<\/div>\n<\/div>\n<div class=\"resize-sensor\">\n<div class=\"resize-sensor-shrink\">\n<div><\/div>\n<\/div>\n<\/div>\n<\/div>\n<\/div>\n<\/div>\n<div class=\"zn-body__paragraph\">French special forces are interested in the flying board for different uses, including as a possible assault device, said Armed Forces Minister Florence Parly, according to\u00a0<a href=\"https:\/\/www.bfmtv.com\/societe\/sifflets-homme-volant-europe-ce-qu-il-faut-retenir-de-ce-14-juillet-1730494.html\" target=\"_blank\" rel=\"noopener noreferrer\">CNN affiliate BFMTV<\/a>.<\/div>\n<\/div>\n<div><\/div>\n<div><a href=\"https:\/\/edition.cnn.com\/2019\/07\/14\/europe\/flyboard-bastille-day\/index.html\"><strong>Source :\u00a0 CNN<\/strong><\/a><\/div>\n","protected":false},"excerpt":{"rendered":"<p>(CNN) A man soared over\u00a0Bastille Day\u00a0celebrations in Paris Sunday on a flying board, dazzling the crowd and President Emmanuel Macron. French inventor and entrepreneur\u00a0Franky Zapata\u00a0piloted the jet powered aerial vehicle, which he calls the\u00a0Flyboard Air. Zapata CEO Franky Zapata flies his jet-powered \"Flyboard\" over Bastille Day celebrations. Crowds cheered as Zapata circled above the Champs-Elysees [&hellip;]<\/p>\n","protected":false},"author":2,"featured_media":2140,"comment_status":"open","ping_status":"open","sticky":false,"template":"","format":"standard","meta":{"footnotes":""},"categories":[7],"tags":[15,17,10,50],"class_list":["post-2139","post","type-post","status-publish","format-standard","has-post-thumbnail","hentry","category-articles-itw","tag-defense","tag-generate","tag-innovation","tag-zapata","post-wrapper"],"yoast_head":"<!-- This site is optimized with the Yoast SEO plugin v27.4 - https:\/\/yoast.com\/product\/yoast-seo-wordpress\/ -->\n<title>A man on a flying board soars above Bastille Day crowds in Paris - GENERATE<\/title>\n<meta name=\"robots\" content=\"index, follow, max-snippet:-1, max-image-preview:large, max-video-preview:-1\" \/>\n<link rel=\"canonical\" href=\"https:\/\/generate.fr\/a-man-on-a-flying-board-soars-above-bastille-day-crowds-in-paris\/\" \/>\n<meta property=\"og:locale\" content=\"en_US\" \/>\n<meta property=\"og:type\" content=\"article\" \/>\n<meta property=\"og:title\" content=\"A man on a flying board soars above Bastille Day crowds in Paris - GENERATE\" \/>\n<meta property=\"og:description\" content=\"(CNN) A man soared over\u00a0Bastille Day\u00a0celebrations in Paris Sunday on a flying board, dazzling the crowd and President Emmanuel Macron. French inventor and entrepreneur\u00a0Franky Zapata\u00a0piloted the jet powered aerial vehicle, which he calls the\u00a0Flyboard Air. Zapata CEO Franky Zapata flies his jet-powered &quot;Flyboard&quot; over Bastille Day celebrations. Crowds cheered as Zapata circled above the Champs-Elysees\" \/>\n<meta property=\"og:url\" content=\"https:\/\/generate.fr\/a-man-on-a-flying-board-soars-above-bastille-day-crowds-in-paris\/\" \/>\n<meta property=\"og:site_name\" content=\"GENERATE\" \/>\n<meta property=\"article:published_time\" content=\"2019-07-17T06:51:59+00:00\" \/>\n<meta property=\"og:image\" content=\"https:\/\/generate.fr\/wp-content\/uploads\/2019\/07\/190714203755-02-bastille-day-flyboard-exlarge-169.jpg\" \/>\n\t<meta property=\"og:image:width\" content=\"780\" \/>\n\t<meta property=\"og:image:height\" content=\"438\" \/>\n\t<meta property=\"og:image:type\" content=\"image\/jpeg\" \/>\n<meta name=\"author\" content=\"Thomas Kolbe\" \/>\n<meta name=\"twitter:card\" content=\"summary_large_image\" \/>\n<meta name=\"twitter:label1\" content=\"Written by\" \/>\n\t<meta name=\"twitter:data1\" content=\"Thomas Kolbe\" \/>\n\t<meta name=\"twitter:label2\" content=\"Est. reading time\" \/>\n\t<meta name=\"twitter:data2\" content=\"1 minute\" \/>\n<script type=\"application\/ld+json\" class=\"yoast-schema-graph\">{\"@context\":\"https:\\\/\\\/schema.org\",\"@graph\":[{\"@type\":\"Article\",\"@id\":\"https:\\\/\\\/generate.fr\\\/a-man-on-a-flying-board-soars-above-bastille-day-crowds-in-paris\\\/#article\",\"isPartOf\":{\"@id\":\"https:\\\/\\\/generate.fr\\\/a-man-on-a-flying-board-soars-above-bastille-day-crowds-in-paris\\\/\"},\"author\":{\"name\":\"Thomas Kolbe\",\"@id\":\"https:\\\/\\\/generate.fr\\\/#\\\/schema\\\/person\\\/2895efb6d641efb3170ace8678ace18c\"},\"headline\":\"A man on a flying board soars above Bastille Day crowds in Paris\",\"datePublished\":\"2019-07-17T06:51:59+00:00\",\"mainEntityOfPage\":{\"@id\":\"https:\\\/\\\/generate.fr\\\/a-man-on-a-flying-board-soars-above-bastille-day-crowds-in-paris\\\/\"},\"wordCount\":179,\"commentCount\":0,\"publisher\":{\"@id\":\"https:\\\/\\\/generate.fr\\\/#organization\"},\"image\":{\"@id\":\"https:\\\/\\\/generate.fr\\\/a-man-on-a-flying-board-soars-above-bastille-day-crowds-in-paris\\\/#primaryimage\"},\"thumbnailUrl\":\"https:\\\/\\\/generate.fr\\\/wp-content\\\/uploads\\\/2019\\\/07\\\/190714203755-02-bastille-day-flyboard-exlarge-169.jpg\",\"keywords\":[\"D\u00e9fense\",\"GENERATE\",\"Innovation\",\"Zapata\"],\"articleSection\":[\"Articles &amp; ITW\"],\"inLanguage\":\"en-US\",\"potentialAction\":[{\"@type\":\"CommentAction\",\"name\":\"Comment\",\"target\":[\"https:\\\/\\\/generate.fr\\\/a-man-on-a-flying-board-soars-above-bastille-day-crowds-in-paris\\\/#respond\"]}]},{\"@type\":\"WebPage\",\"@id\":\"https:\\\/\\\/generate.fr\\\/a-man-on-a-flying-board-soars-above-bastille-day-crowds-in-paris\\\/\",\"url\":\"https:\\\/\\\/generate.fr\\\/a-man-on-a-flying-board-soars-above-bastille-day-crowds-in-paris\\\/\",\"name\":\"A man on a flying board soars above Bastille Day crowds in Paris - GENERATE\",\"isPartOf\":{\"@id\":\"https:\\\/\\\/generate.fr\\\/#website\"},\"primaryImageOfPage\":{\"@id\":\"https:\\\/\\\/generate.fr\\\/a-man-on-a-flying-board-soars-above-bastille-day-crowds-in-paris\\\/#primaryimage\"},\"image\":{\"@id\":\"https:\\\/\\\/generate.fr\\\/a-man-on-a-flying-board-soars-above-bastille-day-crowds-in-paris\\\/#primaryimage\"},\"thumbnailUrl\":\"https:\\\/\\\/generate.fr\\\/wp-content\\\/uploads\\\/2019\\\/07\\\/190714203755-02-bastille-day-flyboard-exlarge-169.jpg\",\"datePublished\":\"2019-07-17T06:51:59+00:00\",\"breadcrumb\":{\"@id\":\"https:\\\/\\\/generate.fr\\\/a-man-on-a-flying-board-soars-above-bastille-day-crowds-in-paris\\\/#breadcrumb\"},\"inLanguage\":\"en-US\",\"potentialAction\":[{\"@type\":\"ReadAction\",\"target\":[\"https:\\\/\\\/generate.fr\\\/a-man-on-a-flying-board-soars-above-bastille-day-crowds-in-paris\\\/\"]}]},{\"@type\":\"ImageObject\",\"inLanguage\":\"en-US\",\"@id\":\"https:\\\/\\\/generate.fr\\\/a-man-on-a-flying-board-soars-above-bastille-day-crowds-in-paris\\\/#primaryimage\",\"url\":\"https:\\\/\\\/generate.fr\\\/wp-content\\\/uploads\\\/2019\\\/07\\\/190714203755-02-bastille-day-flyboard-exlarge-169.jpg\",\"contentUrl\":\"https:\\\/\\\/generate.fr\\\/wp-content\\\/uploads\\\/2019\\\/07\\\/190714203755-02-bastille-day-flyboard-exlarge-169.jpg\",\"width\":780,\"height\":438,\"caption\":\"Zapata CEO Franky Zapata flies a jet-powered hoverboard or \\\"Flyboard\\\" prior to the Bastille Day military parade down the Champs-Elysees avenue in Paris on July 14, 2019. (Photo by Alain JOCARD \\\/ AFP) (Photo credit should read ALAIN JOCARD\\\/AFP\\\/Getty Images)\"},{\"@type\":\"BreadcrumbList\",\"@id\":\"https:\\\/\\\/generate.fr\\\/a-man-on-a-flying-board-soars-above-bastille-day-crowds-in-paris\\\/#breadcrumb\",\"itemListElement\":[{\"@type\":\"ListItem\",\"position\":1,\"name\":\"Accueil\",\"item\":\"https:\\\/\\\/generate.fr\\\/\"},{\"@type\":\"ListItem\",\"position\":2,\"name\":\"A man on a flying board soars above Bastille Day crowds in Paris\"}]},{\"@type\":\"WebSite\",\"@id\":\"https:\\\/\\\/generate.fr\\\/#website\",\"url\":\"https:\\\/\\\/generate.fr\\\/\",\"name\":\"GENERATE\",\"description\":\"Acc\u00e9l\u00e9rateur d&#039;innovation pour la D\u00e9fense et la S\u00e9curit\u00e9\",\"publisher\":{\"@id\":\"https:\\\/\\\/generate.fr\\\/#organization\"},\"potentialAction\":[{\"@type\":\"SearchAction\",\"target\":{\"@type\":\"EntryPoint\",\"urlTemplate\":\"https:\\\/\\\/generate.fr\\\/?s={search_term_string}\"},\"query-input\":{\"@type\":\"PropertyValueSpecification\",\"valueRequired\":true,\"valueName\":\"search_term_string\"}}],\"inLanguage\":\"en-US\"},{\"@type\":\"Organization\",\"@id\":\"https:\\\/\\\/generate.fr\\\/#organization\",\"name\":\"Generate\",\"url\":\"https:\\\/\\\/generate.fr\\\/\",\"logo\":{\"@type\":\"ImageObject\",\"inLanguage\":\"en-US\",\"@id\":\"https:\\\/\\\/generate.fr\\\/#\\\/schema\\\/logo\\\/image\\\/\",\"url\":\"https:\\\/\\\/generate.fr\\\/wp-content\\\/uploads\\\/2019\\\/05\\\/Generate.png\",\"contentUrl\":\"https:\\\/\\\/generate.fr\\\/wp-content\\\/uploads\\\/2019\\\/05\\\/Generate.png\",\"width\":1000,\"height\":316,\"caption\":\"Generate\"},\"image\":{\"@id\":\"https:\\\/\\\/generate.fr\\\/#\\\/schema\\\/logo\\\/image\\\/\"},\"sameAs\":[\"https:\\\/\\\/www.youtube.com\\\/channel\\\/UCsoYfr1MZdZT2bqI7CNN1Rw\"]},{\"@type\":\"Person\",\"@id\":\"https:\\\/\\\/generate.fr\\\/#\\\/schema\\\/person\\\/2895efb6d641efb3170ace8678ace18c\",\"name\":\"Thomas Kolbe\",\"image\":{\"@type\":\"ImageObject\",\"inLanguage\":\"en-US\",\"@id\":\"https:\\\/\\\/secure.gravatar.com\\\/avatar\\\/528dc96708c82c0f0c26eba076b7ff225f08450c6a1be4d0b029763b2d76ef7a?s=96&d=mm&r=g\",\"url\":\"https:\\\/\\\/secure.gravatar.com\\\/avatar\\\/528dc96708c82c0f0c26eba076b7ff225f08450c6a1be4d0b029763b2d76ef7a?s=96&d=mm&r=g\",\"contentUrl\":\"https:\\\/\\\/secure.gravatar.com\\\/avatar\\\/528dc96708c82c0f0c26eba076b7ff225f08450c6a1be4d0b029763b2d76ef7a?s=96&d=mm&r=g\",\"caption\":\"Thomas Kolbe\"},\"url\":\"https:\\\/\\\/generate.fr\\\/en\\\/author\\\/editeur\\\/\"}]}<\/script>\n<!-- \/ Yoast SEO plugin. -->","yoast_head_json":{"title":"A man on a flying board soars above Bastille Day crowds in Paris - GENERATE","robots":{"index":"index","follow":"follow","max-snippet":"max-snippet:-1","max-image-preview":"max-image-preview:large","max-video-preview":"max-video-preview:-1"},"canonical":"https:\/\/generate.fr\/a-man-on-a-flying-board-soars-above-bastille-day-crowds-in-paris\/","og_locale":"en_US","og_type":"article","og_title":"A man on a flying board soars above Bastille Day crowds in Paris - GENERATE","og_description":"(CNN) A man soared over\u00a0Bastille Day\u00a0celebrations in Paris Sunday on a flying board, dazzling the crowd and President Emmanuel Macron. French inventor and entrepreneur\u00a0Franky Zapata\u00a0piloted the jet powered aerial vehicle, which he calls the\u00a0Flyboard Air. Zapata CEO Franky Zapata flies his jet-powered \"Flyboard\" over Bastille Day celebrations. Crowds cheered as Zapata circled above the Champs-Elysees","og_url":"https:\/\/generate.fr\/a-man-on-a-flying-board-soars-above-bastille-day-crowds-in-paris\/","og_site_name":"GENERATE","article_published_time":"2019-07-17T06:51:59+00:00","og_image":[{"width":780,"height":438,"url":"https:\/\/generate.fr\/wp-content\/uploads\/2019\/07\/190714203755-02-bastille-day-flyboard-exlarge-169.jpg","type":"image\/jpeg"}],"author":"Thomas Kolbe","twitter_card":"summary_large_image","twitter_misc":{"Written by":"Thomas Kolbe","Est. reading time":"1 minute"},"schema":{"@context":"https:\/\/schema.org","@graph":[{"@type":"Article","@id":"https:\/\/generate.fr\/a-man-on-a-flying-board-soars-above-bastille-day-crowds-in-paris\/#article","isPartOf":{"@id":"https:\/\/generate.fr\/a-man-on-a-flying-board-soars-above-bastille-day-crowds-in-paris\/"},"author":{"name":"Thomas Kolbe","@id":"https:\/\/generate.fr\/#\/schema\/person\/2895efb6d641efb3170ace8678ace18c"},"headline":"A man on a flying board soars above Bastille Day crowds in Paris","datePublished":"2019-07-17T06:51:59+00:00","mainEntityOfPage":{"@id":"https:\/\/generate.fr\/a-man-on-a-flying-board-soars-above-bastille-day-crowds-in-paris\/"},"wordCount":179,"commentCount":0,"publisher":{"@id":"https:\/\/generate.fr\/#organization"},"image":{"@id":"https:\/\/generate.fr\/a-man-on-a-flying-board-soars-above-bastille-day-crowds-in-paris\/#primaryimage"},"thumbnailUrl":"https:\/\/generate.fr\/wp-content\/uploads\/2019\/07\/190714203755-02-bastille-day-flyboard-exlarge-169.jpg","keywords":["D\u00e9fense","GENERATE","Innovation","Zapata"],"articleSection":["Articles &amp; ITW"],"inLanguage":"en-US","potentialAction":[{"@type":"CommentAction","name":"Comment","target":["https:\/\/generate.fr\/a-man-on-a-flying-board-soars-above-bastille-day-crowds-in-paris\/#respond"]}]},{"@type":"WebPage","@id":"https:\/\/generate.fr\/a-man-on-a-flying-board-soars-above-bastille-day-crowds-in-paris\/","url":"https:\/\/generate.fr\/a-man-on-a-flying-board-soars-above-bastille-day-crowds-in-paris\/","name":"A man on a flying board soars above Bastille Day crowds in Paris - GENERATE","isPartOf":{"@id":"https:\/\/generate.fr\/#website"},"primaryImageOfPage":{"@id":"https:\/\/generate.fr\/a-man-on-a-flying-board-soars-above-bastille-day-crowds-in-paris\/#primaryimage"},"image":{"@id":"https:\/\/generate.fr\/a-man-on-a-flying-board-soars-above-bastille-day-crowds-in-paris\/#primaryimage"},"thumbnailUrl":"https:\/\/generate.fr\/wp-content\/uploads\/2019\/07\/190714203755-02-bastille-day-flyboard-exlarge-169.jpg","datePublished":"2019-07-17T06:51:59+00:00","breadcrumb":{"@id":"https:\/\/generate.fr\/a-man-on-a-flying-board-soars-above-bastille-day-crowds-in-paris\/#breadcrumb"},"inLanguage":"en-US","potentialAction":[{"@type":"ReadAction","target":["https:\/\/generate.fr\/a-man-on-a-flying-board-soars-above-bastille-day-crowds-in-paris\/"]}]},{"@type":"ImageObject","inLanguage":"en-US","@id":"https:\/\/generate.fr\/a-man-on-a-flying-board-soars-above-bastille-day-crowds-in-paris\/#primaryimage","url":"https:\/\/generate.fr\/wp-content\/uploads\/2019\/07\/190714203755-02-bastille-day-flyboard-exlarge-169.jpg","contentUrl":"https:\/\/generate.fr\/wp-content\/uploads\/2019\/07\/190714203755-02-bastille-day-flyboard-exlarge-169.jpg","width":780,"height":438,"caption":"Zapata CEO Franky Zapata flies a jet-powered hoverboard or \"Flyboard\" prior to the Bastille Day military parade down the Champs-Elysees avenue in Paris on July 14, 2019. (Photo by Alain JOCARD \/ AFP) (Photo credit should read ALAIN JOCARD\/AFP\/Getty Images)"},{"@type":"BreadcrumbList","@id":"https:\/\/generate.fr\/a-man-on-a-flying-board-soars-above-bastille-day-crowds-in-paris\/#breadcrumb","itemListElement":[{"@type":"ListItem","position":1,"name":"Accueil","item":"https:\/\/generate.fr\/"},{"@type":"ListItem","position":2,"name":"A man on a flying board soars above Bastille Day crowds in Paris"}]},{"@type":"WebSite","@id":"https:\/\/generate.fr\/#website","url":"https:\/\/generate.fr\/","name":"GENERATE","description":"Acc\u00e9l\u00e9rateur d&#039;innovation pour la D\u00e9fense et la S\u00e9curit\u00e9","publisher":{"@id":"https:\/\/generate.fr\/#organization"},"potentialAction":[{"@type":"SearchAction","target":{"@type":"EntryPoint","urlTemplate":"https:\/\/generate.fr\/?s={search_term_string}"},"query-input":{"@type":"PropertyValueSpecification","valueRequired":true,"valueName":"search_term_string"}}],"inLanguage":"en-US"},{"@type":"Organization","@id":"https:\/\/generate.fr\/#organization","name":"Generate","url":"https:\/\/generate.fr\/","logo":{"@type":"ImageObject","inLanguage":"en-US","@id":"https:\/\/generate.fr\/#\/schema\/logo\/image\/","url":"https:\/\/generate.fr\/wp-content\/uploads\/2019\/05\/Generate.png","contentUrl":"https:\/\/generate.fr\/wp-content\/uploads\/2019\/05\/Generate.png","width":1000,"height":316,"caption":"Generate"},"image":{"@id":"https:\/\/generate.fr\/#\/schema\/logo\/image\/"},"sameAs":["https:\/\/www.youtube.com\/channel\/UCsoYfr1MZdZT2bqI7CNN1Rw"]},{"@type":"Person","@id":"https:\/\/generate.fr\/#\/schema\/person\/2895efb6d641efb3170ace8678ace18c","name":"Thomas Kolbe","image":{"@type":"ImageObject","inLanguage":"en-US","@id":"https:\/\/secure.gravatar.com\/avatar\/528dc96708c82c0f0c26eba076b7ff225f08450c6a1be4d0b029763b2d76ef7a?s=96&d=mm&r=g","url":"https:\/\/secure.gravatar.com\/avatar\/528dc96708c82c0f0c26eba076b7ff225f08450c6a1be4d0b029763b2d76ef7a?s=96&d=mm&r=g","contentUrl":"https:\/\/secure.gravatar.com\/avatar\/528dc96708c82c0f0c26eba076b7ff225f08450c6a1be4d0b029763b2d76ef7a?s=96&d=mm&r=g","caption":"Thomas Kolbe"},"url":"https:\/\/generate.fr\/en\/author\/editeur\/"}]}},"_links":{"self":[{"href":"https:\/\/generate.fr\/en\/wp-json\/wp\/v2\/posts\/2139","targetHints":{"allow":["GET"]}}],"collection":[{"href":"https:\/\/generate.fr\/en\/wp-json\/wp\/v2\/posts"}],"about":[{"href":"https:\/\/generate.fr\/en\/wp-json\/wp\/v2\/types\/post"}],"author":[{"embeddable":true,"href":"https:\/\/generate.fr\/en\/wp-json\/wp\/v2\/users\/2"}],"replies":[{"embeddable":true,"href":"https:\/\/generate.fr\/en\/wp-json\/wp\/v2\/comments?post=2139"}],"version-history":[{"count":1,"href":"https:\/\/generate.fr\/en\/wp-json\/wp\/v2\/posts\/2139\/revisions"}],"predecessor-version":[{"id":2141,"href":"https:\/\/generate.fr\/en\/wp-json\/wp\/v2\/posts\/2139\/revisions\/2141"}],"wp:featuredmedia":[{"embeddable":true,"href":"https:\/\/generate.fr\/en\/wp-json\/wp\/v2\/media\/2140"}],"wp:attachment":[{"href":"https:\/\/generate.fr\/en\/wp-json\/wp\/v2\/media?parent=2139"}],"wp:term":[{"taxonomy":"category","embeddable":true,"href":"https:\/\/generate.fr\/en\/wp-json\/wp\/v2\/categories?post=2139"},{"taxonomy":"post_tag","embeddable":true,"href":"https:\/\/generate.fr\/en\/wp-json\/wp\/v2\/tags?post=2139"}],"curies":[{"name":"wp","href":"https:\/\/api.w.org\/{rel}","templated":true}]}}