{"id":2235,"date":"2019-10-02T09:30:50","date_gmt":"2019-10-02T09:30:50","guid":{"rendered":"https:\/\/generate.fr\/?p=2235"},"modified":"2019-10-02T09:34:33","modified_gmt":"2019-10-02T09:34:33","slug":"la-piste-dun-fonds-strategique-pour-les-start-up-du-renseignement-et-de-la-defense","status":"publish","type":"post","link":"https:\/\/generate.fr\/en\/la-piste-dun-fonds-strategique-pour-les-start-up-du-renseignement-et-de-la-defense\/","title":{"rendered":"La piste d'un fonds strat\u00e9gique pour les start-up du renseignement et de la d\u00e9fense"},"content":{"rendered":"<p><strong>Pour Fran\u00e7ois Mattens, le directeur de l'innovation du <a href=\"http:\/\/www.gicat.com\">Gicat<\/a> (Groupement des industries de d\u00e9fense et de s\u00e9curit\u00e9 terrestres et a\u00e9roterrestres), \u00ab\u00a0le temps presse pour faire \u00e9merger une initiative structurante visant \u00e0 soutenir les technologies souveraines de la d\u00e9fense\u00a0\u00bb. Il annonce\u00a0une r\u00e9flexion du secteur pour la cr\u00e9ation d'un fonds d\u00e9di\u00e9.<\/strong><\/p>\n<p><strong>Pourquoi un tel frein au financement des start-up vers\u00e9es dans le militaire ou le renseignement\u00a0?<\/strong><\/p>\n<p>Le blocage se situe \u00e0 trois niveaux. Les banques d'abord. D\u00e8s que l'on touche de pr\u00e8s ou de loin \u00e0 l'univers de la d\u00e9fense, les start-up re\u00e7oivent un quasi \u00ab\u00a0no go\u00a0\u00bb au plus haut niveau pour des questions d'image et de compliance. Les crispations autour de la crise au Y\u00e9men l'ont bien montr\u00e9, m\u00eame si ces start-up ont obtenu des aides financi\u00e8res de l'Etat et que les banques reconnaissent leur caract\u00e8re strat\u00e9gique. Les fonds de venture ensuite, capables d'investir quelques millions d'euros\u2026 dans la majorit\u00e9 des cas remont\u00e9s, leur comit\u00e9 d'investissement refuse.<\/p>\n<div class=\"sc-1elrudv-0 rhas3t-0 koGmvV\">\n<div class=\"sc-1elrudv-0 jeshlu-1 kdDGiY\">\n<div class=\"jeshlu-0 cXfbTu\">\n<div class=\"adunitContainer\">\n<div id=\"adSlot-1\" class=\"adBox\" data-google-query-id=\"CJ3ryMmR_eQCFUVEGwod6DQFjQ\">\n<div class=\"teads-inread sm-screen\">\n<div>\n<div class=\"teads-ui-components-adchoices\"><\/div>\n<div class=\"teads-ui-components-label\">PUBLICIT\u00c9<\/div>\n<div id=\"teads0\" class=\"teads-player\"><iframe frameborder=\"0\" scrolling=\"no\" data-mce-fragment=\"1\"><\/iframe><\/div>\n<div class=\"teads-ui-components-credits\"><a href=\"https:\/\/hp.teads.com\/?utm_source=inread&amp;utm_medium=credits&amp;utm_campaign=invented%20by%20teads\" target=\"_blank\" rel=\"nofollow noopener noreferrer\"><span class=\"teads-ui-components-credits-colored\">inRead<\/span>\u00a0invented by Teads<\/a><\/div>\n<\/div>\n<\/div>\n<p><iframe class=\"teads-resize\" data-mce-fragment=\"1\"><\/iframe><\/p>\n<\/div>\n<\/div>\n<\/div>\n<\/div>\n<\/div>\n<p>Pour les rares start-up qui atteignent le stade de croissance sup\u00e9rieur, les freins sont encore plus importants. Les fonds veulent au minimum doubler ou tripler leur investissement initial en trois ou cinq ans, ce qui ne correspond pas au rythme de l'industrie de la d\u00e9fense. De surcro\u00eet, ils craignent, pour des raisons de souverainet\u00e9, d'\u00eatre bloqu\u00e9s par les pouvoirs publics lors de la revente.<\/p>\n<p><strong>Il existe des fonds d\u00e9di\u00e9s pourtant, comme <\/strong><a href=\"https:\/\/www.lesechos.fr\/2017\/11\/definvest-nouveau-fonds-pour-la-defense-examine-ses-premieres-start-up-188179\">Definvest <\/a><strong>ou <\/strong><a href=\"https:\/\/www.lesechos.fr\/finance-marches\/ma\/marwan-lahoud-ouvre-les-portes-de-laeronautique-a-tikehau-142711\">Ace<\/a>\u00a0\u00a0?<\/p>\n<p>En g\u00e9n\u00e9ral, ce type d'investisseur intervient avec des contraintes ou sur des segments tr\u00e8s sp\u00e9cifiques, comme le cyber. Les start-up fran\u00e7aises ont donc trois options, et c'est ce qui est vraiment pr\u00e9occupant\u00a0: soit elles quittent la d\u00e9fense pour le civil, soit elles se font racheter par un fonds \u00e9tranger ou par un gros acteur digital anglo-saxon type Google ou Facebook. Les arm\u00e9es ne doivent pas se leurrer.<\/p>\n<p><strong>Avez-vous une alternative\u00a0?<\/strong><\/p>\n<p>Il y a une r\u00e9flexion sur la cr\u00e9ation d'un fonds d'investissement strat\u00e9gique dual qui soit capable de r\u00e9unir quelques centaines de millions d'euros et de lever ces barri\u00e8res. Dans l'intervalle, il faudrait activer les m\u00e9canismes de contr\u00f4le renforc\u00e9s permettant d'accueillir des investisseurs \u00e9trangers.<\/p>\n<p><strong>Plusieurs tentatives ont d\u00e9j\u00e0 \u00e9chou\u00e9 comme le\u00a0<\/strong><a href=\"https:\/\/www.lesechos.fr\/2018\/05\/larmee-recadre-le-projet-de-campus-high-tech-du-renseignement-990977\">fonds de l'Intelligence Campus <\/a><strong>ou le\u00a0<\/strong><a href=\"https:\/\/www.lesechos.fr\/2005\/03\/la-france-se-dote-dun-mecanisme-de-soutien-aux-entreprises-strategiques-600137\">dispositif d'In-Q-tel \u00e0 la fran\u00e7aise, lanc\u00e9<\/a> <strong>apr\u00e8s la prise de contr\u00f4le de Gemplus par l'am\u00e9ricain TPG en 2005\u2026<\/strong><\/p>\n<div class=\"sc-1elrudv-0 rhas3t-0 koGmvV\">\n<div class=\"sc-1elrudv-0 jeshlu-1 kdDGiY\">\n<div class=\"jeshlu-0 cXfbTu\">\n<div class=\"adunitContainer\">\n<div id=\"adSlot-5\" class=\"adBox\" data-google-query-id=\"COzBibah_eQCFZXR1Qod_CIG_A\">\n<div class=\"teads-inread sm-screen\">\n<div>\n<div class=\"teads-ui-components-adchoices\"><\/div>\n<div class=\"teads-ui-components-label\">PUBLICIT\u00c9<\/div>\n<div id=\"teads2\" class=\"teads-player\"><iframe frameborder=\"0\" scrolling=\"no\" data-mce-fragment=\"1\"><\/iframe><\/div>\n<div class=\"teads-ui-components-credits\"><a href=\"https:\/\/hp.teads.com\/?utm_source=inread&amp;utm_medium=credits&amp;utm_campaign=invented%20by%20teads\" target=\"_blank\" rel=\"nofollow noopener noreferrer\"><span class=\"teads-ui-components-credits-colored\">inRead<\/span>\u00a0invented by Teads<\/a><\/div>\n<\/div>\n<\/div>\n<p><iframe class=\"teads-resize\" data-mce-fragment=\"1\"><\/iframe><\/p>\n<\/div>\n<\/div>\n<\/div>\n<\/div>\n<\/div>\n<p>Pour que ces initiatives fonctionnent, il faut des synergies entre l'ensemble des acteurs politiques, institutionnels, industriels et financiers. Bien qu'il y ait une certaine prise de conscience, le temps presse pour faire \u00e9merger une initiative structurante afin de soutenir les technologies souveraines pour la d\u00e9fense.<\/p>\n<p><a href=\"https:\/\/www.lesechos.fr\/industrie-services\/air-defense\/la-piste-dun-fonds-strategique-pour-les-start-up-du-renseignement-et-de-la-defense-1136523\"><strong>Source : Les Echos<\/strong><\/a><\/p>\n","protected":false},"excerpt":{"rendered":"<p>Pour Fran\u00e7ois Mattens, le directeur de l'innovation du Gicat (Groupement des industries de d\u00e9fense et de s\u00e9curit\u00e9 terrestres et a\u00e9roterrestres), \u00ab\u00a0le temps presse pour faire \u00e9merger une initiative structurante visant \u00e0 soutenir les technologies souveraines de la d\u00e9fense\u00a0\u00bb. Il annonce\u00a0une r\u00e9flexion du secteur pour la cr\u00e9ation d'un fonds d\u00e9di\u00e9. Pourquoi un tel frein au financement [&hellip;]<\/p>\n","protected":false},"author":2,"featured_media":2236,"comment_status":"open","ping_status":"open","sticky":false,"template":"","format":"standard","meta":{"footnotes":""},"categories":[7],"tags":[17,11,10,98,18],"class_list":["post-2235","post","type-post","status-publish","format-standard","has-post-thumbnail","hentry","category-articles-itw","tag-generate","tag-gicat","tag-innovation","tag-investissement","tag-mattens","post-wrapper"],"yoast_head":"<!-- This site is optimized with the Yoast SEO plugin v27.4 - https:\/\/yoast.com\/product\/yoast-seo-wordpress\/ -->\n<title>La piste d&#039;un fonds strat\u00e9gique pour les start-up du renseignement et de la d\u00e9fense - GENERATE<\/title>\n<meta name=\"robots\" content=\"index, follow, max-snippet:-1, max-image-preview:large, max-video-preview:-1\" \/>\n<link rel=\"canonical\" href=\"https:\/\/generate.fr\/la-piste-dun-fonds-strategique-pour-les-start-up-du-renseignement-et-de-la-defense\/\" \/>\n<meta property=\"og:locale\" content=\"en_US\" \/>\n<meta property=\"og:type\" content=\"article\" \/>\n<meta property=\"og:title\" content=\"La piste d&#039;un fonds strat\u00e9gique pour les start-up du renseignement et de la d\u00e9fense - GENERATE\" \/>\n<meta property=\"og:description\" content=\"Pour Fran\u00e7ois Mattens, le directeur de l&#039;innovation du Gicat (Groupement des industries de d\u00e9fense et de s\u00e9curit\u00e9 terrestres et a\u00e9roterrestres), \u00ab\u00a0le temps presse pour faire \u00e9merger une initiative structurante visant \u00e0 soutenir les technologies souveraines de la d\u00e9fense\u00a0\u00bb. Il annonce\u00a0une r\u00e9flexion du secteur pour la cr\u00e9ation d&#039;un fonds d\u00e9di\u00e9. Pourquoi un tel frein au financement\" \/>\n<meta property=\"og:url\" content=\"https:\/\/generate.fr\/la-piste-dun-fonds-strategique-pour-les-start-up-du-renseignement-et-de-la-defense\/\" \/>\n<meta property=\"og:site_name\" content=\"GENERATE\" \/>\n<meta property=\"article:published_time\" content=\"2019-10-02T09:30:50+00:00\" \/>\n<meta property=\"article:modified_time\" content=\"2019-10-02T09:34:33+00:00\" \/>\n<meta property=\"og:image\" content=\"https:\/\/generate.fr\/wp-content\/uploads\/2019\/10\/0601922474645-web-tete.jpg\" \/>\n\t<meta property=\"og:image:width\" content=\"1280\" \/>\n\t<meta property=\"og:image:height\" content=\"720\" \/>\n\t<meta property=\"og:image:type\" content=\"image\/jpeg\" \/>\n<meta name=\"author\" content=\"Thomas Kolbe\" \/>\n<meta name=\"twitter:card\" content=\"summary_large_image\" \/>\n<meta name=\"twitter:label1\" content=\"Written by\" \/>\n\t<meta name=\"twitter:data1\" content=\"Thomas Kolbe\" \/>\n\t<meta name=\"twitter:label2\" content=\"Est. reading time\" \/>\n\t<meta name=\"twitter:data2\" content=\"2 minutes\" \/>\n<script type=\"application\/ld+json\" class=\"yoast-schema-graph\">{\"@context\":\"https:\\\/\\\/schema.org\",\"@graph\":[{\"@type\":\"Article\",\"@id\":\"https:\\\/\\\/generate.fr\\\/la-piste-dun-fonds-strategique-pour-les-start-up-du-renseignement-et-de-la-defense\\\/#article\",\"isPartOf\":{\"@id\":\"https:\\\/\\\/generate.fr\\\/la-piste-dun-fonds-strategique-pour-les-start-up-du-renseignement-et-de-la-defense\\\/\"},\"author\":{\"name\":\"Thomas Kolbe\",\"@id\":\"https:\\\/\\\/generate.fr\\\/#\\\/schema\\\/person\\\/2895efb6d641efb3170ace8678ace18c\"},\"headline\":\"La piste d'un fonds strat\u00e9gique pour les start-up du renseignement et de la d\u00e9fense\",\"datePublished\":\"2019-10-02T09:30:50+00:00\",\"dateModified\":\"2019-10-02T09:34:33+00:00\",\"mainEntityOfPage\":{\"@id\":\"https:\\\/\\\/generate.fr\\\/la-piste-dun-fonds-strategique-pour-les-start-up-du-renseignement-et-de-la-defense\\\/\"},\"wordCount\":517,\"commentCount\":0,\"publisher\":{\"@id\":\"https:\\\/\\\/generate.fr\\\/#organization\"},\"image\":{\"@id\":\"https:\\\/\\\/generate.fr\\\/la-piste-dun-fonds-strategique-pour-les-start-up-du-renseignement-et-de-la-defense\\\/#primaryimage\"},\"thumbnailUrl\":\"https:\\\/\\\/generate.fr\\\/wp-content\\\/uploads\\\/2019\\\/10\\\/0601922474645-web-tete.jpg\",\"keywords\":[\"GENERATE\",\"GICAT\",\"Innovation\",\"Investissement\",\"Mattens\"],\"articleSection\":[\"Articles &amp; ITW\"],\"inLanguage\":\"en-US\",\"potentialAction\":[{\"@type\":\"CommentAction\",\"name\":\"Comment\",\"target\":[\"https:\\\/\\\/generate.fr\\\/la-piste-dun-fonds-strategique-pour-les-start-up-du-renseignement-et-de-la-defense\\\/#respond\"]}]},{\"@type\":\"WebPage\",\"@id\":\"https:\\\/\\\/generate.fr\\\/la-piste-dun-fonds-strategique-pour-les-start-up-du-renseignement-et-de-la-defense\\\/\",\"url\":\"https:\\\/\\\/generate.fr\\\/la-piste-dun-fonds-strategique-pour-les-start-up-du-renseignement-et-de-la-defense\\\/\",\"name\":\"La piste d'un fonds strat\u00e9gique pour les start-up du renseignement et de la d\u00e9fense - GENERATE\",\"isPartOf\":{\"@id\":\"https:\\\/\\\/generate.fr\\\/#website\"},\"primaryImageOfPage\":{\"@id\":\"https:\\\/\\\/generate.fr\\\/la-piste-dun-fonds-strategique-pour-les-start-up-du-renseignement-et-de-la-defense\\\/#primaryimage\"},\"image\":{\"@id\":\"https:\\\/\\\/generate.fr\\\/la-piste-dun-fonds-strategique-pour-les-start-up-du-renseignement-et-de-la-defense\\\/#primaryimage\"},\"thumbnailUrl\":\"https:\\\/\\\/generate.fr\\\/wp-content\\\/uploads\\\/2019\\\/10\\\/0601922474645-web-tete.jpg\",\"datePublished\":\"2019-10-02T09:30:50+00:00\",\"dateModified\":\"2019-10-02T09:34:33+00:00\",\"breadcrumb\":{\"@id\":\"https:\\\/\\\/generate.fr\\\/la-piste-dun-fonds-strategique-pour-les-start-up-du-renseignement-et-de-la-defense\\\/#breadcrumb\"},\"inLanguage\":\"en-US\",\"potentialAction\":[{\"@type\":\"ReadAction\",\"target\":[\"https:\\\/\\\/generate.fr\\\/la-piste-dun-fonds-strategique-pour-les-start-up-du-renseignement-et-de-la-defense\\\/\"]}]},{\"@type\":\"ImageObject\",\"inLanguage\":\"en-US\",\"@id\":\"https:\\\/\\\/generate.fr\\\/la-piste-dun-fonds-strategique-pour-les-start-up-du-renseignement-et-de-la-defense\\\/#primaryimage\",\"url\":\"https:\\\/\\\/generate.fr\\\/wp-content\\\/uploads\\\/2019\\\/10\\\/0601922474645-web-tete.jpg\",\"contentUrl\":\"https:\\\/\\\/generate.fr\\\/wp-content\\\/uploads\\\/2019\\\/10\\\/0601922474645-web-tete.jpg\",\"width\":1280,\"height\":720},{\"@type\":\"BreadcrumbList\",\"@id\":\"https:\\\/\\\/generate.fr\\\/la-piste-dun-fonds-strategique-pour-les-start-up-du-renseignement-et-de-la-defense\\\/#breadcrumb\",\"itemListElement\":[{\"@type\":\"ListItem\",\"position\":1,\"name\":\"Accueil\",\"item\":\"https:\\\/\\\/generate.fr\\\/\"},{\"@type\":\"ListItem\",\"position\":2,\"name\":\"La piste d'un fonds strat\u00e9gique pour les start-up du renseignement et de la d\u00e9fense\"}]},{\"@type\":\"WebSite\",\"@id\":\"https:\\\/\\\/generate.fr\\\/#website\",\"url\":\"https:\\\/\\\/generate.fr\\\/\",\"name\":\"GENERATE\",\"description\":\"Acc\u00e9l\u00e9rateur d&#039;innovation pour la D\u00e9fense et la S\u00e9curit\u00e9\",\"publisher\":{\"@id\":\"https:\\\/\\\/generate.fr\\\/#organization\"},\"potentialAction\":[{\"@type\":\"SearchAction\",\"target\":{\"@type\":\"EntryPoint\",\"urlTemplate\":\"https:\\\/\\\/generate.fr\\\/?s={search_term_string}\"},\"query-input\":{\"@type\":\"PropertyValueSpecification\",\"valueRequired\":true,\"valueName\":\"search_term_string\"}}],\"inLanguage\":\"en-US\"},{\"@type\":\"Organization\",\"@id\":\"https:\\\/\\\/generate.fr\\\/#organization\",\"name\":\"Generate\",\"url\":\"https:\\\/\\\/generate.fr\\\/\",\"logo\":{\"@type\":\"ImageObject\",\"inLanguage\":\"en-US\",\"@id\":\"https:\\\/\\\/generate.fr\\\/#\\\/schema\\\/logo\\\/image\\\/\",\"url\":\"https:\\\/\\\/generate.fr\\\/wp-content\\\/uploads\\\/2019\\\/05\\\/Generate.png\",\"contentUrl\":\"https:\\\/\\\/generate.fr\\\/wp-content\\\/uploads\\\/2019\\\/05\\\/Generate.png\",\"width\":1000,\"height\":316,\"caption\":\"Generate\"},\"image\":{\"@id\":\"https:\\\/\\\/generate.fr\\\/#\\\/schema\\\/logo\\\/image\\\/\"},\"sameAs\":[\"https:\\\/\\\/www.youtube.com\\\/channel\\\/UCsoYfr1MZdZT2bqI7CNN1Rw\"]},{\"@type\":\"Person\",\"@id\":\"https:\\\/\\\/generate.fr\\\/#\\\/schema\\\/person\\\/2895efb6d641efb3170ace8678ace18c\",\"name\":\"Thomas Kolbe\",\"image\":{\"@type\":\"ImageObject\",\"inLanguage\":\"en-US\",\"@id\":\"https:\\\/\\\/secure.gravatar.com\\\/avatar\\\/528dc96708c82c0f0c26eba076b7ff225f08450c6a1be4d0b029763b2d76ef7a?s=96&d=mm&r=g\",\"url\":\"https:\\\/\\\/secure.gravatar.com\\\/avatar\\\/528dc96708c82c0f0c26eba076b7ff225f08450c6a1be4d0b029763b2d76ef7a?s=96&d=mm&r=g\",\"contentUrl\":\"https:\\\/\\\/secure.gravatar.com\\\/avatar\\\/528dc96708c82c0f0c26eba076b7ff225f08450c6a1be4d0b029763b2d76ef7a?s=96&d=mm&r=g\",\"caption\":\"Thomas Kolbe\"},\"url\":\"https:\\\/\\\/generate.fr\\\/en\\\/author\\\/editeur\\\/\"}]}<\/script>\n<!-- \/ Yoast SEO plugin. -->","yoast_head_json":{"title":"La piste d'un fonds strat\u00e9gique pour les start-up du renseignement et de la d\u00e9fense - GENERATE","robots":{"index":"index","follow":"follow","max-snippet":"max-snippet:-1","max-image-preview":"max-image-preview:large","max-video-preview":"max-video-preview:-1"},"canonical":"https:\/\/generate.fr\/la-piste-dun-fonds-strategique-pour-les-start-up-du-renseignement-et-de-la-defense\/","og_locale":"en_US","og_type":"article","og_title":"La piste d'un fonds strat\u00e9gique pour les start-up du renseignement et de la d\u00e9fense - GENERATE","og_description":"Pour Fran\u00e7ois Mattens, le directeur de l'innovation du Gicat (Groupement des industries de d\u00e9fense et de s\u00e9curit\u00e9 terrestres et a\u00e9roterrestres), \u00ab\u00a0le temps presse pour faire \u00e9merger une initiative structurante visant \u00e0 soutenir les technologies souveraines de la d\u00e9fense\u00a0\u00bb. Il annonce\u00a0une r\u00e9flexion du secteur pour la cr\u00e9ation d'un fonds d\u00e9di\u00e9. Pourquoi un tel frein au financement","og_url":"https:\/\/generate.fr\/la-piste-dun-fonds-strategique-pour-les-start-up-du-renseignement-et-de-la-defense\/","og_site_name":"GENERATE","article_published_time":"2019-10-02T09:30:50+00:00","article_modified_time":"2019-10-02T09:34:33+00:00","og_image":[{"width":1280,"height":720,"url":"https:\/\/generate.fr\/wp-content\/uploads\/2019\/10\/0601922474645-web-tete.jpg","type":"image\/jpeg"}],"author":"Thomas Kolbe","twitter_card":"summary_large_image","twitter_misc":{"Written by":"Thomas Kolbe","Est. reading time":"2 minutes"},"schema":{"@context":"https:\/\/schema.org","@graph":[{"@type":"Article","@id":"https:\/\/generate.fr\/la-piste-dun-fonds-strategique-pour-les-start-up-du-renseignement-et-de-la-defense\/#article","isPartOf":{"@id":"https:\/\/generate.fr\/la-piste-dun-fonds-strategique-pour-les-start-up-du-renseignement-et-de-la-defense\/"},"author":{"name":"Thomas Kolbe","@id":"https:\/\/generate.fr\/#\/schema\/person\/2895efb6d641efb3170ace8678ace18c"},"headline":"La piste d'un fonds strat\u00e9gique pour les start-up du renseignement et de la d\u00e9fense","datePublished":"2019-10-02T09:30:50+00:00","dateModified":"2019-10-02T09:34:33+00:00","mainEntityOfPage":{"@id":"https:\/\/generate.fr\/la-piste-dun-fonds-strategique-pour-les-start-up-du-renseignement-et-de-la-defense\/"},"wordCount":517,"commentCount":0,"publisher":{"@id":"https:\/\/generate.fr\/#organization"},"image":{"@id":"https:\/\/generate.fr\/la-piste-dun-fonds-strategique-pour-les-start-up-du-renseignement-et-de-la-defense\/#primaryimage"},"thumbnailUrl":"https:\/\/generate.fr\/wp-content\/uploads\/2019\/10\/0601922474645-web-tete.jpg","keywords":["GENERATE","GICAT","Innovation","Investissement","Mattens"],"articleSection":["Articles &amp; ITW"],"inLanguage":"en-US","potentialAction":[{"@type":"CommentAction","name":"Comment","target":["https:\/\/generate.fr\/la-piste-dun-fonds-strategique-pour-les-start-up-du-renseignement-et-de-la-defense\/#respond"]}]},{"@type":"WebPage","@id":"https:\/\/generate.fr\/la-piste-dun-fonds-strategique-pour-les-start-up-du-renseignement-et-de-la-defense\/","url":"https:\/\/generate.fr\/la-piste-dun-fonds-strategique-pour-les-start-up-du-renseignement-et-de-la-defense\/","name":"La piste d'un fonds strat\u00e9gique pour les start-up du renseignement et de la d\u00e9fense - GENERATE","isPartOf":{"@id":"https:\/\/generate.fr\/#website"},"primaryImageOfPage":{"@id":"https:\/\/generate.fr\/la-piste-dun-fonds-strategique-pour-les-start-up-du-renseignement-et-de-la-defense\/#primaryimage"},"image":{"@id":"https:\/\/generate.fr\/la-piste-dun-fonds-strategique-pour-les-start-up-du-renseignement-et-de-la-defense\/#primaryimage"},"thumbnailUrl":"https:\/\/generate.fr\/wp-content\/uploads\/2019\/10\/0601922474645-web-tete.jpg","datePublished":"2019-10-02T09:30:50+00:00","dateModified":"2019-10-02T09:34:33+00:00","breadcrumb":{"@id":"https:\/\/generate.fr\/la-piste-dun-fonds-strategique-pour-les-start-up-du-renseignement-et-de-la-defense\/#breadcrumb"},"inLanguage":"en-US","potentialAction":[{"@type":"ReadAction","target":["https:\/\/generate.fr\/la-piste-dun-fonds-strategique-pour-les-start-up-du-renseignement-et-de-la-defense\/"]}]},{"@type":"ImageObject","inLanguage":"en-US","@id":"https:\/\/generate.fr\/la-piste-dun-fonds-strategique-pour-les-start-up-du-renseignement-et-de-la-defense\/#primaryimage","url":"https:\/\/generate.fr\/wp-content\/uploads\/2019\/10\/0601922474645-web-tete.jpg","contentUrl":"https:\/\/generate.fr\/wp-content\/uploads\/2019\/10\/0601922474645-web-tete.jpg","width":1280,"height":720},{"@type":"BreadcrumbList","@id":"https:\/\/generate.fr\/la-piste-dun-fonds-strategique-pour-les-start-up-du-renseignement-et-de-la-defense\/#breadcrumb","itemListElement":[{"@type":"ListItem","position":1,"name":"Accueil","item":"https:\/\/generate.fr\/"},{"@type":"ListItem","position":2,"name":"La piste d'un fonds strat\u00e9gique pour les start-up du renseignement et de la d\u00e9fense"}]},{"@type":"WebSite","@id":"https:\/\/generate.fr\/#website","url":"https:\/\/generate.fr\/","name":"GENERATE","description":"Acc\u00e9l\u00e9rateur d&#039;innovation pour la D\u00e9fense et la S\u00e9curit\u00e9","publisher":{"@id":"https:\/\/generate.fr\/#organization"},"potentialAction":[{"@type":"SearchAction","target":{"@type":"EntryPoint","urlTemplate":"https:\/\/generate.fr\/?s={search_term_string}"},"query-input":{"@type":"PropertyValueSpecification","valueRequired":true,"valueName":"search_term_string"}}],"inLanguage":"en-US"},{"@type":"Organization","@id":"https:\/\/generate.fr\/#organization","name":"Generate","url":"https:\/\/generate.fr\/","logo":{"@type":"ImageObject","inLanguage":"en-US","@id":"https:\/\/generate.fr\/#\/schema\/logo\/image\/","url":"https:\/\/generate.fr\/wp-content\/uploads\/2019\/05\/Generate.png","contentUrl":"https:\/\/generate.fr\/wp-content\/uploads\/2019\/05\/Generate.png","width":1000,"height":316,"caption":"Generate"},"image":{"@id":"https:\/\/generate.fr\/#\/schema\/logo\/image\/"},"sameAs":["https:\/\/www.youtube.com\/channel\/UCsoYfr1MZdZT2bqI7CNN1Rw"]},{"@type":"Person","@id":"https:\/\/generate.fr\/#\/schema\/person\/2895efb6d641efb3170ace8678ace18c","name":"Thomas Kolbe","image":{"@type":"ImageObject","inLanguage":"en-US","@id":"https:\/\/secure.gravatar.com\/avatar\/528dc96708c82c0f0c26eba076b7ff225f08450c6a1be4d0b029763b2d76ef7a?s=96&d=mm&r=g","url":"https:\/\/secure.gravatar.com\/avatar\/528dc96708c82c0f0c26eba076b7ff225f08450c6a1be4d0b029763b2d76ef7a?s=96&d=mm&r=g","contentUrl":"https:\/\/secure.gravatar.com\/avatar\/528dc96708c82c0f0c26eba076b7ff225f08450c6a1be4d0b029763b2d76ef7a?s=96&d=mm&r=g","caption":"Thomas Kolbe"},"url":"https:\/\/generate.fr\/en\/author\/editeur\/"}]}},"_links":{"self":[{"href":"https:\/\/generate.fr\/en\/wp-json\/wp\/v2\/posts\/2235","targetHints":{"allow":["GET"]}}],"collection":[{"href":"https:\/\/generate.fr\/en\/wp-json\/wp\/v2\/posts"}],"about":[{"href":"https:\/\/generate.fr\/en\/wp-json\/wp\/v2\/types\/post"}],"author":[{"embeddable":true,"href":"https:\/\/generate.fr\/en\/wp-json\/wp\/v2\/users\/2"}],"replies":[{"embeddable":true,"href":"https:\/\/generate.fr\/en\/wp-json\/wp\/v2\/comments?post=2235"}],"version-history":[{"count":2,"href":"https:\/\/generate.fr\/en\/wp-json\/wp\/v2\/posts\/2235\/revisions"}],"predecessor-version":[{"id":2241,"href":"https:\/\/generate.fr\/en\/wp-json\/wp\/v2\/posts\/2235\/revisions\/2241"}],"wp:featuredmedia":[{"embeddable":true,"href":"https:\/\/generate.fr\/en\/wp-json\/wp\/v2\/media\/2236"}],"wp:attachment":[{"href":"https:\/\/generate.fr\/en\/wp-json\/wp\/v2\/media?parent=2235"}],"wp:term":[{"taxonomy":"category","embeddable":true,"href":"https:\/\/generate.fr\/en\/wp-json\/wp\/v2\/categories?post=2235"},{"taxonomy":"post_tag","embeddable":true,"href":"https:\/\/generate.fr\/en\/wp-json\/wp\/v2\/tags?post=2235"}],"curies":[{"name":"wp","href":"https:\/\/api.w.org\/{rel}","templated":true}]}}