{"id":2384,"date":"2019-10-08T12:44:42","date_gmt":"2019-10-08T12:44:42","guid":{"rendered":"https:\/\/generate.fr\/?p=2384"},"modified":"2019-10-08T12:44:42","modified_gmt":"2019-10-08T12:44:42","slug":"defense-et-securite-gwagenn-moabi-et-thinkdeep-rejoignent-generate","status":"publish","type":"post","link":"https:\/\/generate.fr\/en\/defense-et-securite-gwagenn-moabi-et-thinkdeep-rejoignent-generate\/","title":{"rendered":"D\u00e9fense et s\u00e9curit\u00e9 : Gwagenn, Moabi et ThinkDeep rejoignent GENERATE"},"content":{"rendered":"<p>Lanc\u00e9 en mars 2017, Generate, le programme d\u2019accompagnement et d'acc\u00e9l\u00e9ration de start-up fran\u00e7aises de la D\u00e9fense et de la s\u00e9curit\u00e9 initi\u00e9 par le Gicat (Groupement des industries fran\u00e7aises de D\u00e9fense et de s\u00e9curit\u00e9 terrestres et a\u00e9roterrestres), vient d\u2019accueillir en son sein huit nouvelles soci\u00e9t\u00e9s, dont trois officiant plus particuli\u00e8rement dans le domaine de l\u2019embarqu\u00e9 (Gwagenn, Moabi, ThinkDeep).<\/p>\n<p>Pour rappel, l\u2019ambition de l\u2019acc\u00e9l\u00e9rateur d'innovation Generate est de soutenir des start-up fran\u00e7aises souhaitant int\u00e9grer le monde de la D\u00e9fense et de la s\u00e9curit\u00e9. Durant deux ans, les \u00e9quipes du Gicat les accompagnent pour leur permettre de comprendre l'\u00e9cosyst\u00e8me, nouer des partenariats industriels, rencontrer des investisseurs et \u00e9changer avec les acteurs institutionnels de la D\u00e9fense et de la s\u00e9curit\u00e9.<\/p>\n<p>- Gwagenn (cr\u00e9ation en 2015) : La soci\u00e9t\u00e9 bretonne, dont L\u2019Embarqu\u00e9 a trac\u00e9 un portrait d\u00e9taill\u00e9 de start-up en avril 2017, d\u00e9veloppe des services et des produits de brouillage par les ondes pour des applications de s\u00e9curit\u00e9. L\u2019entreprise a d\u00e9velopp\u00e9 un mod\u00e8le de propagation des ondes dont le logiciel est capable d\u2019indiquer \u00e0 partir d\u2019une position GPS quelles sont les zones o\u00f9 le brouillage est efficace et o\u00f9 le personnel peut circuler sans danger.<\/p>\n<p>- Moabi (cr\u00e9ation en 2019) : La jeune pousse parisienne a d\u00e9velopp\u00e9 une solution d\u2019audit de s\u00e9curit\u00e9 automatis\u00e9 pour les logiciels embarqu\u00e9s des v\u00e9hicules connect\u00e9s et de l\u2019Internet des objets (IoT). Afin de d\u00e9couvrir et comprendre imm\u00e9diatement leurs forces et faiblesses cyber, la solution Moabi mesure, compare et identifie les points d\u2019am\u00e9liorations en cybers\u00e9curit\u00e9 dans le cycle de d\u00e9veloppement.<\/p>\n<p>- ThinkDeep (cr\u00e9ation en 2017) : La soci\u00e9t\u00e9 bordelaise d\u00e9veloppe des applications de r\u00e9alit\u00e9 virtuelle et r\u00e9alit\u00e9 augment\u00e9e appliqu\u00e9es au monde m\u00e9dical, \u00e0 la logistique, \u00e0 l\u2019industrie et au secteur de la d\u00e9fense\/s\u00e9curit\u00e9. Ces applications sont capables de comprendre le contexte et d\u2019interagir de fa\u00e7on personnalis\u00e9e avec l\u2019utilisateur.<\/p>\n<p>Les cinq autres soci\u00e9t\u00e9s \u00e0 rejoindre le programme Generate sont GoSecure (solution de s\u00e9curit\u00e9 qui connecte les personnes aux professionnels de s\u00e9curit\u00e9, publics et priv\u00e9s, avec une gestion des alertes individuelles et collectives), Labcoor (solution mobile permettant de s\u00e9curiser rapidement, simplement et efficacement des \u00e9v\u00e9nements), Monkilowatt (g\u00e9n\u00e9rateur d\u2019\u00e9lectricit\u00e9 renouvelable avec stockage con\u00e7u pour devenir aussi un abri), LTU (technologies de reconnaissance et de recherche visuelle multim\u00e9dia) et MOS Nutrition (snacks performants, sains et naturels adapt\u00e9s pour les militaires et les sportifs).<\/p>\n<p><a href=\"https:\/\/www.lembarque.com\/defense-et-securite-gwagenn-moabi-et-thinkdeep-rejoignent-le-programme-de-soutien-generate-du-gicat_009181\"><strong>Source : L'embarqu\u00e9<\/strong><\/a><\/p>\n","protected":false},"excerpt":{"rendered":"<p>Lanc\u00e9 en mars 2017, Generate, le programme d\u2019accompagnement et d'acc\u00e9l\u00e9ration de start-up fran\u00e7aises de la D\u00e9fense et de la s\u00e9curit\u00e9 initi\u00e9 par le Gicat (Groupement des industries fran\u00e7aises de D\u00e9fense et de s\u00e9curit\u00e9 terrestres et a\u00e9roterrestres), vient d\u2019accueillir en son sein huit nouvelles soci\u00e9t\u00e9s, dont trois officiant plus particuli\u00e8rement dans le domaine de l\u2019embarqu\u00e9 (Gwagenn, [&hellip;]<\/p>\n","protected":false},"author":2,"featured_media":2385,"comment_status":"open","ping_status":"open","sticky":false,"template":"","format":"standard","meta":{"footnotes":""},"categories":[7],"tags":[17,103,104,105],"class_list":["post-2384","post","type-post","status-publish","format-standard","has-post-thumbnail","hentry","category-articles-itw","tag-generate","tag-gwagenn","tag-moabi","tag-thinkdeep","post-wrapper"],"yoast_head":"<!-- This site is optimized with the Yoast SEO plugin v27.4 - https:\/\/yoast.com\/product\/yoast-seo-wordpress\/ -->\n<title>D\u00e9fense et s\u00e9curit\u00e9 : Gwagenn, Moabi et ThinkDeep rejoignent GENERATE - GENERATE<\/title>\n<meta name=\"robots\" content=\"index, follow, max-snippet:-1, max-image-preview:large, max-video-preview:-1\" \/>\n<link rel=\"canonical\" href=\"https:\/\/generate.fr\/defense-et-securite-gwagenn-moabi-et-thinkdeep-rejoignent-generate\/\" \/>\n<meta property=\"og:locale\" content=\"en_US\" \/>\n<meta property=\"og:type\" content=\"article\" \/>\n<meta property=\"og:title\" content=\"D\u00e9fense et s\u00e9curit\u00e9 : Gwagenn, Moabi et ThinkDeep rejoignent GENERATE - GENERATE\" \/>\n<meta property=\"og:description\" content=\"Lanc\u00e9 en mars 2017, Generate, le programme d\u2019accompagnement et d&#039;acc\u00e9l\u00e9ration de start-up fran\u00e7aises de la D\u00e9fense et de la s\u00e9curit\u00e9 initi\u00e9 par le Gicat (Groupement des industries fran\u00e7aises de D\u00e9fense et de s\u00e9curit\u00e9 terrestres et a\u00e9roterrestres), vient d\u2019accueillir en son sein huit nouvelles soci\u00e9t\u00e9s, dont trois officiant plus particuli\u00e8rement dans le domaine de l\u2019embarqu\u00e9 (Gwagenn,\" \/>\n<meta property=\"og:url\" content=\"https:\/\/generate.fr\/defense-et-securite-gwagenn-moabi-et-thinkdeep-rejoignent-generate\/\" \/>\n<meta property=\"og:site_name\" content=\"GENERATE\" \/>\n<meta property=\"article:published_time\" content=\"2019-10-08T12:44:42+00:00\" \/>\n<meta property=\"og:image\" content=\"https:\/\/generate.fr\/wp-content\/uploads\/2019\/10\/Capture-d\u2019e\u0301cran-2019-10-08-a\u0300-14.43.49.png\" \/>\n\t<meta property=\"og:image:width\" content=\"1292\" \/>\n\t<meta property=\"og:image:height\" content=\"558\" \/>\n\t<meta property=\"og:image:type\" content=\"image\/png\" \/>\n<meta name=\"author\" content=\"Thomas Kolbe\" \/>\n<meta name=\"twitter:card\" content=\"summary_large_image\" \/>\n<meta name=\"twitter:label1\" content=\"Written by\" \/>\n\t<meta name=\"twitter:data1\" content=\"Thomas Kolbe\" \/>\n\t<meta name=\"twitter:label2\" content=\"Est. reading time\" \/>\n\t<meta name=\"twitter:data2\" content=\"2 minutes\" \/>\n<script type=\"application\/ld+json\" class=\"yoast-schema-graph\">{\"@context\":\"https:\\\/\\\/schema.org\",\"@graph\":[{\"@type\":\"Article\",\"@id\":\"https:\\\/\\\/generate.fr\\\/defense-et-securite-gwagenn-moabi-et-thinkdeep-rejoignent-generate\\\/#article\",\"isPartOf\":{\"@id\":\"https:\\\/\\\/generate.fr\\\/defense-et-securite-gwagenn-moabi-et-thinkdeep-rejoignent-generate\\\/\"},\"author\":{\"name\":\"Thomas Kolbe\",\"@id\":\"https:\\\/\\\/generate.fr\\\/#\\\/schema\\\/person\\\/2895efb6d641efb3170ace8678ace18c\"},\"headline\":\"D\u00e9fense et s\u00e9curit\u00e9 : Gwagenn, Moabi et ThinkDeep rejoignent GENERATE\",\"datePublished\":\"2019-10-08T12:44:42+00:00\",\"mainEntityOfPage\":{\"@id\":\"https:\\\/\\\/generate.fr\\\/defense-et-securite-gwagenn-moabi-et-thinkdeep-rejoignent-generate\\\/\"},\"wordCount\":463,\"commentCount\":0,\"publisher\":{\"@id\":\"https:\\\/\\\/generate.fr\\\/#organization\"},\"image\":{\"@id\":\"https:\\\/\\\/generate.fr\\\/defense-et-securite-gwagenn-moabi-et-thinkdeep-rejoignent-generate\\\/#primaryimage\"},\"thumbnailUrl\":\"https:\\\/\\\/generate.fr\\\/wp-content\\\/uploads\\\/2019\\\/10\\\/Capture-d\u2019e\u0301cran-2019-10-08-a\u0300-14.43.49.png\",\"keywords\":[\"GENERATE\",\"Gwagenn\",\"Moabi\",\"ThinkDeep\"],\"articleSection\":[\"Articles &amp; ITW\"],\"inLanguage\":\"en-US\",\"potentialAction\":[{\"@type\":\"CommentAction\",\"name\":\"Comment\",\"target\":[\"https:\\\/\\\/generate.fr\\\/defense-et-securite-gwagenn-moabi-et-thinkdeep-rejoignent-generate\\\/#respond\"]}]},{\"@type\":\"WebPage\",\"@id\":\"https:\\\/\\\/generate.fr\\\/defense-et-securite-gwagenn-moabi-et-thinkdeep-rejoignent-generate\\\/\",\"url\":\"https:\\\/\\\/generate.fr\\\/defense-et-securite-gwagenn-moabi-et-thinkdeep-rejoignent-generate\\\/\",\"name\":\"D\u00e9fense et s\u00e9curit\u00e9 : Gwagenn, Moabi et ThinkDeep rejoignent GENERATE - GENERATE\",\"isPartOf\":{\"@id\":\"https:\\\/\\\/generate.fr\\\/#website\"},\"primaryImageOfPage\":{\"@id\":\"https:\\\/\\\/generate.fr\\\/defense-et-securite-gwagenn-moabi-et-thinkdeep-rejoignent-generate\\\/#primaryimage\"},\"image\":{\"@id\":\"https:\\\/\\\/generate.fr\\\/defense-et-securite-gwagenn-moabi-et-thinkdeep-rejoignent-generate\\\/#primaryimage\"},\"thumbnailUrl\":\"https:\\\/\\\/generate.fr\\\/wp-content\\\/uploads\\\/2019\\\/10\\\/Capture-d\u2019e\u0301cran-2019-10-08-a\u0300-14.43.49.png\",\"datePublished\":\"2019-10-08T12:44:42+00:00\",\"breadcrumb\":{\"@id\":\"https:\\\/\\\/generate.fr\\\/defense-et-securite-gwagenn-moabi-et-thinkdeep-rejoignent-generate\\\/#breadcrumb\"},\"inLanguage\":\"en-US\",\"potentialAction\":[{\"@type\":\"ReadAction\",\"target\":[\"https:\\\/\\\/generate.fr\\\/defense-et-securite-gwagenn-moabi-et-thinkdeep-rejoignent-generate\\\/\"]}]},{\"@type\":\"ImageObject\",\"inLanguage\":\"en-US\",\"@id\":\"https:\\\/\\\/generate.fr\\\/defense-et-securite-gwagenn-moabi-et-thinkdeep-rejoignent-generate\\\/#primaryimage\",\"url\":\"https:\\\/\\\/generate.fr\\\/wp-content\\\/uploads\\\/2019\\\/10\\\/Capture-d\u2019e\u0301cran-2019-10-08-a\u0300-14.43.49.png\",\"contentUrl\":\"https:\\\/\\\/generate.fr\\\/wp-content\\\/uploads\\\/2019\\\/10\\\/Capture-d\u2019e\u0301cran-2019-10-08-a\u0300-14.43.49.png\",\"width\":1292,\"height\":558},{\"@type\":\"BreadcrumbList\",\"@id\":\"https:\\\/\\\/generate.fr\\\/defense-et-securite-gwagenn-moabi-et-thinkdeep-rejoignent-generate\\\/#breadcrumb\",\"itemListElement\":[{\"@type\":\"ListItem\",\"position\":1,\"name\":\"Accueil\",\"item\":\"https:\\\/\\\/generate.fr\\\/\"},{\"@type\":\"ListItem\",\"position\":2,\"name\":\"D\u00e9fense et s\u00e9curit\u00e9 : Gwagenn, Moabi et ThinkDeep rejoignent GENERATE\"}]},{\"@type\":\"WebSite\",\"@id\":\"https:\\\/\\\/generate.fr\\\/#website\",\"url\":\"https:\\\/\\\/generate.fr\\\/\",\"name\":\"GENERATE\",\"description\":\"Acc\u00e9l\u00e9rateur d&#039;innovation pour la D\u00e9fense et la S\u00e9curit\u00e9\",\"publisher\":{\"@id\":\"https:\\\/\\\/generate.fr\\\/#organization\"},\"potentialAction\":[{\"@type\":\"SearchAction\",\"target\":{\"@type\":\"EntryPoint\",\"urlTemplate\":\"https:\\\/\\\/generate.fr\\\/?s={search_term_string}\"},\"query-input\":{\"@type\":\"PropertyValueSpecification\",\"valueRequired\":true,\"valueName\":\"search_term_string\"}}],\"inLanguage\":\"en-US\"},{\"@type\":\"Organization\",\"@id\":\"https:\\\/\\\/generate.fr\\\/#organization\",\"name\":\"Generate\",\"url\":\"https:\\\/\\\/generate.fr\\\/\",\"logo\":{\"@type\":\"ImageObject\",\"inLanguage\":\"en-US\",\"@id\":\"https:\\\/\\\/generate.fr\\\/#\\\/schema\\\/logo\\\/image\\\/\",\"url\":\"https:\\\/\\\/generate.fr\\\/wp-content\\\/uploads\\\/2019\\\/05\\\/Generate.png\",\"contentUrl\":\"https:\\\/\\\/generate.fr\\\/wp-content\\\/uploads\\\/2019\\\/05\\\/Generate.png\",\"width\":1000,\"height\":316,\"caption\":\"Generate\"},\"image\":{\"@id\":\"https:\\\/\\\/generate.fr\\\/#\\\/schema\\\/logo\\\/image\\\/\"},\"sameAs\":[\"https:\\\/\\\/www.youtube.com\\\/channel\\\/UCsoYfr1MZdZT2bqI7CNN1Rw\"]},{\"@type\":\"Person\",\"@id\":\"https:\\\/\\\/generate.fr\\\/#\\\/schema\\\/person\\\/2895efb6d641efb3170ace8678ace18c\",\"name\":\"Thomas Kolbe\",\"image\":{\"@type\":\"ImageObject\",\"inLanguage\":\"en-US\",\"@id\":\"https:\\\/\\\/secure.gravatar.com\\\/avatar\\\/528dc96708c82c0f0c26eba076b7ff225f08450c6a1be4d0b029763b2d76ef7a?s=96&d=mm&r=g\",\"url\":\"https:\\\/\\\/secure.gravatar.com\\\/avatar\\\/528dc96708c82c0f0c26eba076b7ff225f08450c6a1be4d0b029763b2d76ef7a?s=96&d=mm&r=g\",\"contentUrl\":\"https:\\\/\\\/secure.gravatar.com\\\/avatar\\\/528dc96708c82c0f0c26eba076b7ff225f08450c6a1be4d0b029763b2d76ef7a?s=96&d=mm&r=g\",\"caption\":\"Thomas Kolbe\"},\"url\":\"https:\\\/\\\/generate.fr\\\/en\\\/author\\\/editeur\\\/\"}]}<\/script>\n<!-- \/ Yoast SEO plugin. -->","yoast_head_json":{"title":"D\u00e9fense et s\u00e9curit\u00e9 : Gwagenn, Moabi et ThinkDeep rejoignent GENERATE - GENERATE","robots":{"index":"index","follow":"follow","max-snippet":"max-snippet:-1","max-image-preview":"max-image-preview:large","max-video-preview":"max-video-preview:-1"},"canonical":"https:\/\/generate.fr\/defense-et-securite-gwagenn-moabi-et-thinkdeep-rejoignent-generate\/","og_locale":"en_US","og_type":"article","og_title":"D\u00e9fense et s\u00e9curit\u00e9 : Gwagenn, Moabi et ThinkDeep rejoignent GENERATE - GENERATE","og_description":"Lanc\u00e9 en mars 2017, Generate, le programme d\u2019accompagnement et d'acc\u00e9l\u00e9ration de start-up fran\u00e7aises de la D\u00e9fense et de la s\u00e9curit\u00e9 initi\u00e9 par le Gicat (Groupement des industries fran\u00e7aises de D\u00e9fense et de s\u00e9curit\u00e9 terrestres et a\u00e9roterrestres), vient d\u2019accueillir en son sein huit nouvelles soci\u00e9t\u00e9s, dont trois officiant plus particuli\u00e8rement dans le domaine de l\u2019embarqu\u00e9 (Gwagenn,","og_url":"https:\/\/generate.fr\/defense-et-securite-gwagenn-moabi-et-thinkdeep-rejoignent-generate\/","og_site_name":"GENERATE","article_published_time":"2019-10-08T12:44:42+00:00","og_image":[{"width":1292,"height":558,"url":"https:\/\/generate.fr\/wp-content\/uploads\/2019\/10\/Capture-d\u2019e\u0301cran-2019-10-08-a\u0300-14.43.49.png","type":"image\/png"}],"author":"Thomas Kolbe","twitter_card":"summary_large_image","twitter_misc":{"Written by":"Thomas Kolbe","Est. reading time":"2 minutes"},"schema":{"@context":"https:\/\/schema.org","@graph":[{"@type":"Article","@id":"https:\/\/generate.fr\/defense-et-securite-gwagenn-moabi-et-thinkdeep-rejoignent-generate\/#article","isPartOf":{"@id":"https:\/\/generate.fr\/defense-et-securite-gwagenn-moabi-et-thinkdeep-rejoignent-generate\/"},"author":{"name":"Thomas Kolbe","@id":"https:\/\/generate.fr\/#\/schema\/person\/2895efb6d641efb3170ace8678ace18c"},"headline":"D\u00e9fense et s\u00e9curit\u00e9 : Gwagenn, Moabi et ThinkDeep rejoignent GENERATE","datePublished":"2019-10-08T12:44:42+00:00","mainEntityOfPage":{"@id":"https:\/\/generate.fr\/defense-et-securite-gwagenn-moabi-et-thinkdeep-rejoignent-generate\/"},"wordCount":463,"commentCount":0,"publisher":{"@id":"https:\/\/generate.fr\/#organization"},"image":{"@id":"https:\/\/generate.fr\/defense-et-securite-gwagenn-moabi-et-thinkdeep-rejoignent-generate\/#primaryimage"},"thumbnailUrl":"https:\/\/generate.fr\/wp-content\/uploads\/2019\/10\/Capture-d\u2019e\u0301cran-2019-10-08-a\u0300-14.43.49.png","keywords":["GENERATE","Gwagenn","Moabi","ThinkDeep"],"articleSection":["Articles &amp; ITW"],"inLanguage":"en-US","potentialAction":[{"@type":"CommentAction","name":"Comment","target":["https:\/\/generate.fr\/defense-et-securite-gwagenn-moabi-et-thinkdeep-rejoignent-generate\/#respond"]}]},{"@type":"WebPage","@id":"https:\/\/generate.fr\/defense-et-securite-gwagenn-moabi-et-thinkdeep-rejoignent-generate\/","url":"https:\/\/generate.fr\/defense-et-securite-gwagenn-moabi-et-thinkdeep-rejoignent-generate\/","name":"D\u00e9fense et s\u00e9curit\u00e9 : Gwagenn, Moabi et ThinkDeep rejoignent GENERATE - GENERATE","isPartOf":{"@id":"https:\/\/generate.fr\/#website"},"primaryImageOfPage":{"@id":"https:\/\/generate.fr\/defense-et-securite-gwagenn-moabi-et-thinkdeep-rejoignent-generate\/#primaryimage"},"image":{"@id":"https:\/\/generate.fr\/defense-et-securite-gwagenn-moabi-et-thinkdeep-rejoignent-generate\/#primaryimage"},"thumbnailUrl":"https:\/\/generate.fr\/wp-content\/uploads\/2019\/10\/Capture-d\u2019e\u0301cran-2019-10-08-a\u0300-14.43.49.png","datePublished":"2019-10-08T12:44:42+00:00","breadcrumb":{"@id":"https:\/\/generate.fr\/defense-et-securite-gwagenn-moabi-et-thinkdeep-rejoignent-generate\/#breadcrumb"},"inLanguage":"en-US","potentialAction":[{"@type":"ReadAction","target":["https:\/\/generate.fr\/defense-et-securite-gwagenn-moabi-et-thinkdeep-rejoignent-generate\/"]}]},{"@type":"ImageObject","inLanguage":"en-US","@id":"https:\/\/generate.fr\/defense-et-securite-gwagenn-moabi-et-thinkdeep-rejoignent-generate\/#primaryimage","url":"https:\/\/generate.fr\/wp-content\/uploads\/2019\/10\/Capture-d\u2019e\u0301cran-2019-10-08-a\u0300-14.43.49.png","contentUrl":"https:\/\/generate.fr\/wp-content\/uploads\/2019\/10\/Capture-d\u2019e\u0301cran-2019-10-08-a\u0300-14.43.49.png","width":1292,"height":558},{"@type":"BreadcrumbList","@id":"https:\/\/generate.fr\/defense-et-securite-gwagenn-moabi-et-thinkdeep-rejoignent-generate\/#breadcrumb","itemListElement":[{"@type":"ListItem","position":1,"name":"Accueil","item":"https:\/\/generate.fr\/"},{"@type":"ListItem","position":2,"name":"D\u00e9fense et s\u00e9curit\u00e9 : Gwagenn, Moabi et ThinkDeep rejoignent GENERATE"}]},{"@type":"WebSite","@id":"https:\/\/generate.fr\/#website","url":"https:\/\/generate.fr\/","name":"GENERATE","description":"Acc\u00e9l\u00e9rateur d&#039;innovation pour la D\u00e9fense et la S\u00e9curit\u00e9","publisher":{"@id":"https:\/\/generate.fr\/#organization"},"potentialAction":[{"@type":"SearchAction","target":{"@type":"EntryPoint","urlTemplate":"https:\/\/generate.fr\/?s={search_term_string}"},"query-input":{"@type":"PropertyValueSpecification","valueRequired":true,"valueName":"search_term_string"}}],"inLanguage":"en-US"},{"@type":"Organization","@id":"https:\/\/generate.fr\/#organization","name":"Generate","url":"https:\/\/generate.fr\/","logo":{"@type":"ImageObject","inLanguage":"en-US","@id":"https:\/\/generate.fr\/#\/schema\/logo\/image\/","url":"https:\/\/generate.fr\/wp-content\/uploads\/2019\/05\/Generate.png","contentUrl":"https:\/\/generate.fr\/wp-content\/uploads\/2019\/05\/Generate.png","width":1000,"height":316,"caption":"Generate"},"image":{"@id":"https:\/\/generate.fr\/#\/schema\/logo\/image\/"},"sameAs":["https:\/\/www.youtube.com\/channel\/UCsoYfr1MZdZT2bqI7CNN1Rw"]},{"@type":"Person","@id":"https:\/\/generate.fr\/#\/schema\/person\/2895efb6d641efb3170ace8678ace18c","name":"Thomas Kolbe","image":{"@type":"ImageObject","inLanguage":"en-US","@id":"https:\/\/secure.gravatar.com\/avatar\/528dc96708c82c0f0c26eba076b7ff225f08450c6a1be4d0b029763b2d76ef7a?s=96&d=mm&r=g","url":"https:\/\/secure.gravatar.com\/avatar\/528dc96708c82c0f0c26eba076b7ff225f08450c6a1be4d0b029763b2d76ef7a?s=96&d=mm&r=g","contentUrl":"https:\/\/secure.gravatar.com\/avatar\/528dc96708c82c0f0c26eba076b7ff225f08450c6a1be4d0b029763b2d76ef7a?s=96&d=mm&r=g","caption":"Thomas Kolbe"},"url":"https:\/\/generate.fr\/en\/author\/editeur\/"}]}},"_links":{"self":[{"href":"https:\/\/generate.fr\/en\/wp-json\/wp\/v2\/posts\/2384","targetHints":{"allow":["GET"]}}],"collection":[{"href":"https:\/\/generate.fr\/en\/wp-json\/wp\/v2\/posts"}],"about":[{"href":"https:\/\/generate.fr\/en\/wp-json\/wp\/v2\/types\/post"}],"author":[{"embeddable":true,"href":"https:\/\/generate.fr\/en\/wp-json\/wp\/v2\/users\/2"}],"replies":[{"embeddable":true,"href":"https:\/\/generate.fr\/en\/wp-json\/wp\/v2\/comments?post=2384"}],"version-history":[{"count":1,"href":"https:\/\/generate.fr\/en\/wp-json\/wp\/v2\/posts\/2384\/revisions"}],"predecessor-version":[{"id":2387,"href":"https:\/\/generate.fr\/en\/wp-json\/wp\/v2\/posts\/2384\/revisions\/2387"}],"wp:featuredmedia":[{"embeddable":true,"href":"https:\/\/generate.fr\/en\/wp-json\/wp\/v2\/media\/2385"}],"wp:attachment":[{"href":"https:\/\/generate.fr\/en\/wp-json\/wp\/v2\/media?parent=2384"}],"wp:term":[{"taxonomy":"category","embeddable":true,"href":"https:\/\/generate.fr\/en\/wp-json\/wp\/v2\/categories?post=2384"},{"taxonomy":"post_tag","embeddable":true,"href":"https:\/\/generate.fr\/en\/wp-json\/wp\/v2\/tags?post=2384"}],"curies":[{"name":"wp","href":"https:\/\/api.w.org\/{rel}","templated":true}]}}