{"id":2900,"date":"2019-11-09T22:08:56","date_gmt":"2019-11-09T22:08:56","guid":{"rendered":"https:\/\/generate.fr\/?p=2900"},"modified":"2019-11-09T22:08:56","modified_gmt":"2019-11-09T22:08:56","slug":"une-invention-francaise-permet-aux-voitures-autonomes-de-voir-la-nuit","status":"publish","type":"post","link":"https:\/\/generate.fr\/en\/une-invention-francaise-permet-aux-voitures-autonomes-de-voir-la-nuit\/","title":{"rendered":"Une invention fran\u00e7aise permet aux voitures autonomes de voir la nuit"},"content":{"rendered":"<p>La soci\u00e9t\u00e9 Outsight, bas\u00e9e \u00e0 Paris, a re\u00e7u\u00a0un \"Innovation Award\" pour une cam\u00e9ra 3D s\u00e9mantique. Raoul Bravo, co-fondateur de cette soci\u00e9t\u00e9 est l'invit\u00e9 de J\u00e9r\u00f4me Colombain.<\/p>\n<p><strong>franceinfo : de quelle mani\u00e8re la cam\u00e9ra Outisght am\u00e9liore-t-elle la vue des voitures autonomes ?<\/strong><\/p>\n<p><strong>Raul Bravo, co-fondateur d\u2019Outsight<\/strong>\u00a0: notre cam\u00e9ra 3D s\u00e9mantique permet de voir la profondeur des choses, c'est-\u00e0-dire de savoir \u00e0 quelle distance se trouvent des objets. Le terme \"s\u00e9mantique\" signifie qu\u2019elle permet aux voitures autonomes de \"comprendre\" ce qu\u2019elles voient. Elle peut d\u00e9tecter les objets, comme les signaux de trafic, et aussi la composition chimique des mat\u00e9riaux pour savoir s'il s'agit de peau (donc d'un \u00eatre humain), de textile, de m\u00e9tal, de plastique, etc.<\/p>\n<p><strong>La voiture autonome sera-t-elle vraiment\u00a0un jour une r\u00e9alit\u00e9 ?<\/strong><\/p>\n<p>Oui, c\u2019est certain, mais la question est de savoir dans quelles circonstances la voiture autonome pourra circuler. Je ne crois pas qu\u2019il y aura \u00e0 court terme des voitures autonomes omnipr\u00e9sentes dans les centres-villes. Par contre, cela arrivera certainement dans des environnements contr\u00f4l\u00e9s o\u00f9 l\u2019on peut facilement v\u00e9rifier ce qui se passe. Id\u00e9alement, d'un point de vue technique, il faudrait qu\u2019il n\u2019y ait que des voitures autonomes dans les rues, mais c'est \u00e9videmment impossible.<\/p>\n<p><strong>La\u00a0France est-elle, comme on le dit, en retard dans la course \u00e0 l\u2019IA ?<\/strong><\/p>\n<p>Je ne dirais pas que la France est en retard. L\u2019IA est un vaste domaine qui ne peut pas \u00eatre trait\u00e9 comme un seul ensemble. Je pense qu\u2019il y a une forte carte \u00e0 jouer dans l\u2019IA embarqu\u00e9e. Le tissu de talents et d\u2019exp\u00e9riences des ing\u00e9nieurs fran\u00e7ais est sp\u00e9cialement adapt\u00e9 \u00e0 cela.<\/p>\n<p><a href=\"https:\/\/www.francetvinfo.fr\/replay-radio\/nouveau-monde\/nouveau-monde-une-camera-de-conception-francaise-permet-aux-voitures-autonomes-de-comprendre-ce-quelles-voient_3665505.html\"><strong>Source : France Info<\/strong><\/a><\/p>\n","protected":false},"excerpt":{"rendered":"<p>La soci\u00e9t\u00e9 Outsight, bas\u00e9e \u00e0 Paris, a re\u00e7u\u00a0un \"Innovation Award\" pour une cam\u00e9ra 3D s\u00e9mantique. Raoul Bravo, co-fondateur de cette soci\u00e9t\u00e9 est l'invit\u00e9 de J\u00e9r\u00f4me Colombain. franceinfo : de quelle mani\u00e8re la cam\u00e9ra Outisght am\u00e9liore-t-elle la vue des voitures autonomes ? Raul Bravo, co-fondateur d\u2019Outsight\u00a0: notre cam\u00e9ra 3D s\u00e9mantique permet de voir la profondeur des [&hellip;]<\/p>\n","protected":false},"author":2,"featured_media":2901,"comment_status":"open","ping_status":"open","sticky":false,"template":"","format":"standard","meta":{"footnotes":""},"categories":[7],"tags":[17,94,130],"class_list":["post-2900","post","type-post","status-publish","format-standard","has-post-thumbnail","hentry","category-articles-itw","tag-generate","tag-outsight","tag-raul-bravo","post-wrapper"],"yoast_head":"<!-- This site is optimized with the Yoast SEO plugin v27.4 - https:\/\/yoast.com\/product\/yoast-seo-wordpress\/ -->\n<title>Une invention fran\u00e7aise permet aux voitures autonomes de voir la nuit - GENERATE<\/title>\n<meta name=\"robots\" content=\"index, follow, max-snippet:-1, max-image-preview:large, max-video-preview:-1\" \/>\n<link rel=\"canonical\" href=\"https:\/\/generate.fr\/une-invention-francaise-permet-aux-voitures-autonomes-de-voir-la-nuit\/\" \/>\n<meta property=\"og:locale\" content=\"en_US\" \/>\n<meta property=\"og:type\" content=\"article\" \/>\n<meta property=\"og:title\" content=\"Une invention fran\u00e7aise permet aux voitures autonomes de voir la nuit - GENERATE\" \/>\n<meta property=\"og:description\" content=\"La soci\u00e9t\u00e9 Outsight, bas\u00e9e \u00e0 Paris, a re\u00e7u\u00a0un &quot;Innovation Award&quot; pour une cam\u00e9ra 3D s\u00e9mantique. Raoul Bravo, co-fondateur de cette soci\u00e9t\u00e9 est l&#039;invit\u00e9 de J\u00e9r\u00f4me Colombain. franceinfo : de quelle mani\u00e8re la cam\u00e9ra Outisght am\u00e9liore-t-elle la vue des voitures autonomes ? Raul Bravo, co-fondateur d\u2019Outsight\u00a0: notre cam\u00e9ra 3D s\u00e9mantique permet de voir la profondeur des\" \/>\n<meta property=\"og:url\" content=\"https:\/\/generate.fr\/une-invention-francaise-permet-aux-voitures-autonomes-de-voir-la-nuit\/\" \/>\n<meta property=\"og:site_name\" content=\"GENERATE\" \/>\n<meta property=\"article:published_time\" content=\"2019-11-09T22:08:56+00:00\" \/>\n<meta property=\"og:image\" content=\"https:\/\/generate.fr\/wp-content\/uploads\/2019\/11\/20331365.jpg\" \/>\n\t<meta property=\"og:image:width\" content=\"580\" \/>\n\t<meta property=\"og:image:height\" content=\"326\" \/>\n\t<meta property=\"og:image:type\" content=\"image\/jpeg\" \/>\n<meta name=\"author\" content=\"Thomas Kolbe\" \/>\n<meta name=\"twitter:card\" content=\"summary_large_image\" \/>\n<meta name=\"twitter:label1\" content=\"Written by\" \/>\n\t<meta name=\"twitter:data1\" content=\"Thomas Kolbe\" \/>\n\t<meta name=\"twitter:label2\" content=\"Est. reading time\" \/>\n\t<meta name=\"twitter:data2\" content=\"2 minutes\" \/>\n<script type=\"application\/ld+json\" class=\"yoast-schema-graph\">{\"@context\":\"https:\\\/\\\/schema.org\",\"@graph\":[{\"@type\":\"Article\",\"@id\":\"https:\\\/\\\/generate.fr\\\/une-invention-francaise-permet-aux-voitures-autonomes-de-voir-la-nuit\\\/#article\",\"isPartOf\":{\"@id\":\"https:\\\/\\\/generate.fr\\\/une-invention-francaise-permet-aux-voitures-autonomes-de-voir-la-nuit\\\/\"},\"author\":{\"name\":\"Thomas Kolbe\",\"@id\":\"https:\\\/\\\/generate.fr\\\/#\\\/schema\\\/person\\\/2895efb6d641efb3170ace8678ace18c\"},\"headline\":\"Une invention fran\u00e7aise permet aux voitures autonomes de voir la nuit\",\"datePublished\":\"2019-11-09T22:08:56+00:00\",\"mainEntityOfPage\":{\"@id\":\"https:\\\/\\\/generate.fr\\\/une-invention-francaise-permet-aux-voitures-autonomes-de-voir-la-nuit\\\/\"},\"wordCount\":320,\"commentCount\":0,\"publisher\":{\"@id\":\"https:\\\/\\\/generate.fr\\\/#organization\"},\"image\":{\"@id\":\"https:\\\/\\\/generate.fr\\\/une-invention-francaise-permet-aux-voitures-autonomes-de-voir-la-nuit\\\/#primaryimage\"},\"thumbnailUrl\":\"https:\\\/\\\/generate.fr\\\/wp-content\\\/uploads\\\/2019\\\/11\\\/20331365.jpg\",\"keywords\":[\"GENERATE\",\"OUTSIGHT\",\"Raul Bravo\"],\"articleSection\":[\"Articles &amp; ITW\"],\"inLanguage\":\"en-US\",\"potentialAction\":[{\"@type\":\"CommentAction\",\"name\":\"Comment\",\"target\":[\"https:\\\/\\\/generate.fr\\\/une-invention-francaise-permet-aux-voitures-autonomes-de-voir-la-nuit\\\/#respond\"]}]},{\"@type\":\"WebPage\",\"@id\":\"https:\\\/\\\/generate.fr\\\/une-invention-francaise-permet-aux-voitures-autonomes-de-voir-la-nuit\\\/\",\"url\":\"https:\\\/\\\/generate.fr\\\/une-invention-francaise-permet-aux-voitures-autonomes-de-voir-la-nuit\\\/\",\"name\":\"Une invention fran\u00e7aise permet aux voitures autonomes de voir la nuit - GENERATE\",\"isPartOf\":{\"@id\":\"https:\\\/\\\/generate.fr\\\/#website\"},\"primaryImageOfPage\":{\"@id\":\"https:\\\/\\\/generate.fr\\\/une-invention-francaise-permet-aux-voitures-autonomes-de-voir-la-nuit\\\/#primaryimage\"},\"image\":{\"@id\":\"https:\\\/\\\/generate.fr\\\/une-invention-francaise-permet-aux-voitures-autonomes-de-voir-la-nuit\\\/#primaryimage\"},\"thumbnailUrl\":\"https:\\\/\\\/generate.fr\\\/wp-content\\\/uploads\\\/2019\\\/11\\\/20331365.jpg\",\"datePublished\":\"2019-11-09T22:08:56+00:00\",\"breadcrumb\":{\"@id\":\"https:\\\/\\\/generate.fr\\\/une-invention-francaise-permet-aux-voitures-autonomes-de-voir-la-nuit\\\/#breadcrumb\"},\"inLanguage\":\"en-US\",\"potentialAction\":[{\"@type\":\"ReadAction\",\"target\":[\"https:\\\/\\\/generate.fr\\\/une-invention-francaise-permet-aux-voitures-autonomes-de-voir-la-nuit\\\/\"]}]},{\"@type\":\"ImageObject\",\"inLanguage\":\"en-US\",\"@id\":\"https:\\\/\\\/generate.fr\\\/une-invention-francaise-permet-aux-voitures-autonomes-de-voir-la-nuit\\\/#primaryimage\",\"url\":\"https:\\\/\\\/generate.fr\\\/wp-content\\\/uploads\\\/2019\\\/11\\\/20331365.jpg\",\"contentUrl\":\"https:\\\/\\\/generate.fr\\\/wp-content\\\/uploads\\\/2019\\\/11\\\/20331365.jpg\",\"width\":580,\"height\":326},{\"@type\":\"BreadcrumbList\",\"@id\":\"https:\\\/\\\/generate.fr\\\/une-invention-francaise-permet-aux-voitures-autonomes-de-voir-la-nuit\\\/#breadcrumb\",\"itemListElement\":[{\"@type\":\"ListItem\",\"position\":1,\"name\":\"Accueil\",\"item\":\"https:\\\/\\\/generate.fr\\\/\"},{\"@type\":\"ListItem\",\"position\":2,\"name\":\"Une invention fran\u00e7aise permet aux voitures autonomes de voir la nuit\"}]},{\"@type\":\"WebSite\",\"@id\":\"https:\\\/\\\/generate.fr\\\/#website\",\"url\":\"https:\\\/\\\/generate.fr\\\/\",\"name\":\"GENERATE\",\"description\":\"Acc\u00e9l\u00e9rateur d&#039;innovation pour la D\u00e9fense et la S\u00e9curit\u00e9\",\"publisher\":{\"@id\":\"https:\\\/\\\/generate.fr\\\/#organization\"},\"potentialAction\":[{\"@type\":\"SearchAction\",\"target\":{\"@type\":\"EntryPoint\",\"urlTemplate\":\"https:\\\/\\\/generate.fr\\\/?s={search_term_string}\"},\"query-input\":{\"@type\":\"PropertyValueSpecification\",\"valueRequired\":true,\"valueName\":\"search_term_string\"}}],\"inLanguage\":\"en-US\"},{\"@type\":\"Organization\",\"@id\":\"https:\\\/\\\/generate.fr\\\/#organization\",\"name\":\"Generate\",\"url\":\"https:\\\/\\\/generate.fr\\\/\",\"logo\":{\"@type\":\"ImageObject\",\"inLanguage\":\"en-US\",\"@id\":\"https:\\\/\\\/generate.fr\\\/#\\\/schema\\\/logo\\\/image\\\/\",\"url\":\"https:\\\/\\\/generate.fr\\\/wp-content\\\/uploads\\\/2019\\\/05\\\/Generate.png\",\"contentUrl\":\"https:\\\/\\\/generate.fr\\\/wp-content\\\/uploads\\\/2019\\\/05\\\/Generate.png\",\"width\":1000,\"height\":316,\"caption\":\"Generate\"},\"image\":{\"@id\":\"https:\\\/\\\/generate.fr\\\/#\\\/schema\\\/logo\\\/image\\\/\"},\"sameAs\":[\"https:\\\/\\\/www.youtube.com\\\/channel\\\/UCsoYfr1MZdZT2bqI7CNN1Rw\"]},{\"@type\":\"Person\",\"@id\":\"https:\\\/\\\/generate.fr\\\/#\\\/schema\\\/person\\\/2895efb6d641efb3170ace8678ace18c\",\"name\":\"Thomas Kolbe\",\"image\":{\"@type\":\"ImageObject\",\"inLanguage\":\"en-US\",\"@id\":\"https:\\\/\\\/secure.gravatar.com\\\/avatar\\\/528dc96708c82c0f0c26eba076b7ff225f08450c6a1be4d0b029763b2d76ef7a?s=96&d=mm&r=g\",\"url\":\"https:\\\/\\\/secure.gravatar.com\\\/avatar\\\/528dc96708c82c0f0c26eba076b7ff225f08450c6a1be4d0b029763b2d76ef7a?s=96&d=mm&r=g\",\"contentUrl\":\"https:\\\/\\\/secure.gravatar.com\\\/avatar\\\/528dc96708c82c0f0c26eba076b7ff225f08450c6a1be4d0b029763b2d76ef7a?s=96&d=mm&r=g\",\"caption\":\"Thomas Kolbe\"},\"url\":\"https:\\\/\\\/generate.fr\\\/en\\\/author\\\/editeur\\\/\"}]}<\/script>\n<!-- \/ Yoast SEO plugin. -->","yoast_head_json":{"title":"Une invention fran\u00e7aise permet aux voitures autonomes de voir la nuit - GENERATE","robots":{"index":"index","follow":"follow","max-snippet":"max-snippet:-1","max-image-preview":"max-image-preview:large","max-video-preview":"max-video-preview:-1"},"canonical":"https:\/\/generate.fr\/une-invention-francaise-permet-aux-voitures-autonomes-de-voir-la-nuit\/","og_locale":"en_US","og_type":"article","og_title":"Une invention fran\u00e7aise permet aux voitures autonomes de voir la nuit - GENERATE","og_description":"La soci\u00e9t\u00e9 Outsight, bas\u00e9e \u00e0 Paris, a re\u00e7u\u00a0un \"Innovation Award\" pour une cam\u00e9ra 3D s\u00e9mantique. Raoul Bravo, co-fondateur de cette soci\u00e9t\u00e9 est l'invit\u00e9 de J\u00e9r\u00f4me Colombain. franceinfo : de quelle mani\u00e8re la cam\u00e9ra Outisght am\u00e9liore-t-elle la vue des voitures autonomes ? Raul Bravo, co-fondateur d\u2019Outsight\u00a0: notre cam\u00e9ra 3D s\u00e9mantique permet de voir la profondeur des","og_url":"https:\/\/generate.fr\/une-invention-francaise-permet-aux-voitures-autonomes-de-voir-la-nuit\/","og_site_name":"GENERATE","article_published_time":"2019-11-09T22:08:56+00:00","og_image":[{"width":580,"height":326,"url":"https:\/\/generate.fr\/wp-content\/uploads\/2019\/11\/20331365.jpg","type":"image\/jpeg"}],"author":"Thomas Kolbe","twitter_card":"summary_large_image","twitter_misc":{"Written by":"Thomas Kolbe","Est. reading time":"2 minutes"},"schema":{"@context":"https:\/\/schema.org","@graph":[{"@type":"Article","@id":"https:\/\/generate.fr\/une-invention-francaise-permet-aux-voitures-autonomes-de-voir-la-nuit\/#article","isPartOf":{"@id":"https:\/\/generate.fr\/une-invention-francaise-permet-aux-voitures-autonomes-de-voir-la-nuit\/"},"author":{"name":"Thomas Kolbe","@id":"https:\/\/generate.fr\/#\/schema\/person\/2895efb6d641efb3170ace8678ace18c"},"headline":"Une invention fran\u00e7aise permet aux voitures autonomes de voir la nuit","datePublished":"2019-11-09T22:08:56+00:00","mainEntityOfPage":{"@id":"https:\/\/generate.fr\/une-invention-francaise-permet-aux-voitures-autonomes-de-voir-la-nuit\/"},"wordCount":320,"commentCount":0,"publisher":{"@id":"https:\/\/generate.fr\/#organization"},"image":{"@id":"https:\/\/generate.fr\/une-invention-francaise-permet-aux-voitures-autonomes-de-voir-la-nuit\/#primaryimage"},"thumbnailUrl":"https:\/\/generate.fr\/wp-content\/uploads\/2019\/11\/20331365.jpg","keywords":["GENERATE","OUTSIGHT","Raul Bravo"],"articleSection":["Articles &amp; ITW"],"inLanguage":"en-US","potentialAction":[{"@type":"CommentAction","name":"Comment","target":["https:\/\/generate.fr\/une-invention-francaise-permet-aux-voitures-autonomes-de-voir-la-nuit\/#respond"]}]},{"@type":"WebPage","@id":"https:\/\/generate.fr\/une-invention-francaise-permet-aux-voitures-autonomes-de-voir-la-nuit\/","url":"https:\/\/generate.fr\/une-invention-francaise-permet-aux-voitures-autonomes-de-voir-la-nuit\/","name":"Une invention fran\u00e7aise permet aux voitures autonomes de voir la nuit - GENERATE","isPartOf":{"@id":"https:\/\/generate.fr\/#website"},"primaryImageOfPage":{"@id":"https:\/\/generate.fr\/une-invention-francaise-permet-aux-voitures-autonomes-de-voir-la-nuit\/#primaryimage"},"image":{"@id":"https:\/\/generate.fr\/une-invention-francaise-permet-aux-voitures-autonomes-de-voir-la-nuit\/#primaryimage"},"thumbnailUrl":"https:\/\/generate.fr\/wp-content\/uploads\/2019\/11\/20331365.jpg","datePublished":"2019-11-09T22:08:56+00:00","breadcrumb":{"@id":"https:\/\/generate.fr\/une-invention-francaise-permet-aux-voitures-autonomes-de-voir-la-nuit\/#breadcrumb"},"inLanguage":"en-US","potentialAction":[{"@type":"ReadAction","target":["https:\/\/generate.fr\/une-invention-francaise-permet-aux-voitures-autonomes-de-voir-la-nuit\/"]}]},{"@type":"ImageObject","inLanguage":"en-US","@id":"https:\/\/generate.fr\/une-invention-francaise-permet-aux-voitures-autonomes-de-voir-la-nuit\/#primaryimage","url":"https:\/\/generate.fr\/wp-content\/uploads\/2019\/11\/20331365.jpg","contentUrl":"https:\/\/generate.fr\/wp-content\/uploads\/2019\/11\/20331365.jpg","width":580,"height":326},{"@type":"BreadcrumbList","@id":"https:\/\/generate.fr\/une-invention-francaise-permet-aux-voitures-autonomes-de-voir-la-nuit\/#breadcrumb","itemListElement":[{"@type":"ListItem","position":1,"name":"Accueil","item":"https:\/\/generate.fr\/"},{"@type":"ListItem","position":2,"name":"Une invention fran\u00e7aise permet aux voitures autonomes de voir la nuit"}]},{"@type":"WebSite","@id":"https:\/\/generate.fr\/#website","url":"https:\/\/generate.fr\/","name":"GENERATE","description":"Acc\u00e9l\u00e9rateur d&#039;innovation pour la D\u00e9fense et la S\u00e9curit\u00e9","publisher":{"@id":"https:\/\/generate.fr\/#organization"},"potentialAction":[{"@type":"SearchAction","target":{"@type":"EntryPoint","urlTemplate":"https:\/\/generate.fr\/?s={search_term_string}"},"query-input":{"@type":"PropertyValueSpecification","valueRequired":true,"valueName":"search_term_string"}}],"inLanguage":"en-US"},{"@type":"Organization","@id":"https:\/\/generate.fr\/#organization","name":"Generate","url":"https:\/\/generate.fr\/","logo":{"@type":"ImageObject","inLanguage":"en-US","@id":"https:\/\/generate.fr\/#\/schema\/logo\/image\/","url":"https:\/\/generate.fr\/wp-content\/uploads\/2019\/05\/Generate.png","contentUrl":"https:\/\/generate.fr\/wp-content\/uploads\/2019\/05\/Generate.png","width":1000,"height":316,"caption":"Generate"},"image":{"@id":"https:\/\/generate.fr\/#\/schema\/logo\/image\/"},"sameAs":["https:\/\/www.youtube.com\/channel\/UCsoYfr1MZdZT2bqI7CNN1Rw"]},{"@type":"Person","@id":"https:\/\/generate.fr\/#\/schema\/person\/2895efb6d641efb3170ace8678ace18c","name":"Thomas Kolbe","image":{"@type":"ImageObject","inLanguage":"en-US","@id":"https:\/\/secure.gravatar.com\/avatar\/528dc96708c82c0f0c26eba076b7ff225f08450c6a1be4d0b029763b2d76ef7a?s=96&d=mm&r=g","url":"https:\/\/secure.gravatar.com\/avatar\/528dc96708c82c0f0c26eba076b7ff225f08450c6a1be4d0b029763b2d76ef7a?s=96&d=mm&r=g","contentUrl":"https:\/\/secure.gravatar.com\/avatar\/528dc96708c82c0f0c26eba076b7ff225f08450c6a1be4d0b029763b2d76ef7a?s=96&d=mm&r=g","caption":"Thomas Kolbe"},"url":"https:\/\/generate.fr\/en\/author\/editeur\/"}]}},"_links":{"self":[{"href":"https:\/\/generate.fr\/en\/wp-json\/wp\/v2\/posts\/2900","targetHints":{"allow":["GET"]}}],"collection":[{"href":"https:\/\/generate.fr\/en\/wp-json\/wp\/v2\/posts"}],"about":[{"href":"https:\/\/generate.fr\/en\/wp-json\/wp\/v2\/types\/post"}],"author":[{"embeddable":true,"href":"https:\/\/generate.fr\/en\/wp-json\/wp\/v2\/users\/2"}],"replies":[{"embeddable":true,"href":"https:\/\/generate.fr\/en\/wp-json\/wp\/v2\/comments?post=2900"}],"version-history":[{"count":1,"href":"https:\/\/generate.fr\/en\/wp-json\/wp\/v2\/posts\/2900\/revisions"}],"predecessor-version":[{"id":2903,"href":"https:\/\/generate.fr\/en\/wp-json\/wp\/v2\/posts\/2900\/revisions\/2903"}],"wp:featuredmedia":[{"embeddable":true,"href":"https:\/\/generate.fr\/en\/wp-json\/wp\/v2\/media\/2901"}],"wp:attachment":[{"href":"https:\/\/generate.fr\/en\/wp-json\/wp\/v2\/media?parent=2900"}],"wp:term":[{"taxonomy":"category","embeddable":true,"href":"https:\/\/generate.fr\/en\/wp-json\/wp\/v2\/categories?post=2900"},{"taxonomy":"post_tag","embeddable":true,"href":"https:\/\/generate.fr\/en\/wp-json\/wp\/v2\/tags?post=2900"}],"curies":[{"name":"wp","href":"https:\/\/api.w.org\/{rel}","templated":true}]}}