{"id":2938,"date":"2019-11-22T09:32:18","date_gmt":"2019-11-22T09:32:18","guid":{"rendered":"https:\/\/generate.fr\/?p=2938"},"modified":"2019-11-22T09:32:18","modified_gmt":"2019-11-22T09:32:18","slug":"labcoor-leve-200-ke-et-passe-a-la-vitesse-superieure","status":"publish","type":"post","link":"https:\/\/generate.fr\/en\/labcoor-leve-200-ke-et-passe-a-la-vitesse-superieure\/","title":{"rendered":"Labcoor l\u00e8ve 200 K\u20ac et passe \u00e0 la vitesse sup\u00e9rieure."},"content":{"rendered":"<p><strong>Le moins que l\u2019on puisse dire c\u2019est que la rentr\u00e9e est charg\u00e9e pour Labcoor\u00a0: apr\u00e8s de tr\u00e8s bons r\u00e9sultats obtenus dans le cadre d\u2019un POC organis\u00e9 au mois de juillet en partenariat avec Thal\u00e8s \u00e0 l\u2019Ecole Polytechnique, Labcoor annonce en effet l\u2019obtention d\u2019une subvention de 150 000 \u20ac dans le cadre de l\u2019Innov\u2019Up Proto dont il a \u00e9t\u00e9 laur\u00e9at, ainsi que d\u2019un pr\u00eat d\u2019honneur de 50 000 \u20ac aupr\u00e8s de SQY Initiative. Retour sur les r\u00e9cents succ\u00e8s de cette start-up prometteuse avec Vincent Charpentier, son pr\u00e9sident.<\/strong><\/p>\n<p><strong>Pouvez-vous, en quelques mots, revenir sur l\u2019origine de Labcoor\u00a0?<\/strong><\/p>\n<p>Labcoor est n\u00e9e en janvier 2018 de la volont\u00e9 d\u2019une \u00e9quipe de sp\u00e9cialistes en s\u00fbret\u00e9 de simplifier, d\u2019adapter et de renforcer les dispositifs de s\u00fbret\u00e9 d\u00e9di\u00e9s aux manifestations sportives et culturelles et ainsi de r\u00e9pondre au mieux \u00e0 l\u2019\u00e9volution de la menace et des probl\u00e9matiques actuelles.<\/p>\n<p><strong>Concr\u00e8tement que proposez-vous\u00a0?<\/strong><\/p>\n<p>Nous travaillons au d\u00e9veloppement d\u2019une solution innovante de s\u00e9curisation permettant, lors d\u2019\u00e9v\u00e9nements sportifs ou culturels, de contr\u00f4ler du public en masse \u2013 5000 personnes par heure \u2013 sans contrainte de type fouille au corps ou ouverture de sacs. Une solution simple et efficace qui devrait en outre permettre de r\u00e9organiser les effectifs de s\u00e9curit\u00e9 autour de la solution Labcoor.<\/p>\n<p><strong>O\u00f9 en \u00eates-vous du d\u00e9veloppement de cette solution\u00a0?<\/strong><\/p>\n<p>Nous avons achev\u00e9 cet \u00e9t\u00e9 une maquette \u00e0 l\u2019\u00e9chelle 1 et obtenu de tr\u00e8s bons r\u00e9sultats dans le cadre d\u2019un POC r\u00e9alis\u00e9 \u00e0 l\u2019Ecole Polytechnique en partenariat avec Thal\u00e8s. Des r\u00e9sultats qui nous ont permis d\u2019obtenir une subvention de 150 000 \u20ac dans le cadre de l\u2019Innov\u2019Up Proto dont nous avons \u00e9t\u00e9 laur\u00e9ats ainsi qu\u2019un pr\u00eat d\u2019honneur de 50 000 euros aupr\u00e8s de SQY Initiatives.<\/p>\n<p><strong>De quoi passer \u00e0 la vitesse sup\u00e9rieure\u2026<\/strong><\/p>\n<p>Oui nous envisageons en effet de d\u00e9buter d\u00e8s le mois de novembre le d\u00e9veloppement de notre produit,\u00a0<em>Lab One by Labcoor<\/em>, la premi\u00e8re unit\u00e9 mobile de s\u00e9curisation des \u00e9v\u00e9nements sportifs et culturels. Nous pr\u00e9voyons \u00e9galement d\u2019acc\u00e9l\u00e9rer l\u2019industrialisation de nos solutions courant 2020, \u00e9ventuellement en ayant recours \u00e0 une nouvelle lev\u00e9e de fonds.<\/p>\n<p><strong>Quel a \u00e9t\u00e9 l\u2019apport d\u2019IncubAlliance dans votre parcours\u00a0?<\/strong><\/p>\n<p>Il a \u00e9t\u00e9 d\u00e9terminant, que ce soit dans le cadre du Genesis Lab ou de notre incubation au sein du\u00a0<strong><a href=\"http:\/\/www.sqyentreprises.com\/sqy-cub-creer-et-developper-son-entreprise\/\">SQY CUB<\/a><\/strong>. Gr\u00e2ce aux experts d\u2019IncubAlliance et \u00e0 son r\u00e9seau de partenaires de haut niveau qui nous ont accompagn\u00e9s, conseill\u00e9s et coach\u00e9s au quotidien, nous avons en effet pu nous poser les bonnes questions, \u00e9viter certains pi\u00e8ges, consolider notre projet et ainsi acc\u00e9l\u00e9rer notre d\u00e9veloppement.<\/p>\n<p><strong>Pour en savoir plus sur Labcoor\u00a0<\/strong>:\u00a0<a href=\"http:\/\/labcoor.com\/\">http:\/\/labcoor.com\u00a0<\/a><\/p>\n<p><a href=\"https:\/\/www.incuballiance.fr\/labcoor-leve-200-k-euros-et-passe-a-la-vitesse-superieure.html\"><strong>Source : INCUBALLIANCE<\/strong><\/a><\/p>\n","protected":false},"excerpt":{"rendered":"<p>Le moins que l\u2019on puisse dire c\u2019est que la rentr\u00e9e est charg\u00e9e pour Labcoor\u00a0: apr\u00e8s de tr\u00e8s bons r\u00e9sultats obtenus dans le cadre d\u2019un POC organis\u00e9 au mois de juillet en partenariat avec Thal\u00e8s \u00e0 l\u2019Ecole Polytechnique, Labcoor annonce en effet l\u2019obtention d\u2019une subvention de 150 000 \u20ac dans le cadre de l\u2019Innov\u2019Up Proto dont [&hellip;]<\/p>\n","protected":false},"author":2,"featured_media":2941,"comment_status":"open","ping_status":"open","sticky":false,"template":"","format":"standard","meta":{"footnotes":""},"categories":[7],"tags":[17,138,16],"class_list":["post-2938","post","type-post","status-publish","format-standard","has-post-thumbnail","hentry","category-articles-itw","tag-generate","tag-labcoor","tag-securite","post-wrapper"],"yoast_head":"<!-- This site is optimized with the Yoast SEO plugin v27.4 - https:\/\/yoast.com\/product\/yoast-seo-wordpress\/ -->\n<title>Labcoor l\u00e8ve 200 K\u20ac et passe \u00e0 la vitesse sup\u00e9rieure. - GENERATE<\/title>\n<meta name=\"robots\" content=\"index, follow, max-snippet:-1, max-image-preview:large, max-video-preview:-1\" \/>\n<link rel=\"canonical\" href=\"https:\/\/generate.fr\/labcoor-leve-200-ke-et-passe-a-la-vitesse-superieure\/\" \/>\n<meta property=\"og:locale\" content=\"en_US\" \/>\n<meta property=\"og:type\" content=\"article\" \/>\n<meta property=\"og:title\" content=\"Labcoor l\u00e8ve 200 K\u20ac et passe \u00e0 la vitesse sup\u00e9rieure. - GENERATE\" \/>\n<meta property=\"og:description\" content=\"Le moins que l\u2019on puisse dire c\u2019est que la rentr\u00e9e est charg\u00e9e pour Labcoor\u00a0: apr\u00e8s de tr\u00e8s bons r\u00e9sultats obtenus dans le cadre d\u2019un POC organis\u00e9 au mois de juillet en partenariat avec Thal\u00e8s \u00e0 l\u2019Ecole Polytechnique, Labcoor annonce en effet l\u2019obtention d\u2019une subvention de 150 000 \u20ac dans le cadre de l\u2019Innov\u2019Up Proto dont\" \/>\n<meta property=\"og:url\" content=\"https:\/\/generate.fr\/labcoor-leve-200-ke-et-passe-a-la-vitesse-superieure\/\" \/>\n<meta property=\"og:site_name\" content=\"GENERATE\" \/>\n<meta property=\"article:published_time\" content=\"2019-11-22T09:32:18+00:00\" \/>\n<meta property=\"og:image\" content=\"https:\/\/generate.fr\/wp-content\/uploads\/2019\/11\/Capture-d\u2019e\u0301cran-2019-11-22-a\u0300-10.31.39.png\" \/>\n\t<meta property=\"og:image:width\" content=\"1326\" \/>\n\t<meta property=\"og:image:height\" content=\"846\" \/>\n\t<meta property=\"og:image:type\" content=\"image\/png\" \/>\n<meta name=\"author\" content=\"Thomas Kolbe\" \/>\n<meta name=\"twitter:card\" content=\"summary_large_image\" \/>\n<meta name=\"twitter:label1\" content=\"Written by\" \/>\n\t<meta name=\"twitter:data1\" content=\"Thomas Kolbe\" \/>\n\t<meta name=\"twitter:label2\" content=\"Est. reading time\" \/>\n\t<meta name=\"twitter:data2\" content=\"2 minutes\" \/>\n<script type=\"application\/ld+json\" class=\"yoast-schema-graph\">{\"@context\":\"https:\\\/\\\/schema.org\",\"@graph\":[{\"@type\":\"Article\",\"@id\":\"https:\\\/\\\/generate.fr\\\/labcoor-leve-200-ke-et-passe-a-la-vitesse-superieure\\\/#article\",\"isPartOf\":{\"@id\":\"https:\\\/\\\/generate.fr\\\/labcoor-leve-200-ke-et-passe-a-la-vitesse-superieure\\\/\"},\"author\":{\"name\":\"Thomas Kolbe\",\"@id\":\"https:\\\/\\\/generate.fr\\\/#\\\/schema\\\/person\\\/2895efb6d641efb3170ace8678ace18c\"},\"headline\":\"Labcoor l\u00e8ve 200 K\u20ac et passe \u00e0 la vitesse sup\u00e9rieure.\",\"datePublished\":\"2019-11-22T09:32:18+00:00\",\"mainEntityOfPage\":{\"@id\":\"https:\\\/\\\/generate.fr\\\/labcoor-leve-200-ke-et-passe-a-la-vitesse-superieure\\\/\"},\"wordCount\":491,\"commentCount\":0,\"publisher\":{\"@id\":\"https:\\\/\\\/generate.fr\\\/#organization\"},\"image\":{\"@id\":\"https:\\\/\\\/generate.fr\\\/labcoor-leve-200-ke-et-passe-a-la-vitesse-superieure\\\/#primaryimage\"},\"thumbnailUrl\":\"https:\\\/\\\/generate.fr\\\/wp-content\\\/uploads\\\/2019\\\/11\\\/Capture-d\u2019e\u0301cran-2019-11-22-a\u0300-10.31.39.png\",\"keywords\":[\"GENERATE\",\"LABCOOR\",\"S\u00e9curit\u00e9\"],\"articleSection\":[\"Articles &amp; ITW\"],\"inLanguage\":\"en-US\",\"potentialAction\":[{\"@type\":\"CommentAction\",\"name\":\"Comment\",\"target\":[\"https:\\\/\\\/generate.fr\\\/labcoor-leve-200-ke-et-passe-a-la-vitesse-superieure\\\/#respond\"]}]},{\"@type\":\"WebPage\",\"@id\":\"https:\\\/\\\/generate.fr\\\/labcoor-leve-200-ke-et-passe-a-la-vitesse-superieure\\\/\",\"url\":\"https:\\\/\\\/generate.fr\\\/labcoor-leve-200-ke-et-passe-a-la-vitesse-superieure\\\/\",\"name\":\"Labcoor l\u00e8ve 200 K\u20ac et passe \u00e0 la vitesse sup\u00e9rieure. - GENERATE\",\"isPartOf\":{\"@id\":\"https:\\\/\\\/generate.fr\\\/#website\"},\"primaryImageOfPage\":{\"@id\":\"https:\\\/\\\/generate.fr\\\/labcoor-leve-200-ke-et-passe-a-la-vitesse-superieure\\\/#primaryimage\"},\"image\":{\"@id\":\"https:\\\/\\\/generate.fr\\\/labcoor-leve-200-ke-et-passe-a-la-vitesse-superieure\\\/#primaryimage\"},\"thumbnailUrl\":\"https:\\\/\\\/generate.fr\\\/wp-content\\\/uploads\\\/2019\\\/11\\\/Capture-d\u2019e\u0301cran-2019-11-22-a\u0300-10.31.39.png\",\"datePublished\":\"2019-11-22T09:32:18+00:00\",\"breadcrumb\":{\"@id\":\"https:\\\/\\\/generate.fr\\\/labcoor-leve-200-ke-et-passe-a-la-vitesse-superieure\\\/#breadcrumb\"},\"inLanguage\":\"en-US\",\"potentialAction\":[{\"@type\":\"ReadAction\",\"target\":[\"https:\\\/\\\/generate.fr\\\/labcoor-leve-200-ke-et-passe-a-la-vitesse-superieure\\\/\"]}]},{\"@type\":\"ImageObject\",\"inLanguage\":\"en-US\",\"@id\":\"https:\\\/\\\/generate.fr\\\/labcoor-leve-200-ke-et-passe-a-la-vitesse-superieure\\\/#primaryimage\",\"url\":\"https:\\\/\\\/generate.fr\\\/wp-content\\\/uploads\\\/2019\\\/11\\\/Capture-d\u2019e\u0301cran-2019-11-22-a\u0300-10.31.39.png\",\"contentUrl\":\"https:\\\/\\\/generate.fr\\\/wp-content\\\/uploads\\\/2019\\\/11\\\/Capture-d\u2019e\u0301cran-2019-11-22-a\u0300-10.31.39.png\",\"width\":1326,\"height\":846},{\"@type\":\"BreadcrumbList\",\"@id\":\"https:\\\/\\\/generate.fr\\\/labcoor-leve-200-ke-et-passe-a-la-vitesse-superieure\\\/#breadcrumb\",\"itemListElement\":[{\"@type\":\"ListItem\",\"position\":1,\"name\":\"Accueil\",\"item\":\"https:\\\/\\\/generate.fr\\\/\"},{\"@type\":\"ListItem\",\"position\":2,\"name\":\"Labcoor l\u00e8ve 200 K\u20ac et passe \u00e0 la vitesse sup\u00e9rieure.\"}]},{\"@type\":\"WebSite\",\"@id\":\"https:\\\/\\\/generate.fr\\\/#website\",\"url\":\"https:\\\/\\\/generate.fr\\\/\",\"name\":\"GENERATE\",\"description\":\"Acc\u00e9l\u00e9rateur d&#039;innovation pour la D\u00e9fense et la S\u00e9curit\u00e9\",\"publisher\":{\"@id\":\"https:\\\/\\\/generate.fr\\\/#organization\"},\"potentialAction\":[{\"@type\":\"SearchAction\",\"target\":{\"@type\":\"EntryPoint\",\"urlTemplate\":\"https:\\\/\\\/generate.fr\\\/?s={search_term_string}\"},\"query-input\":{\"@type\":\"PropertyValueSpecification\",\"valueRequired\":true,\"valueName\":\"search_term_string\"}}],\"inLanguage\":\"en-US\"},{\"@type\":\"Organization\",\"@id\":\"https:\\\/\\\/generate.fr\\\/#organization\",\"name\":\"Generate\",\"url\":\"https:\\\/\\\/generate.fr\\\/\",\"logo\":{\"@type\":\"ImageObject\",\"inLanguage\":\"en-US\",\"@id\":\"https:\\\/\\\/generate.fr\\\/#\\\/schema\\\/logo\\\/image\\\/\",\"url\":\"https:\\\/\\\/generate.fr\\\/wp-content\\\/uploads\\\/2019\\\/05\\\/Generate.png\",\"contentUrl\":\"https:\\\/\\\/generate.fr\\\/wp-content\\\/uploads\\\/2019\\\/05\\\/Generate.png\",\"width\":1000,\"height\":316,\"caption\":\"Generate\"},\"image\":{\"@id\":\"https:\\\/\\\/generate.fr\\\/#\\\/schema\\\/logo\\\/image\\\/\"},\"sameAs\":[\"https:\\\/\\\/www.youtube.com\\\/channel\\\/UCsoYfr1MZdZT2bqI7CNN1Rw\"]},{\"@type\":\"Person\",\"@id\":\"https:\\\/\\\/generate.fr\\\/#\\\/schema\\\/person\\\/2895efb6d641efb3170ace8678ace18c\",\"name\":\"Thomas Kolbe\",\"image\":{\"@type\":\"ImageObject\",\"inLanguage\":\"en-US\",\"@id\":\"https:\\\/\\\/secure.gravatar.com\\\/avatar\\\/528dc96708c82c0f0c26eba076b7ff225f08450c6a1be4d0b029763b2d76ef7a?s=96&d=mm&r=g\",\"url\":\"https:\\\/\\\/secure.gravatar.com\\\/avatar\\\/528dc96708c82c0f0c26eba076b7ff225f08450c6a1be4d0b029763b2d76ef7a?s=96&d=mm&r=g\",\"contentUrl\":\"https:\\\/\\\/secure.gravatar.com\\\/avatar\\\/528dc96708c82c0f0c26eba076b7ff225f08450c6a1be4d0b029763b2d76ef7a?s=96&d=mm&r=g\",\"caption\":\"Thomas Kolbe\"},\"url\":\"https:\\\/\\\/generate.fr\\\/en\\\/author\\\/editeur\\\/\"}]}<\/script>\n<!-- \/ Yoast SEO plugin. -->","yoast_head_json":{"title":"Labcoor l\u00e8ve 200 K\u20ac et passe \u00e0 la vitesse sup\u00e9rieure. - GENERATE","robots":{"index":"index","follow":"follow","max-snippet":"max-snippet:-1","max-image-preview":"max-image-preview:large","max-video-preview":"max-video-preview:-1"},"canonical":"https:\/\/generate.fr\/labcoor-leve-200-ke-et-passe-a-la-vitesse-superieure\/","og_locale":"en_US","og_type":"article","og_title":"Labcoor l\u00e8ve 200 K\u20ac et passe \u00e0 la vitesse sup\u00e9rieure. - GENERATE","og_description":"Le moins que l\u2019on puisse dire c\u2019est que la rentr\u00e9e est charg\u00e9e pour Labcoor\u00a0: apr\u00e8s de tr\u00e8s bons r\u00e9sultats obtenus dans le cadre d\u2019un POC organis\u00e9 au mois de juillet en partenariat avec Thal\u00e8s \u00e0 l\u2019Ecole Polytechnique, Labcoor annonce en effet l\u2019obtention d\u2019une subvention de 150 000 \u20ac dans le cadre de l\u2019Innov\u2019Up Proto dont","og_url":"https:\/\/generate.fr\/labcoor-leve-200-ke-et-passe-a-la-vitesse-superieure\/","og_site_name":"GENERATE","article_published_time":"2019-11-22T09:32:18+00:00","og_image":[{"width":1326,"height":846,"url":"https:\/\/generate.fr\/wp-content\/uploads\/2019\/11\/Capture-d\u2019e\u0301cran-2019-11-22-a\u0300-10.31.39.png","type":"image\/png"}],"author":"Thomas Kolbe","twitter_card":"summary_large_image","twitter_misc":{"Written by":"Thomas Kolbe","Est. reading time":"2 minutes"},"schema":{"@context":"https:\/\/schema.org","@graph":[{"@type":"Article","@id":"https:\/\/generate.fr\/labcoor-leve-200-ke-et-passe-a-la-vitesse-superieure\/#article","isPartOf":{"@id":"https:\/\/generate.fr\/labcoor-leve-200-ke-et-passe-a-la-vitesse-superieure\/"},"author":{"name":"Thomas Kolbe","@id":"https:\/\/generate.fr\/#\/schema\/person\/2895efb6d641efb3170ace8678ace18c"},"headline":"Labcoor l\u00e8ve 200 K\u20ac et passe \u00e0 la vitesse sup\u00e9rieure.","datePublished":"2019-11-22T09:32:18+00:00","mainEntityOfPage":{"@id":"https:\/\/generate.fr\/labcoor-leve-200-ke-et-passe-a-la-vitesse-superieure\/"},"wordCount":491,"commentCount":0,"publisher":{"@id":"https:\/\/generate.fr\/#organization"},"image":{"@id":"https:\/\/generate.fr\/labcoor-leve-200-ke-et-passe-a-la-vitesse-superieure\/#primaryimage"},"thumbnailUrl":"https:\/\/generate.fr\/wp-content\/uploads\/2019\/11\/Capture-d\u2019e\u0301cran-2019-11-22-a\u0300-10.31.39.png","keywords":["GENERATE","LABCOOR","S\u00e9curit\u00e9"],"articleSection":["Articles &amp; ITW"],"inLanguage":"en-US","potentialAction":[{"@type":"CommentAction","name":"Comment","target":["https:\/\/generate.fr\/labcoor-leve-200-ke-et-passe-a-la-vitesse-superieure\/#respond"]}]},{"@type":"WebPage","@id":"https:\/\/generate.fr\/labcoor-leve-200-ke-et-passe-a-la-vitesse-superieure\/","url":"https:\/\/generate.fr\/labcoor-leve-200-ke-et-passe-a-la-vitesse-superieure\/","name":"Labcoor l\u00e8ve 200 K\u20ac et passe \u00e0 la vitesse sup\u00e9rieure. - GENERATE","isPartOf":{"@id":"https:\/\/generate.fr\/#website"},"primaryImageOfPage":{"@id":"https:\/\/generate.fr\/labcoor-leve-200-ke-et-passe-a-la-vitesse-superieure\/#primaryimage"},"image":{"@id":"https:\/\/generate.fr\/labcoor-leve-200-ke-et-passe-a-la-vitesse-superieure\/#primaryimage"},"thumbnailUrl":"https:\/\/generate.fr\/wp-content\/uploads\/2019\/11\/Capture-d\u2019e\u0301cran-2019-11-22-a\u0300-10.31.39.png","datePublished":"2019-11-22T09:32:18+00:00","breadcrumb":{"@id":"https:\/\/generate.fr\/labcoor-leve-200-ke-et-passe-a-la-vitesse-superieure\/#breadcrumb"},"inLanguage":"en-US","potentialAction":[{"@type":"ReadAction","target":["https:\/\/generate.fr\/labcoor-leve-200-ke-et-passe-a-la-vitesse-superieure\/"]}]},{"@type":"ImageObject","inLanguage":"en-US","@id":"https:\/\/generate.fr\/labcoor-leve-200-ke-et-passe-a-la-vitesse-superieure\/#primaryimage","url":"https:\/\/generate.fr\/wp-content\/uploads\/2019\/11\/Capture-d\u2019e\u0301cran-2019-11-22-a\u0300-10.31.39.png","contentUrl":"https:\/\/generate.fr\/wp-content\/uploads\/2019\/11\/Capture-d\u2019e\u0301cran-2019-11-22-a\u0300-10.31.39.png","width":1326,"height":846},{"@type":"BreadcrumbList","@id":"https:\/\/generate.fr\/labcoor-leve-200-ke-et-passe-a-la-vitesse-superieure\/#breadcrumb","itemListElement":[{"@type":"ListItem","position":1,"name":"Accueil","item":"https:\/\/generate.fr\/"},{"@type":"ListItem","position":2,"name":"Labcoor l\u00e8ve 200 K\u20ac et passe \u00e0 la vitesse sup\u00e9rieure."}]},{"@type":"WebSite","@id":"https:\/\/generate.fr\/#website","url":"https:\/\/generate.fr\/","name":"GENERATE","description":"Acc\u00e9l\u00e9rateur d&#039;innovation pour la D\u00e9fense et la S\u00e9curit\u00e9","publisher":{"@id":"https:\/\/generate.fr\/#organization"},"potentialAction":[{"@type":"SearchAction","target":{"@type":"EntryPoint","urlTemplate":"https:\/\/generate.fr\/?s={search_term_string}"},"query-input":{"@type":"PropertyValueSpecification","valueRequired":true,"valueName":"search_term_string"}}],"inLanguage":"en-US"},{"@type":"Organization","@id":"https:\/\/generate.fr\/#organization","name":"Generate","url":"https:\/\/generate.fr\/","logo":{"@type":"ImageObject","inLanguage":"en-US","@id":"https:\/\/generate.fr\/#\/schema\/logo\/image\/","url":"https:\/\/generate.fr\/wp-content\/uploads\/2019\/05\/Generate.png","contentUrl":"https:\/\/generate.fr\/wp-content\/uploads\/2019\/05\/Generate.png","width":1000,"height":316,"caption":"Generate"},"image":{"@id":"https:\/\/generate.fr\/#\/schema\/logo\/image\/"},"sameAs":["https:\/\/www.youtube.com\/channel\/UCsoYfr1MZdZT2bqI7CNN1Rw"]},{"@type":"Person","@id":"https:\/\/generate.fr\/#\/schema\/person\/2895efb6d641efb3170ace8678ace18c","name":"Thomas Kolbe","image":{"@type":"ImageObject","inLanguage":"en-US","@id":"https:\/\/secure.gravatar.com\/avatar\/528dc96708c82c0f0c26eba076b7ff225f08450c6a1be4d0b029763b2d76ef7a?s=96&d=mm&r=g","url":"https:\/\/secure.gravatar.com\/avatar\/528dc96708c82c0f0c26eba076b7ff225f08450c6a1be4d0b029763b2d76ef7a?s=96&d=mm&r=g","contentUrl":"https:\/\/secure.gravatar.com\/avatar\/528dc96708c82c0f0c26eba076b7ff225f08450c6a1be4d0b029763b2d76ef7a?s=96&d=mm&r=g","caption":"Thomas Kolbe"},"url":"https:\/\/generate.fr\/en\/author\/editeur\/"}]}},"_links":{"self":[{"href":"https:\/\/generate.fr\/en\/wp-json\/wp\/v2\/posts\/2938","targetHints":{"allow":["GET"]}}],"collection":[{"href":"https:\/\/generate.fr\/en\/wp-json\/wp\/v2\/posts"}],"about":[{"href":"https:\/\/generate.fr\/en\/wp-json\/wp\/v2\/types\/post"}],"author":[{"embeddable":true,"href":"https:\/\/generate.fr\/en\/wp-json\/wp\/v2\/users\/2"}],"replies":[{"embeddable":true,"href":"https:\/\/generate.fr\/en\/wp-json\/wp\/v2\/comments?post=2938"}],"version-history":[{"count":1,"href":"https:\/\/generate.fr\/en\/wp-json\/wp\/v2\/posts\/2938\/revisions"}],"predecessor-version":[{"id":2943,"href":"https:\/\/generate.fr\/en\/wp-json\/wp\/v2\/posts\/2938\/revisions\/2943"}],"wp:featuredmedia":[{"embeddable":true,"href":"https:\/\/generate.fr\/en\/wp-json\/wp\/v2\/media\/2941"}],"wp:attachment":[{"href":"https:\/\/generate.fr\/en\/wp-json\/wp\/v2\/media?parent=2938"}],"wp:term":[{"taxonomy":"category","embeddable":true,"href":"https:\/\/generate.fr\/en\/wp-json\/wp\/v2\/categories?post=2938"},{"taxonomy":"post_tag","embeddable":true,"href":"https:\/\/generate.fr\/en\/wp-json\/wp\/v2\/tags?post=2938"}],"curies":[{"name":"wp","href":"https:\/\/api.w.org\/{rel}","templated":true}]}}