{"id":2957,"date":"2019-12-05T18:16:19","date_gmt":"2019-12-05T18:16:19","guid":{"rendered":"https:\/\/generate.fr\/?p=2957"},"modified":"2019-12-05T18:16:19","modified_gmt":"2019-12-05T18:16:19","slug":"entre-resistance-au-changement-et-moteur-economique-quel-role-pour-linnovation","status":"publish","type":"post","link":"https:\/\/generate.fr\/en\/entre-resistance-au-changement-et-moteur-economique-quel-role-pour-linnovation\/","title":{"rendered":"Entre r\u00e9sistance au changement et moteur \u00e9conomique : quel r\u00f4le pour l\u2019innovation ?"},"content":{"rendered":"<p>Les enjeux de la s\u00e9curit\u00e9, de la D\u00e9fense et du secours \u00e9voluent. L\u2019innovation est un moyen de s\u2019adapter au changement de ces environnements. Mat\u00e9riel, num\u00e9rique ou humain, l\u2019innovation prend diff\u00e9rentes formes et surtout, elle vise \u00e0 am\u00e9liorer les comportements afin d\u2019adapter les \u00e9quipes aux enjeux. L\u2019innovation publique a \u00e9t\u00e9 mise \u00e0 l\u2019honneur par l\u2019association Atraksis.<\/p>\n<p><strong>L\u2019innovation : au coeur de l\u2019\u00e9volution des arm\u00e9es<\/strong><\/p>\n<p>Les services de s\u00e9curit\u00e9, de secours et de la D\u00e9fense doivent sans cesse s\u2019adapter \u00e0 leur environnement et l\u2019innovation est le moteur de leur \u00e9volution. La DGA, organisme sp\u00e9cialis\u00e9 dans le domaine \u00ab\u00a0Recherche &amp; D\u00e9veloppement\u00a0\u00bb pour les Arm\u00e9es r\u00e9alise les missions de veille technologique ou de plan d\u2019\u00e9tude. Sophie Stainier,\u00a0<em>\u00ab\u00a0<\/em><em>d<\/em><em>\u00e9couvreur d<\/em><em>\u2019<\/em><em>innovation<\/em><em>\u00a0\u00bb\u00a0<\/em>au sein de l\u2019agence Innovation D\u00e9fense explique\u00a0<em>\u00ab nous ide<\/em><em>ntifi<\/em><em>ons les innovations de rupture en intervenant \u00e0\u00a0<\/em><em>un stade pr<\/em><em>\u00e9<\/em><em>coce de d<\/em><em>\u00e9veloppement<\/em><em>\u00a0\u00bb<\/em>\u00a0avec pour th\u00e9matique prioritaire\u00a0<em>\u00ab\u00a0<\/em><em>l\u2019<\/em><em>innovation ouverte<\/em><em>\u00a0\u00bb.<\/em>Gr\u00e2ce \u00e0 des<em>\u00a0\u00ab\u00a0processus agiles\u00a0\u00bb,<\/em>\u00a0l\u2019agence va contribuer \u00e0 acc\u00e9l\u00e9rer le d\u00e9veloppement de l\u2019innovation. Dans un troisi\u00e8me temps, il va falloir\u00a0<em>\u00ab\u00a0conduire l\u2019innovation ouverte\u00a0\u00bb\u00a0<\/em>avant de finalement valoriser le projet dans l\u2019optique d\u2019une utilisation militaire. La force de cette agence est de pouvoir s\u2019appuyer sur un immense vivier de projets innovants, de start-up issues du monde civil. Cr\u00e9\u00e9e le 1er septembre 2018 elle s\u2019appuie sur un budget de 1,2 milliards d\u2019euros. Sophie Stainier ajoute :<em>\u00a0\u00ab\u00a032 projets ont \u00e9t\u00e9 labellis\u00e9s par l\u2019Innovation D\u00e9fense Lab<\/em><a href=\"https:\/\/sd-magazine.com\/techno-et-innovation\/entre-resistance-au-changement-et-moteur-economique-quel-role-pour-linnovation#sdfootnote1sym\"><sup>1<\/sup><\/a><em>\u00a0en une ann\u00e9e dont 4 ont \u00e9t\u00e9 termin\u00e9s.\u00a0\u00bb.<\/em>\u00a0De plusieurs \u00e9checs \u00e9merge souvent une p\u00e9pite technologique.<\/p>\n<p><strong>\u00ab\u00a0Passer de la culture du risque z\u00e9ro, \u00e0 la culture du risque ma\u00eetris\u00e9\u00a0\u00bb<\/strong><\/p>\n<p>S\u2019appuyant sur l\u2019exemple de la DARPA am\u00e9ricaine, qui accompagne les entreprises \u00e0 des fins militaires, Generate a \u00e9t\u00e9 cr\u00e9\u00e9 au sein du GICAT. Partant du principe que l\u2019\u00e9chec fait partie du processus d\u2019innovation, Generate se d\u00e9finit comme un\u00a0<em>\u00ab\u00a0acc\u00e9l\u00e9rateur de start-up\u00a0\u00bb\u00a0<\/em>s\u2019inscrivant dans le cadre d\u2019une compl\u00e9mentarit\u00e9 entre industriels et petites structures. L\u2019objectif est de valoriser aujourd\u2019hui ces innovations pour qu\u2019elles servent demain un int\u00e9r\u00eat national. Gr\u00e2ce \u00e0 Generate, les\u00a0<em>start-up<\/em>\u00a0choisies vont pouvoir rencontrer les acteurs institutionnels ou industriels, b\u00e9n\u00e9ficier du\u00a0<em>\u00ab\u00a0pavillon France\u00a0\u00bb<\/em>\u00a0sur les salons s\u00e9curit\u00e9\/d\u00e9fense et participer \u00e0 des formations portant sur le financement, la coop\u00e9ration industrielle, les march\u00e9s publics ou encore l\u2019intelligence \u00e9conomique. Chaque\u00a0<em>start-up<\/em>\u00a0du domaine de la D\u00e9fense est un atout pour la D\u00e9fense qu\u2019il est important d\u2019optimiser face \u00e0 une forte concurrence internationale. Ces petites structures en plein d\u00e9veloppement, sont poreuses \u00e0 toute aide mat\u00e9rielle et financi\u00e8re. L\u2019enjeu est de les valoriser pour qu\u2019elles restent dans le giron national. Face \u00e0 la multitude de projets et de\u00a0<em>start-up<\/em>, Generate et l\u2019Innovation D\u00e9fense Lab sont autant de structures qui permettent de valoriser et d\u2019accorder une confiance aux projets les plus cr\u00e9dibles.<\/p>\n<p><a href=\"https:\/\/sd-magazine.com\/techno-et-innovation\/entre-resistance-au-changement-et-moteur-economique-quel-role-pour-linnovation\">Source : Simon DOUAGLIN \/ S&amp;D Magazine<\/a><\/p>\n","protected":false},"excerpt":{"rendered":"<p>Les enjeux de la s\u00e9curit\u00e9, de la D\u00e9fense et du secours \u00e9voluent. L\u2019innovation est un moyen de s\u2019adapter au changement de ces environnements. Mat\u00e9riel, num\u00e9rique ou humain, l\u2019innovation prend diff\u00e9rentes formes et surtout, elle vise \u00e0 am\u00e9liorer les comportements afin d\u2019adapter les \u00e9quipes aux enjeux. L\u2019innovation publique a \u00e9t\u00e9 mise \u00e0 l\u2019honneur par l\u2019association Atraksis. [&hellip;]<\/p>\n","protected":false},"author":2,"featured_media":2958,"comment_status":"open","ping_status":"open","sticky":false,"template":"","format":"standard","meta":{"footnotes":""},"categories":[7],"tags":[19,142,17],"class_list":["post-2957","post","type-post","status-publish","format-standard","has-post-thumbnail","hentry","category-articles-itw","tag-aid","tag-atraksis","tag-generate","post-wrapper"],"yoast_head":"<!-- This site is optimized with the Yoast SEO plugin v27.4 - https:\/\/yoast.com\/product\/yoast-seo-wordpress\/ -->\n<title>Entre r\u00e9sistance au changement et moteur \u00e9conomique : quel r\u00f4le pour l\u2019innovation ? - GENERATE<\/title>\n<meta name=\"robots\" content=\"index, follow, max-snippet:-1, max-image-preview:large, max-video-preview:-1\" \/>\n<link rel=\"canonical\" href=\"https:\/\/generate.fr\/entre-resistance-au-changement-et-moteur-economique-quel-role-pour-linnovation\/\" \/>\n<meta property=\"og:locale\" content=\"en_US\" \/>\n<meta property=\"og:type\" content=\"article\" \/>\n<meta property=\"og:title\" content=\"Entre r\u00e9sistance au changement et moteur \u00e9conomique : quel r\u00f4le pour l\u2019innovation ? - GENERATE\" \/>\n<meta property=\"og:description\" content=\"Les enjeux de la s\u00e9curit\u00e9, de la D\u00e9fense et du secours \u00e9voluent. L\u2019innovation est un moyen de s\u2019adapter au changement de ces environnements. Mat\u00e9riel, num\u00e9rique ou humain, l\u2019innovation prend diff\u00e9rentes formes et surtout, elle vise \u00e0 am\u00e9liorer les comportements afin d\u2019adapter les \u00e9quipes aux enjeux. L\u2019innovation publique a \u00e9t\u00e9 mise \u00e0 l\u2019honneur par l\u2019association Atraksis.\" \/>\n<meta property=\"og:url\" content=\"https:\/\/generate.fr\/entre-resistance-au-changement-et-moteur-economique-quel-role-pour-linnovation\/\" \/>\n<meta property=\"og:site_name\" content=\"GENERATE\" \/>\n<meta property=\"article:published_time\" content=\"2019-12-05T18:16:19+00:00\" \/>\n<meta property=\"og:image\" content=\"https:\/\/generate.fr\/wp-content\/uploads\/2019\/12\/logo-vertical-image.png\" \/>\n\t<meta property=\"og:image:width\" content=\"1200\" \/>\n\t<meta property=\"og:image:height\" content=\"630\" \/>\n\t<meta property=\"og:image:type\" content=\"image\/png\" \/>\n<meta name=\"author\" content=\"Thomas Kolbe\" \/>\n<meta name=\"twitter:card\" content=\"summary_large_image\" \/>\n<meta name=\"twitter:label1\" content=\"Written by\" \/>\n\t<meta name=\"twitter:data1\" content=\"Thomas Kolbe\" \/>\n\t<meta name=\"twitter:label2\" content=\"Est. reading time\" \/>\n\t<meta name=\"twitter:data2\" content=\"3 minutes\" \/>\n<script type=\"application\/ld+json\" class=\"yoast-schema-graph\">{\"@context\":\"https:\\\/\\\/schema.org\",\"@graph\":[{\"@type\":\"Article\",\"@id\":\"https:\\\/\\\/generate.fr\\\/entre-resistance-au-changement-et-moteur-economique-quel-role-pour-linnovation\\\/#article\",\"isPartOf\":{\"@id\":\"https:\\\/\\\/generate.fr\\\/entre-resistance-au-changement-et-moteur-economique-quel-role-pour-linnovation\\\/\"},\"author\":{\"name\":\"Thomas Kolbe\",\"@id\":\"https:\\\/\\\/generate.fr\\\/#\\\/schema\\\/person\\\/2895efb6d641efb3170ace8678ace18c\"},\"headline\":\"Entre r\u00e9sistance au changement et moteur \u00e9conomique : quel r\u00f4le pour l\u2019innovation ?\",\"datePublished\":\"2019-12-05T18:16:19+00:00\",\"mainEntityOfPage\":{\"@id\":\"https:\\\/\\\/generate.fr\\\/entre-resistance-au-changement-et-moteur-economique-quel-role-pour-linnovation\\\/\"},\"wordCount\":539,\"commentCount\":0,\"publisher\":{\"@id\":\"https:\\\/\\\/generate.fr\\\/#organization\"},\"image\":{\"@id\":\"https:\\\/\\\/generate.fr\\\/entre-resistance-au-changement-et-moteur-economique-quel-role-pour-linnovation\\\/#primaryimage\"},\"thumbnailUrl\":\"https:\\\/\\\/generate.fr\\\/wp-content\\\/uploads\\\/2019\\\/12\\\/logo-vertical-image.png\",\"keywords\":[\"AID\",\"ATRAKSIS\",\"GENERATE\"],\"articleSection\":[\"Articles &amp; ITW\"],\"inLanguage\":\"en-US\",\"potentialAction\":[{\"@type\":\"CommentAction\",\"name\":\"Comment\",\"target\":[\"https:\\\/\\\/generate.fr\\\/entre-resistance-au-changement-et-moteur-economique-quel-role-pour-linnovation\\\/#respond\"]}]},{\"@type\":\"WebPage\",\"@id\":\"https:\\\/\\\/generate.fr\\\/entre-resistance-au-changement-et-moteur-economique-quel-role-pour-linnovation\\\/\",\"url\":\"https:\\\/\\\/generate.fr\\\/entre-resistance-au-changement-et-moteur-economique-quel-role-pour-linnovation\\\/\",\"name\":\"Entre r\u00e9sistance au changement et moteur \u00e9conomique : quel r\u00f4le pour l\u2019innovation ? - GENERATE\",\"isPartOf\":{\"@id\":\"https:\\\/\\\/generate.fr\\\/#website\"},\"primaryImageOfPage\":{\"@id\":\"https:\\\/\\\/generate.fr\\\/entre-resistance-au-changement-et-moteur-economique-quel-role-pour-linnovation\\\/#primaryimage\"},\"image\":{\"@id\":\"https:\\\/\\\/generate.fr\\\/entre-resistance-au-changement-et-moteur-economique-quel-role-pour-linnovation\\\/#primaryimage\"},\"thumbnailUrl\":\"https:\\\/\\\/generate.fr\\\/wp-content\\\/uploads\\\/2019\\\/12\\\/logo-vertical-image.png\",\"datePublished\":\"2019-12-05T18:16:19+00:00\",\"breadcrumb\":{\"@id\":\"https:\\\/\\\/generate.fr\\\/entre-resistance-au-changement-et-moteur-economique-quel-role-pour-linnovation\\\/#breadcrumb\"},\"inLanguage\":\"en-US\",\"potentialAction\":[{\"@type\":\"ReadAction\",\"target\":[\"https:\\\/\\\/generate.fr\\\/entre-resistance-au-changement-et-moteur-economique-quel-role-pour-linnovation\\\/\"]}]},{\"@type\":\"ImageObject\",\"inLanguage\":\"en-US\",\"@id\":\"https:\\\/\\\/generate.fr\\\/entre-resistance-au-changement-et-moteur-economique-quel-role-pour-linnovation\\\/#primaryimage\",\"url\":\"https:\\\/\\\/generate.fr\\\/wp-content\\\/uploads\\\/2019\\\/12\\\/logo-vertical-image.png\",\"contentUrl\":\"https:\\\/\\\/generate.fr\\\/wp-content\\\/uploads\\\/2019\\\/12\\\/logo-vertical-image.png\",\"width\":1200,\"height\":630},{\"@type\":\"BreadcrumbList\",\"@id\":\"https:\\\/\\\/generate.fr\\\/entre-resistance-au-changement-et-moteur-economique-quel-role-pour-linnovation\\\/#breadcrumb\",\"itemListElement\":[{\"@type\":\"ListItem\",\"position\":1,\"name\":\"Accueil\",\"item\":\"https:\\\/\\\/generate.fr\\\/\"},{\"@type\":\"ListItem\",\"position\":2,\"name\":\"Entre r\u00e9sistance au changement et moteur \u00e9conomique : quel r\u00f4le pour l\u2019innovation ?\"}]},{\"@type\":\"WebSite\",\"@id\":\"https:\\\/\\\/generate.fr\\\/#website\",\"url\":\"https:\\\/\\\/generate.fr\\\/\",\"name\":\"GENERATE\",\"description\":\"Acc\u00e9l\u00e9rateur d&#039;innovation pour la D\u00e9fense et la S\u00e9curit\u00e9\",\"publisher\":{\"@id\":\"https:\\\/\\\/generate.fr\\\/#organization\"},\"potentialAction\":[{\"@type\":\"SearchAction\",\"target\":{\"@type\":\"EntryPoint\",\"urlTemplate\":\"https:\\\/\\\/generate.fr\\\/?s={search_term_string}\"},\"query-input\":{\"@type\":\"PropertyValueSpecification\",\"valueRequired\":true,\"valueName\":\"search_term_string\"}}],\"inLanguage\":\"en-US\"},{\"@type\":\"Organization\",\"@id\":\"https:\\\/\\\/generate.fr\\\/#organization\",\"name\":\"Generate\",\"url\":\"https:\\\/\\\/generate.fr\\\/\",\"logo\":{\"@type\":\"ImageObject\",\"inLanguage\":\"en-US\",\"@id\":\"https:\\\/\\\/generate.fr\\\/#\\\/schema\\\/logo\\\/image\\\/\",\"url\":\"https:\\\/\\\/generate.fr\\\/wp-content\\\/uploads\\\/2019\\\/05\\\/Generate.png\",\"contentUrl\":\"https:\\\/\\\/generate.fr\\\/wp-content\\\/uploads\\\/2019\\\/05\\\/Generate.png\",\"width\":1000,\"height\":316,\"caption\":\"Generate\"},\"image\":{\"@id\":\"https:\\\/\\\/generate.fr\\\/#\\\/schema\\\/logo\\\/image\\\/\"},\"sameAs\":[\"https:\\\/\\\/www.youtube.com\\\/channel\\\/UCsoYfr1MZdZT2bqI7CNN1Rw\"]},{\"@type\":\"Person\",\"@id\":\"https:\\\/\\\/generate.fr\\\/#\\\/schema\\\/person\\\/2895efb6d641efb3170ace8678ace18c\",\"name\":\"Thomas Kolbe\",\"image\":{\"@type\":\"ImageObject\",\"inLanguage\":\"en-US\",\"@id\":\"https:\\\/\\\/secure.gravatar.com\\\/avatar\\\/528dc96708c82c0f0c26eba076b7ff225f08450c6a1be4d0b029763b2d76ef7a?s=96&d=mm&r=g\",\"url\":\"https:\\\/\\\/secure.gravatar.com\\\/avatar\\\/528dc96708c82c0f0c26eba076b7ff225f08450c6a1be4d0b029763b2d76ef7a?s=96&d=mm&r=g\",\"contentUrl\":\"https:\\\/\\\/secure.gravatar.com\\\/avatar\\\/528dc96708c82c0f0c26eba076b7ff225f08450c6a1be4d0b029763b2d76ef7a?s=96&d=mm&r=g\",\"caption\":\"Thomas Kolbe\"},\"url\":\"https:\\\/\\\/generate.fr\\\/en\\\/author\\\/editeur\\\/\"}]}<\/script>\n<!-- \/ Yoast SEO plugin. -->","yoast_head_json":{"title":"Entre r\u00e9sistance au changement et moteur \u00e9conomique : quel r\u00f4le pour l\u2019innovation ? - GENERATE","robots":{"index":"index","follow":"follow","max-snippet":"max-snippet:-1","max-image-preview":"max-image-preview:large","max-video-preview":"max-video-preview:-1"},"canonical":"https:\/\/generate.fr\/entre-resistance-au-changement-et-moteur-economique-quel-role-pour-linnovation\/","og_locale":"en_US","og_type":"article","og_title":"Entre r\u00e9sistance au changement et moteur \u00e9conomique : quel r\u00f4le pour l\u2019innovation ? - GENERATE","og_description":"Les enjeux de la s\u00e9curit\u00e9, de la D\u00e9fense et du secours \u00e9voluent. L\u2019innovation est un moyen de s\u2019adapter au changement de ces environnements. Mat\u00e9riel, num\u00e9rique ou humain, l\u2019innovation prend diff\u00e9rentes formes et surtout, elle vise \u00e0 am\u00e9liorer les comportements afin d\u2019adapter les \u00e9quipes aux enjeux. L\u2019innovation publique a \u00e9t\u00e9 mise \u00e0 l\u2019honneur par l\u2019association Atraksis.","og_url":"https:\/\/generate.fr\/entre-resistance-au-changement-et-moteur-economique-quel-role-pour-linnovation\/","og_site_name":"GENERATE","article_published_time":"2019-12-05T18:16:19+00:00","og_image":[{"width":1200,"height":630,"url":"https:\/\/generate.fr\/wp-content\/uploads\/2019\/12\/logo-vertical-image.png","type":"image\/png"}],"author":"Thomas Kolbe","twitter_card":"summary_large_image","twitter_misc":{"Written by":"Thomas Kolbe","Est. reading time":"3 minutes"},"schema":{"@context":"https:\/\/schema.org","@graph":[{"@type":"Article","@id":"https:\/\/generate.fr\/entre-resistance-au-changement-et-moteur-economique-quel-role-pour-linnovation\/#article","isPartOf":{"@id":"https:\/\/generate.fr\/entre-resistance-au-changement-et-moteur-economique-quel-role-pour-linnovation\/"},"author":{"name":"Thomas Kolbe","@id":"https:\/\/generate.fr\/#\/schema\/person\/2895efb6d641efb3170ace8678ace18c"},"headline":"Entre r\u00e9sistance au changement et moteur \u00e9conomique : quel r\u00f4le pour l\u2019innovation ?","datePublished":"2019-12-05T18:16:19+00:00","mainEntityOfPage":{"@id":"https:\/\/generate.fr\/entre-resistance-au-changement-et-moteur-economique-quel-role-pour-linnovation\/"},"wordCount":539,"commentCount":0,"publisher":{"@id":"https:\/\/generate.fr\/#organization"},"image":{"@id":"https:\/\/generate.fr\/entre-resistance-au-changement-et-moteur-economique-quel-role-pour-linnovation\/#primaryimage"},"thumbnailUrl":"https:\/\/generate.fr\/wp-content\/uploads\/2019\/12\/logo-vertical-image.png","keywords":["AID","ATRAKSIS","GENERATE"],"articleSection":["Articles &amp; ITW"],"inLanguage":"en-US","potentialAction":[{"@type":"CommentAction","name":"Comment","target":["https:\/\/generate.fr\/entre-resistance-au-changement-et-moteur-economique-quel-role-pour-linnovation\/#respond"]}]},{"@type":"WebPage","@id":"https:\/\/generate.fr\/entre-resistance-au-changement-et-moteur-economique-quel-role-pour-linnovation\/","url":"https:\/\/generate.fr\/entre-resistance-au-changement-et-moteur-economique-quel-role-pour-linnovation\/","name":"Entre r\u00e9sistance au changement et moteur \u00e9conomique : quel r\u00f4le pour l\u2019innovation ? - GENERATE","isPartOf":{"@id":"https:\/\/generate.fr\/#website"},"primaryImageOfPage":{"@id":"https:\/\/generate.fr\/entre-resistance-au-changement-et-moteur-economique-quel-role-pour-linnovation\/#primaryimage"},"image":{"@id":"https:\/\/generate.fr\/entre-resistance-au-changement-et-moteur-economique-quel-role-pour-linnovation\/#primaryimage"},"thumbnailUrl":"https:\/\/generate.fr\/wp-content\/uploads\/2019\/12\/logo-vertical-image.png","datePublished":"2019-12-05T18:16:19+00:00","breadcrumb":{"@id":"https:\/\/generate.fr\/entre-resistance-au-changement-et-moteur-economique-quel-role-pour-linnovation\/#breadcrumb"},"inLanguage":"en-US","potentialAction":[{"@type":"ReadAction","target":["https:\/\/generate.fr\/entre-resistance-au-changement-et-moteur-economique-quel-role-pour-linnovation\/"]}]},{"@type":"ImageObject","inLanguage":"en-US","@id":"https:\/\/generate.fr\/entre-resistance-au-changement-et-moteur-economique-quel-role-pour-linnovation\/#primaryimage","url":"https:\/\/generate.fr\/wp-content\/uploads\/2019\/12\/logo-vertical-image.png","contentUrl":"https:\/\/generate.fr\/wp-content\/uploads\/2019\/12\/logo-vertical-image.png","width":1200,"height":630},{"@type":"BreadcrumbList","@id":"https:\/\/generate.fr\/entre-resistance-au-changement-et-moteur-economique-quel-role-pour-linnovation\/#breadcrumb","itemListElement":[{"@type":"ListItem","position":1,"name":"Accueil","item":"https:\/\/generate.fr\/"},{"@type":"ListItem","position":2,"name":"Entre r\u00e9sistance au changement et moteur \u00e9conomique : quel r\u00f4le pour l\u2019innovation ?"}]},{"@type":"WebSite","@id":"https:\/\/generate.fr\/#website","url":"https:\/\/generate.fr\/","name":"GENERATE","description":"Acc\u00e9l\u00e9rateur d&#039;innovation pour la D\u00e9fense et la S\u00e9curit\u00e9","publisher":{"@id":"https:\/\/generate.fr\/#organization"},"potentialAction":[{"@type":"SearchAction","target":{"@type":"EntryPoint","urlTemplate":"https:\/\/generate.fr\/?s={search_term_string}"},"query-input":{"@type":"PropertyValueSpecification","valueRequired":true,"valueName":"search_term_string"}}],"inLanguage":"en-US"},{"@type":"Organization","@id":"https:\/\/generate.fr\/#organization","name":"Generate","url":"https:\/\/generate.fr\/","logo":{"@type":"ImageObject","inLanguage":"en-US","@id":"https:\/\/generate.fr\/#\/schema\/logo\/image\/","url":"https:\/\/generate.fr\/wp-content\/uploads\/2019\/05\/Generate.png","contentUrl":"https:\/\/generate.fr\/wp-content\/uploads\/2019\/05\/Generate.png","width":1000,"height":316,"caption":"Generate"},"image":{"@id":"https:\/\/generate.fr\/#\/schema\/logo\/image\/"},"sameAs":["https:\/\/www.youtube.com\/channel\/UCsoYfr1MZdZT2bqI7CNN1Rw"]},{"@type":"Person","@id":"https:\/\/generate.fr\/#\/schema\/person\/2895efb6d641efb3170ace8678ace18c","name":"Thomas Kolbe","image":{"@type":"ImageObject","inLanguage":"en-US","@id":"https:\/\/secure.gravatar.com\/avatar\/528dc96708c82c0f0c26eba076b7ff225f08450c6a1be4d0b029763b2d76ef7a?s=96&d=mm&r=g","url":"https:\/\/secure.gravatar.com\/avatar\/528dc96708c82c0f0c26eba076b7ff225f08450c6a1be4d0b029763b2d76ef7a?s=96&d=mm&r=g","contentUrl":"https:\/\/secure.gravatar.com\/avatar\/528dc96708c82c0f0c26eba076b7ff225f08450c6a1be4d0b029763b2d76ef7a?s=96&d=mm&r=g","caption":"Thomas Kolbe"},"url":"https:\/\/generate.fr\/en\/author\/editeur\/"}]}},"_links":{"self":[{"href":"https:\/\/generate.fr\/en\/wp-json\/wp\/v2\/posts\/2957","targetHints":{"allow":["GET"]}}],"collection":[{"href":"https:\/\/generate.fr\/en\/wp-json\/wp\/v2\/posts"}],"about":[{"href":"https:\/\/generate.fr\/en\/wp-json\/wp\/v2\/types\/post"}],"author":[{"embeddable":true,"href":"https:\/\/generate.fr\/en\/wp-json\/wp\/v2\/users\/2"}],"replies":[{"embeddable":true,"href":"https:\/\/generate.fr\/en\/wp-json\/wp\/v2\/comments?post=2957"}],"version-history":[{"count":1,"href":"https:\/\/generate.fr\/en\/wp-json\/wp\/v2\/posts\/2957\/revisions"}],"predecessor-version":[{"id":2960,"href":"https:\/\/generate.fr\/en\/wp-json\/wp\/v2\/posts\/2957\/revisions\/2960"}],"wp:featuredmedia":[{"embeddable":true,"href":"https:\/\/generate.fr\/en\/wp-json\/wp\/v2\/media\/2958"}],"wp:attachment":[{"href":"https:\/\/generate.fr\/en\/wp-json\/wp\/v2\/media?parent=2957"}],"wp:term":[{"taxonomy":"category","embeddable":true,"href":"https:\/\/generate.fr\/en\/wp-json\/wp\/v2\/categories?post=2957"},{"taxonomy":"post_tag","embeddable":true,"href":"https:\/\/generate.fr\/en\/wp-json\/wp\/v2\/tags?post=2957"}],"curies":[{"name":"wp","href":"https:\/\/api.w.org\/{rel}","templated":true}]}}