{"id":2969,"date":"2019-12-07T10:38:26","date_gmt":"2019-12-07T10:38:26","guid":{"rendered":"https:\/\/generate.fr\/?p=2969"},"modified":"2019-12-07T10:38:26","modified_gmt":"2019-12-07T10:38:26","slug":"safran-choisit-outsight-pour-accelerer-le-developpement-de-solutions-autonomes","status":"publish","type":"post","link":"https:\/\/generate.fr\/en\/safran-choisit-outsight-pour-accelerer-le-developpement-de-solutions-autonomes\/","title":{"rendered":"Safran choisit Outsight pour acc\u00e9l\u00e9rer le d\u00e9veloppement de solutions autonomes"},"content":{"rendered":"<p><strong>Safran et Outsight annoncent leur partenariat sur les technologies de mobilit\u00e9 autonome et lancent la Cam\u00e9ra 3D S\u00e9mantique r\u00e9volutionnaire de Outsight sur diff\u00e9rents types de v\u00e9hicules, comme les drones et les avions. <\/strong><\/p>\n<p>Outsight d\u00e9veloppe des solutions innovantes qui permettent aux v\u00e9hicules autonomes de percevoir et comprendre simultan\u00e9ment leur environnement en 3D. Cette collaboration fait suite au lancement de la Cam\u00e9ra 3D S\u00e9mantique r\u00e9volutionnaire en septembre 2019 et ces nouvelles capacit\u00e9s s\u2019int\u00e8grent parfaitement dans la strat\u00e9gie de Safran sur l\u2019automatisation des v\u00e9hicules.<\/p>\n<p>\"<em>Cet accord s\u2019inscrit dans la strat\u00e9gie de Safran visant \u00e0 pr\u00e9parer l\u2019autonomisation des v\u00e9hicules et des \u00e9quipements associ\u00e9s. Leader europ\u00e9en dans les drones tactiques et avec de solides d\u00e9veloppements en robotique, comme le projet \"Furious\" pour la DGA, Safran est actuellement \u00e0 l\u2019avant-garde dans le domaine de l\u2019autonomisation des v\u00e9hicules terrestres et a\u00e9riens. Cet accord permet \u00e0 nos deux entreprises de mettre en commun leurs comp\u00e9tences pour int\u00e9grer les briques technologiques d\u00e9velopp\u00e9es par Outsight \u00e0 travers les produits Safran.\"<\/em>\u00a0a d\u00e9clar\u00e9 Martin Sion, pr\u00e9sident de Safran Electronics &amp; Defense.<\/p>\n<p>\"<em>Nous avons \u00e9t\u00e9 impressionn\u00e9s par le savoir-faire technologique et la vision de Safran dans les domaines adjacents aux n\u00f4tres, y compris la perception par laser 3D et l\u2019automatisation. Leur capacit\u00e9 \u00e0 int\u00e9grer notre Cam\u00e9ra 3D S\u00e9mantique dans leurs solutions est un atout ind\u00e9niable. Nous sommes honor\u00e9s de la confiance d\u00e9montr\u00e9e par ce partenariat aux multiples implications<\/em>\", d\u00e9clare Raul Bravo, co-fondateur et pr\u00e9sident d\u2019Outsight.<\/p>\n<p>Le partenariat sign\u00e9 entre Safran et Outsight inclut des projets sp\u00e9cifiques pour le cod\u00e9veloppement de solutions combinant les technologies d\u2019Outsight et de Safran, pour des applications telles que les v\u00e9hicules tout-terrain, les drones ou les avions en phase de roulage<\/p>\n<p><a href=\"https:\/\/www.outsight.tech\/hubfs\/20191205_Accord%20de%20partenariat%20Outsight%20Safran.pdf?hsLang=en\">Source : Outsight<\/a><\/p>\n","protected":false},"excerpt":{"rendered":"<p>Safran et Outsight annoncent leur partenariat sur les technologies de mobilit\u00e9 autonome et lancent la Cam\u00e9ra 3D S\u00e9mantique r\u00e9volutionnaire de Outsight sur diff\u00e9rents types de v\u00e9hicules, comme les drones et les avions. Outsight d\u00e9veloppe des solutions innovantes qui permettent aux v\u00e9hicules autonomes de percevoir et comprendre simultan\u00e9ment leur environnement en 3D. Cette collaboration fait suite [&hellip;]<\/p>\n","protected":false},"author":2,"featured_media":2970,"comment_status":"open","ping_status":"open","sticky":false,"template":"","format":"standard","meta":{"footnotes":""},"categories":[7],"tags":[145,17,94,144],"class_list":["post-2969","post","type-post","status-publish","format-standard","has-post-thumbnail","hentry","category-articles-itw","tag-autonome","tag-generate","tag-outsight","tag-safran","post-wrapper"],"yoast_head":"<!-- This site is optimized with the Yoast SEO plugin v27.4 - https:\/\/yoast.com\/product\/yoast-seo-wordpress\/ -->\n<title>Safran choisit Outsight pour acc\u00e9l\u00e9rer le d\u00e9veloppement de solutions autonomes - GENERATE<\/title>\n<meta name=\"robots\" content=\"index, follow, max-snippet:-1, max-image-preview:large, max-video-preview:-1\" \/>\n<link rel=\"canonical\" href=\"https:\/\/generate.fr\/safran-choisit-outsight-pour-accelerer-le-developpement-de-solutions-autonomes\/\" \/>\n<meta property=\"og:locale\" content=\"en_US\" \/>\n<meta property=\"og:type\" content=\"article\" \/>\n<meta property=\"og:title\" content=\"Safran choisit Outsight pour acc\u00e9l\u00e9rer le d\u00e9veloppement de solutions autonomes - GENERATE\" \/>\n<meta property=\"og:description\" content=\"Safran et Outsight annoncent leur partenariat sur les technologies de mobilit\u00e9 autonome et lancent la Cam\u00e9ra 3D S\u00e9mantique r\u00e9volutionnaire de Outsight sur diff\u00e9rents types de v\u00e9hicules, comme les drones et les avions. Outsight d\u00e9veloppe des solutions innovantes qui permettent aux v\u00e9hicules autonomes de percevoir et comprendre simultan\u00e9ment leur environnement en 3D. Cette collaboration fait suite\" \/>\n<meta property=\"og:url\" content=\"https:\/\/generate.fr\/safran-choisit-outsight-pour-accelerer-le-developpement-de-solutions-autonomes\/\" \/>\n<meta property=\"og:site_name\" content=\"GENERATE\" \/>\n<meta property=\"article:published_time\" content=\"2019-12-07T10:38:26+00:00\" \/>\n<meta property=\"og:image\" content=\"https:\/\/generate.fr\/wp-content\/uploads\/2019\/12\/Capture-d\u2019e\u0301cran-2019-12-07-a\u0300-09.57.17.png\" \/>\n\t<meta property=\"og:image:width\" content=\"1552\" \/>\n\t<meta property=\"og:image:height\" content=\"826\" \/>\n\t<meta property=\"og:image:type\" content=\"image\/png\" \/>\n<meta name=\"author\" content=\"Thomas Kolbe\" \/>\n<meta name=\"twitter:card\" content=\"summary_large_image\" \/>\n<meta name=\"twitter:label1\" content=\"Written by\" \/>\n\t<meta name=\"twitter:data1\" content=\"Thomas Kolbe\" \/>\n\t<meta name=\"twitter:label2\" content=\"Est. reading time\" \/>\n\t<meta name=\"twitter:data2\" content=\"2 minutes\" \/>\n<script type=\"application\/ld+json\" class=\"yoast-schema-graph\">{\"@context\":\"https:\\\/\\\/schema.org\",\"@graph\":[{\"@type\":\"Article\",\"@id\":\"https:\\\/\\\/generate.fr\\\/safran-choisit-outsight-pour-accelerer-le-developpement-de-solutions-autonomes\\\/#article\",\"isPartOf\":{\"@id\":\"https:\\\/\\\/generate.fr\\\/safran-choisit-outsight-pour-accelerer-le-developpement-de-solutions-autonomes\\\/\"},\"author\":{\"name\":\"Thomas Kolbe\",\"@id\":\"https:\\\/\\\/generate.fr\\\/#\\\/schema\\\/person\\\/2895efb6d641efb3170ace8678ace18c\"},\"headline\":\"Safran choisit Outsight pour acc\u00e9l\u00e9rer le d\u00e9veloppement de solutions autonomes\",\"datePublished\":\"2019-12-07T10:38:26+00:00\",\"mainEntityOfPage\":{\"@id\":\"https:\\\/\\\/generate.fr\\\/safran-choisit-outsight-pour-accelerer-le-developpement-de-solutions-autonomes\\\/\"},\"wordCount\":334,\"commentCount\":0,\"publisher\":{\"@id\":\"https:\\\/\\\/generate.fr\\\/#organization\"},\"image\":{\"@id\":\"https:\\\/\\\/generate.fr\\\/safran-choisit-outsight-pour-accelerer-le-developpement-de-solutions-autonomes\\\/#primaryimage\"},\"thumbnailUrl\":\"https:\\\/\\\/generate.fr\\\/wp-content\\\/uploads\\\/2019\\\/12\\\/Capture-d\u2019e\u0301cran-2019-12-07-a\u0300-09.57.17.png\",\"keywords\":[\"AUTONOME\",\"GENERATE\",\"OUTSIGHT\",\"SAFRAN\"],\"articleSection\":[\"Articles &amp; ITW\"],\"inLanguage\":\"en-US\",\"potentialAction\":[{\"@type\":\"CommentAction\",\"name\":\"Comment\",\"target\":[\"https:\\\/\\\/generate.fr\\\/safran-choisit-outsight-pour-accelerer-le-developpement-de-solutions-autonomes\\\/#respond\"]}]},{\"@type\":\"WebPage\",\"@id\":\"https:\\\/\\\/generate.fr\\\/safran-choisit-outsight-pour-accelerer-le-developpement-de-solutions-autonomes\\\/\",\"url\":\"https:\\\/\\\/generate.fr\\\/safran-choisit-outsight-pour-accelerer-le-developpement-de-solutions-autonomes\\\/\",\"name\":\"Safran choisit Outsight pour acc\u00e9l\u00e9rer le d\u00e9veloppement de solutions autonomes - GENERATE\",\"isPartOf\":{\"@id\":\"https:\\\/\\\/generate.fr\\\/#website\"},\"primaryImageOfPage\":{\"@id\":\"https:\\\/\\\/generate.fr\\\/safran-choisit-outsight-pour-accelerer-le-developpement-de-solutions-autonomes\\\/#primaryimage\"},\"image\":{\"@id\":\"https:\\\/\\\/generate.fr\\\/safran-choisit-outsight-pour-accelerer-le-developpement-de-solutions-autonomes\\\/#primaryimage\"},\"thumbnailUrl\":\"https:\\\/\\\/generate.fr\\\/wp-content\\\/uploads\\\/2019\\\/12\\\/Capture-d\u2019e\u0301cran-2019-12-07-a\u0300-09.57.17.png\",\"datePublished\":\"2019-12-07T10:38:26+00:00\",\"breadcrumb\":{\"@id\":\"https:\\\/\\\/generate.fr\\\/safran-choisit-outsight-pour-accelerer-le-developpement-de-solutions-autonomes\\\/#breadcrumb\"},\"inLanguage\":\"en-US\",\"potentialAction\":[{\"@type\":\"ReadAction\",\"target\":[\"https:\\\/\\\/generate.fr\\\/safran-choisit-outsight-pour-accelerer-le-developpement-de-solutions-autonomes\\\/\"]}]},{\"@type\":\"ImageObject\",\"inLanguage\":\"en-US\",\"@id\":\"https:\\\/\\\/generate.fr\\\/safran-choisit-outsight-pour-accelerer-le-developpement-de-solutions-autonomes\\\/#primaryimage\",\"url\":\"https:\\\/\\\/generate.fr\\\/wp-content\\\/uploads\\\/2019\\\/12\\\/Capture-d\u2019e\u0301cran-2019-12-07-a\u0300-09.57.17.png\",\"contentUrl\":\"https:\\\/\\\/generate.fr\\\/wp-content\\\/uploads\\\/2019\\\/12\\\/Capture-d\u2019e\u0301cran-2019-12-07-a\u0300-09.57.17.png\",\"width\":1552,\"height\":826},{\"@type\":\"BreadcrumbList\",\"@id\":\"https:\\\/\\\/generate.fr\\\/safran-choisit-outsight-pour-accelerer-le-developpement-de-solutions-autonomes\\\/#breadcrumb\",\"itemListElement\":[{\"@type\":\"ListItem\",\"position\":1,\"name\":\"Accueil\",\"item\":\"https:\\\/\\\/generate.fr\\\/\"},{\"@type\":\"ListItem\",\"position\":2,\"name\":\"Safran choisit Outsight pour acc\u00e9l\u00e9rer le d\u00e9veloppement de solutions autonomes\"}]},{\"@type\":\"WebSite\",\"@id\":\"https:\\\/\\\/generate.fr\\\/#website\",\"url\":\"https:\\\/\\\/generate.fr\\\/\",\"name\":\"GENERATE\",\"description\":\"Acc\u00e9l\u00e9rateur d&#039;innovation pour la D\u00e9fense et la S\u00e9curit\u00e9\",\"publisher\":{\"@id\":\"https:\\\/\\\/generate.fr\\\/#organization\"},\"potentialAction\":[{\"@type\":\"SearchAction\",\"target\":{\"@type\":\"EntryPoint\",\"urlTemplate\":\"https:\\\/\\\/generate.fr\\\/?s={search_term_string}\"},\"query-input\":{\"@type\":\"PropertyValueSpecification\",\"valueRequired\":true,\"valueName\":\"search_term_string\"}}],\"inLanguage\":\"en-US\"},{\"@type\":\"Organization\",\"@id\":\"https:\\\/\\\/generate.fr\\\/#organization\",\"name\":\"Generate\",\"url\":\"https:\\\/\\\/generate.fr\\\/\",\"logo\":{\"@type\":\"ImageObject\",\"inLanguage\":\"en-US\",\"@id\":\"https:\\\/\\\/generate.fr\\\/#\\\/schema\\\/logo\\\/image\\\/\",\"url\":\"https:\\\/\\\/generate.fr\\\/wp-content\\\/uploads\\\/2019\\\/05\\\/Generate.png\",\"contentUrl\":\"https:\\\/\\\/generate.fr\\\/wp-content\\\/uploads\\\/2019\\\/05\\\/Generate.png\",\"width\":1000,\"height\":316,\"caption\":\"Generate\"},\"image\":{\"@id\":\"https:\\\/\\\/generate.fr\\\/#\\\/schema\\\/logo\\\/image\\\/\"},\"sameAs\":[\"https:\\\/\\\/www.youtube.com\\\/channel\\\/UCsoYfr1MZdZT2bqI7CNN1Rw\"]},{\"@type\":\"Person\",\"@id\":\"https:\\\/\\\/generate.fr\\\/#\\\/schema\\\/person\\\/2895efb6d641efb3170ace8678ace18c\",\"name\":\"Thomas Kolbe\",\"image\":{\"@type\":\"ImageObject\",\"inLanguage\":\"en-US\",\"@id\":\"https:\\\/\\\/secure.gravatar.com\\\/avatar\\\/528dc96708c82c0f0c26eba076b7ff225f08450c6a1be4d0b029763b2d76ef7a?s=96&d=mm&r=g\",\"url\":\"https:\\\/\\\/secure.gravatar.com\\\/avatar\\\/528dc96708c82c0f0c26eba076b7ff225f08450c6a1be4d0b029763b2d76ef7a?s=96&d=mm&r=g\",\"contentUrl\":\"https:\\\/\\\/secure.gravatar.com\\\/avatar\\\/528dc96708c82c0f0c26eba076b7ff225f08450c6a1be4d0b029763b2d76ef7a?s=96&d=mm&r=g\",\"caption\":\"Thomas Kolbe\"},\"url\":\"https:\\\/\\\/generate.fr\\\/en\\\/author\\\/editeur\\\/\"}]}<\/script>\n<!-- \/ Yoast SEO plugin. -->","yoast_head_json":{"title":"Safran choisit Outsight pour acc\u00e9l\u00e9rer le d\u00e9veloppement de solutions autonomes - GENERATE","robots":{"index":"index","follow":"follow","max-snippet":"max-snippet:-1","max-image-preview":"max-image-preview:large","max-video-preview":"max-video-preview:-1"},"canonical":"https:\/\/generate.fr\/safran-choisit-outsight-pour-accelerer-le-developpement-de-solutions-autonomes\/","og_locale":"en_US","og_type":"article","og_title":"Safran choisit Outsight pour acc\u00e9l\u00e9rer le d\u00e9veloppement de solutions autonomes - GENERATE","og_description":"Safran et Outsight annoncent leur partenariat sur les technologies de mobilit\u00e9 autonome et lancent la Cam\u00e9ra 3D S\u00e9mantique r\u00e9volutionnaire de Outsight sur diff\u00e9rents types de v\u00e9hicules, comme les drones et les avions. Outsight d\u00e9veloppe des solutions innovantes qui permettent aux v\u00e9hicules autonomes de percevoir et comprendre simultan\u00e9ment leur environnement en 3D. Cette collaboration fait suite","og_url":"https:\/\/generate.fr\/safran-choisit-outsight-pour-accelerer-le-developpement-de-solutions-autonomes\/","og_site_name":"GENERATE","article_published_time":"2019-12-07T10:38:26+00:00","og_image":[{"width":1552,"height":826,"url":"https:\/\/generate.fr\/wp-content\/uploads\/2019\/12\/Capture-d\u2019e\u0301cran-2019-12-07-a\u0300-09.57.17.png","type":"image\/png"}],"author":"Thomas Kolbe","twitter_card":"summary_large_image","twitter_misc":{"Written by":"Thomas Kolbe","Est. reading time":"2 minutes"},"schema":{"@context":"https:\/\/schema.org","@graph":[{"@type":"Article","@id":"https:\/\/generate.fr\/safran-choisit-outsight-pour-accelerer-le-developpement-de-solutions-autonomes\/#article","isPartOf":{"@id":"https:\/\/generate.fr\/safran-choisit-outsight-pour-accelerer-le-developpement-de-solutions-autonomes\/"},"author":{"name":"Thomas Kolbe","@id":"https:\/\/generate.fr\/#\/schema\/person\/2895efb6d641efb3170ace8678ace18c"},"headline":"Safran choisit Outsight pour acc\u00e9l\u00e9rer le d\u00e9veloppement de solutions autonomes","datePublished":"2019-12-07T10:38:26+00:00","mainEntityOfPage":{"@id":"https:\/\/generate.fr\/safran-choisit-outsight-pour-accelerer-le-developpement-de-solutions-autonomes\/"},"wordCount":334,"commentCount":0,"publisher":{"@id":"https:\/\/generate.fr\/#organization"},"image":{"@id":"https:\/\/generate.fr\/safran-choisit-outsight-pour-accelerer-le-developpement-de-solutions-autonomes\/#primaryimage"},"thumbnailUrl":"https:\/\/generate.fr\/wp-content\/uploads\/2019\/12\/Capture-d\u2019e\u0301cran-2019-12-07-a\u0300-09.57.17.png","keywords":["AUTONOME","GENERATE","OUTSIGHT","SAFRAN"],"articleSection":["Articles &amp; ITW"],"inLanguage":"en-US","potentialAction":[{"@type":"CommentAction","name":"Comment","target":["https:\/\/generate.fr\/safran-choisit-outsight-pour-accelerer-le-developpement-de-solutions-autonomes\/#respond"]}]},{"@type":"WebPage","@id":"https:\/\/generate.fr\/safran-choisit-outsight-pour-accelerer-le-developpement-de-solutions-autonomes\/","url":"https:\/\/generate.fr\/safran-choisit-outsight-pour-accelerer-le-developpement-de-solutions-autonomes\/","name":"Safran choisit Outsight pour acc\u00e9l\u00e9rer le d\u00e9veloppement de solutions autonomes - GENERATE","isPartOf":{"@id":"https:\/\/generate.fr\/#website"},"primaryImageOfPage":{"@id":"https:\/\/generate.fr\/safran-choisit-outsight-pour-accelerer-le-developpement-de-solutions-autonomes\/#primaryimage"},"image":{"@id":"https:\/\/generate.fr\/safran-choisit-outsight-pour-accelerer-le-developpement-de-solutions-autonomes\/#primaryimage"},"thumbnailUrl":"https:\/\/generate.fr\/wp-content\/uploads\/2019\/12\/Capture-d\u2019e\u0301cran-2019-12-07-a\u0300-09.57.17.png","datePublished":"2019-12-07T10:38:26+00:00","breadcrumb":{"@id":"https:\/\/generate.fr\/safran-choisit-outsight-pour-accelerer-le-developpement-de-solutions-autonomes\/#breadcrumb"},"inLanguage":"en-US","potentialAction":[{"@type":"ReadAction","target":["https:\/\/generate.fr\/safran-choisit-outsight-pour-accelerer-le-developpement-de-solutions-autonomes\/"]}]},{"@type":"ImageObject","inLanguage":"en-US","@id":"https:\/\/generate.fr\/safran-choisit-outsight-pour-accelerer-le-developpement-de-solutions-autonomes\/#primaryimage","url":"https:\/\/generate.fr\/wp-content\/uploads\/2019\/12\/Capture-d\u2019e\u0301cran-2019-12-07-a\u0300-09.57.17.png","contentUrl":"https:\/\/generate.fr\/wp-content\/uploads\/2019\/12\/Capture-d\u2019e\u0301cran-2019-12-07-a\u0300-09.57.17.png","width":1552,"height":826},{"@type":"BreadcrumbList","@id":"https:\/\/generate.fr\/safran-choisit-outsight-pour-accelerer-le-developpement-de-solutions-autonomes\/#breadcrumb","itemListElement":[{"@type":"ListItem","position":1,"name":"Accueil","item":"https:\/\/generate.fr\/"},{"@type":"ListItem","position":2,"name":"Safran choisit Outsight pour acc\u00e9l\u00e9rer le d\u00e9veloppement de solutions autonomes"}]},{"@type":"WebSite","@id":"https:\/\/generate.fr\/#website","url":"https:\/\/generate.fr\/","name":"GENERATE","description":"Acc\u00e9l\u00e9rateur d&#039;innovation pour la D\u00e9fense et la S\u00e9curit\u00e9","publisher":{"@id":"https:\/\/generate.fr\/#organization"},"potentialAction":[{"@type":"SearchAction","target":{"@type":"EntryPoint","urlTemplate":"https:\/\/generate.fr\/?s={search_term_string}"},"query-input":{"@type":"PropertyValueSpecification","valueRequired":true,"valueName":"search_term_string"}}],"inLanguage":"en-US"},{"@type":"Organization","@id":"https:\/\/generate.fr\/#organization","name":"Generate","url":"https:\/\/generate.fr\/","logo":{"@type":"ImageObject","inLanguage":"en-US","@id":"https:\/\/generate.fr\/#\/schema\/logo\/image\/","url":"https:\/\/generate.fr\/wp-content\/uploads\/2019\/05\/Generate.png","contentUrl":"https:\/\/generate.fr\/wp-content\/uploads\/2019\/05\/Generate.png","width":1000,"height":316,"caption":"Generate"},"image":{"@id":"https:\/\/generate.fr\/#\/schema\/logo\/image\/"},"sameAs":["https:\/\/www.youtube.com\/channel\/UCsoYfr1MZdZT2bqI7CNN1Rw"]},{"@type":"Person","@id":"https:\/\/generate.fr\/#\/schema\/person\/2895efb6d641efb3170ace8678ace18c","name":"Thomas Kolbe","image":{"@type":"ImageObject","inLanguage":"en-US","@id":"https:\/\/secure.gravatar.com\/avatar\/528dc96708c82c0f0c26eba076b7ff225f08450c6a1be4d0b029763b2d76ef7a?s=96&d=mm&r=g","url":"https:\/\/secure.gravatar.com\/avatar\/528dc96708c82c0f0c26eba076b7ff225f08450c6a1be4d0b029763b2d76ef7a?s=96&d=mm&r=g","contentUrl":"https:\/\/secure.gravatar.com\/avatar\/528dc96708c82c0f0c26eba076b7ff225f08450c6a1be4d0b029763b2d76ef7a?s=96&d=mm&r=g","caption":"Thomas Kolbe"},"url":"https:\/\/generate.fr\/en\/author\/editeur\/"}]}},"_links":{"self":[{"href":"https:\/\/generate.fr\/en\/wp-json\/wp\/v2\/posts\/2969","targetHints":{"allow":["GET"]}}],"collection":[{"href":"https:\/\/generate.fr\/en\/wp-json\/wp\/v2\/posts"}],"about":[{"href":"https:\/\/generate.fr\/en\/wp-json\/wp\/v2\/types\/post"}],"author":[{"embeddable":true,"href":"https:\/\/generate.fr\/en\/wp-json\/wp\/v2\/users\/2"}],"replies":[{"embeddable":true,"href":"https:\/\/generate.fr\/en\/wp-json\/wp\/v2\/comments?post=2969"}],"version-history":[{"count":1,"href":"https:\/\/generate.fr\/en\/wp-json\/wp\/v2\/posts\/2969\/revisions"}],"predecessor-version":[{"id":2972,"href":"https:\/\/generate.fr\/en\/wp-json\/wp\/v2\/posts\/2969\/revisions\/2972"}],"wp:featuredmedia":[{"embeddable":true,"href":"https:\/\/generate.fr\/en\/wp-json\/wp\/v2\/media\/2970"}],"wp:attachment":[{"href":"https:\/\/generate.fr\/en\/wp-json\/wp\/v2\/media?parent=2969"}],"wp:term":[{"taxonomy":"category","embeddable":true,"href":"https:\/\/generate.fr\/en\/wp-json\/wp\/v2\/categories?post=2969"},{"taxonomy":"post_tag","embeddable":true,"href":"https:\/\/generate.fr\/en\/wp-json\/wp\/v2\/tags?post=2969"}],"curies":[{"name":"wp","href":"https:\/\/api.w.org\/{rel}","templated":true}]}}