{"id":2985,"date":"2019-12-12T17:46:00","date_gmt":"2019-12-12T17:46:00","guid":{"rendered":"https:\/\/generate.fr\/?p=2985"},"modified":"2019-12-12T17:46:00","modified_gmt":"2019-12-12T17:46:00","slug":"la-fuerza-aera-combiana-adquiere-sistemas-anti-drone-de-cerbair","status":"publish","type":"post","link":"https:\/\/generate.fr\/en\/la-fuerza-aera-combiana-adquiere-sistemas-anti-drone-de-cerbair\/","title":{"rendered":"La Fuerza Aera Combiana adquiere sistemas anti drone de Cerbair"},"content":{"rendered":"<p>Entrevista a\u00a0<strong>Lucas Le Bell, CEO<\/strong>\u00a0de\u00a0CerbAir<strong><br \/>\n<\/strong><\/p>\n<p><strong>Por primera vez CerbAir ha participado en Expodefensa 2019, \u00bfcu\u00e1l es su opini\u00f3n sobre el\u00a0evento ?<br \/>\n<\/strong><em>Muy feliz de haber estado en Bogot\u00e0. De hecho, Expodefensa 2019\u00a0 ha demostrado ser una de las principales\u00a0 ferias de Defensa y Seguridad para Am\u00e9rica Latina y los pa\u00edses del Caribe. Participantes y visitantes de muy alto nivel: muchos \"decision makers\" de todas partes del continente sudamericano con necesidades claras que nuestra empresa tiene la intenci\u00f3n de abordar brind\u00e1ndoles las soluciones anti-drones adecuadas.<\/em><\/p>\n<p><strong>\u00bfComo calificar\u00eda la demanda anti drones en Colombia y Am\u00e9rica Latina?<br \/>\n<\/strong><em>Am\u00e9rica Latina es un mercado anti drones de maduraci\u00f3n r\u00e1pida que se enfrenta a ataques de drones o contrabando. Hay necesidades espec\u00edficas: infraestructuras cr\u00edticas, instalaciones petrol\u00edferas y gas\u00edsticas y fuerzas policiales y militares que buscan soluciones m\u00f3viles y port\u00e1tile rentables. Resulta ser el posicionamiento estrat\u00e9gico de CerbAir. Por lo tanto, aprovechando nuestro primer contrato con la Fuerza A\u00e9rea Colombiana , tenemos la intenci\u00f3n de aumentar nuestro enfoque en el \u00e1rea en colaboraci\u00f3n con nuestro socio local.<\/em><\/p>\n<p><strong>\u00bfQu\u00e9 esperar en el futuro de las soluciones anti-drones? \u00bfCu\u00e1les son sus predicciones para este mercado?<\/strong><\/p>\n<p><em>- Separaci\u00f3n del mercado:<\/em><em>\u00a0entre la protecci\u00f3n contra drones militares por un lado, solucionado por tecnolog\u00edas multicapas, muy militar y muy lucrativa dados los riesgos (cf. Arabia Saudita) vs un mercado en gran parte civil que privilegia la rentabilidad y un enfoque de mono-tecnolog\u00eda del tipo RF (radio frecuencia), pasivo, eficiente y f\u00e1cil de usar e instalar.<br \/>\n- M\u00e1s soluciones m\u00f3viles \/ port\u00e1tiles para una mayor flexibilidad: la creciente multitud de vulnerabilidades requiere cada vez m\u00e1s soluciones peque\u00f1as y \u00e1giles, f\u00e1cilmente proyectables.<br \/>\n- M\u00e1s integraci\u00f3n: entre las diferentes plataformas tecnol\u00f3gicas desarrolladas por los fabricantes de sistemas contra los drones en soluciones m\u00e1s completas donde las tecnolog\u00edas pueden completarse a si mismas\u00a0 con el fin de desarrollar sinergias.<\/em><\/p>\n<p><a href=\"https:\/\/www.monch.com\/mpg\/latin-america-spanish\/6538-expodefensa-cerbair-interview-lucas-le-bell.html\"><strong>Source : MONCH<\/strong><\/a><\/p>\n","protected":false},"excerpt":{"rendered":"<p>Entrevista a\u00a0Lucas Le Bell, CEO\u00a0de\u00a0CerbAir Por primera vez CerbAir ha participado en Expodefensa 2019, \u00bfcu\u00e1l es su opini\u00f3n sobre el\u00a0evento ? Muy feliz de haber estado en Bogot\u00e0. De hecho, Expodefensa 2019\u00a0 ha demostrado ser una de las principales\u00a0 ferias de Defensa y Seguridad para Am\u00e9rica Latina y los pa\u00edses del Caribe. Participantes y visitantes [&hellip;]<\/p>\n","protected":false},"author":2,"featured_media":2986,"comment_status":"open","ping_status":"open","sticky":false,"template":"","format":"standard","meta":{"footnotes":""},"categories":[7],"tags":[76,147,53],"class_list":["post-2985","post","type-post","status-publish","format-standard","has-post-thumbnail","hentry","category-articles-itw","tag-cerbair","tag-colombie","tag-drone","post-wrapper"],"yoast_head":"<!-- This site is optimized with the Yoast SEO plugin v27.4 - https:\/\/yoast.com\/product\/yoast-seo-wordpress\/ -->\n<title>La Fuerza Aera Combiana adquiere sistemas anti drone de Cerbair - GENERATE<\/title>\n<meta name=\"robots\" content=\"index, follow, max-snippet:-1, max-image-preview:large, max-video-preview:-1\" \/>\n<link rel=\"canonical\" href=\"https:\/\/generate.fr\/la-fuerza-aera-combiana-adquiere-sistemas-anti-drone-de-cerbair\/\" \/>\n<meta property=\"og:locale\" content=\"en_US\" \/>\n<meta property=\"og:type\" content=\"article\" \/>\n<meta property=\"og:title\" content=\"La Fuerza Aera Combiana adquiere sistemas anti drone de Cerbair - GENERATE\" \/>\n<meta property=\"og:description\" content=\"Entrevista a\u00a0Lucas Le Bell, CEO\u00a0de\u00a0CerbAir Por primera vez CerbAir ha participado en Expodefensa 2019, \u00bfcu\u00e1l es su opini\u00f3n sobre el\u00a0evento ? Muy feliz de haber estado en Bogot\u00e0. De hecho, Expodefensa 2019\u00a0 ha demostrado ser una de las principales\u00a0 ferias de Defensa y Seguridad para Am\u00e9rica Latina y los pa\u00edses del Caribe. Participantes y visitantes\" \/>\n<meta property=\"og:url\" content=\"https:\/\/generate.fr\/la-fuerza-aera-combiana-adquiere-sistemas-anti-drone-de-cerbair\/\" \/>\n<meta property=\"og:site_name\" content=\"GENERATE\" \/>\n<meta property=\"article:published_time\" content=\"2019-12-12T17:46:00+00:00\" \/>\n<meta property=\"og:image\" content=\"https:\/\/generate.fr\/wp-content\/uploads\/2019\/12\/Foto_1.jpg\" \/>\n\t<meta property=\"og:image:width\" content=\"500\" \/>\n\t<meta property=\"og:image:height\" content=\"332\" \/>\n\t<meta property=\"og:image:type\" content=\"image\/jpeg\" \/>\n<meta name=\"author\" content=\"Thomas Kolbe\" \/>\n<meta name=\"twitter:card\" content=\"summary_large_image\" \/>\n<meta name=\"twitter:label1\" content=\"Written by\" \/>\n\t<meta name=\"twitter:data1\" content=\"Thomas Kolbe\" \/>\n\t<meta name=\"twitter:label2\" content=\"Est. reading time\" \/>\n\t<meta name=\"twitter:data2\" content=\"2 minutes\" \/>\n<script type=\"application\/ld+json\" class=\"yoast-schema-graph\">{\"@context\":\"https:\\\/\\\/schema.org\",\"@graph\":[{\"@type\":\"Article\",\"@id\":\"https:\\\/\\\/generate.fr\\\/la-fuerza-aera-combiana-adquiere-sistemas-anti-drone-de-cerbair\\\/#article\",\"isPartOf\":{\"@id\":\"https:\\\/\\\/generate.fr\\\/la-fuerza-aera-combiana-adquiere-sistemas-anti-drone-de-cerbair\\\/\"},\"author\":{\"name\":\"Thomas Kolbe\",\"@id\":\"https:\\\/\\\/generate.fr\\\/#\\\/schema\\\/person\\\/2895efb6d641efb3170ace8678ace18c\"},\"headline\":\"La Fuerza Aera Combiana adquiere sistemas anti drone de Cerbair\",\"datePublished\":\"2019-12-12T17:46:00+00:00\",\"mainEntityOfPage\":{\"@id\":\"https:\\\/\\\/generate.fr\\\/la-fuerza-aera-combiana-adquiere-sistemas-anti-drone-de-cerbair\\\/\"},\"wordCount\":353,\"commentCount\":0,\"publisher\":{\"@id\":\"https:\\\/\\\/generate.fr\\\/#organization\"},\"image\":{\"@id\":\"https:\\\/\\\/generate.fr\\\/la-fuerza-aera-combiana-adquiere-sistemas-anti-drone-de-cerbair\\\/#primaryimage\"},\"thumbnailUrl\":\"https:\\\/\\\/generate.fr\\\/wp-content\\\/uploads\\\/2019\\\/12\\\/Foto_1.jpg\",\"keywords\":[\"Cerbair\",\"Colombie\",\"Drone\"],\"articleSection\":[\"Articles &amp; ITW\"],\"inLanguage\":\"en-US\",\"potentialAction\":[{\"@type\":\"CommentAction\",\"name\":\"Comment\",\"target\":[\"https:\\\/\\\/generate.fr\\\/la-fuerza-aera-combiana-adquiere-sistemas-anti-drone-de-cerbair\\\/#respond\"]}]},{\"@type\":\"WebPage\",\"@id\":\"https:\\\/\\\/generate.fr\\\/la-fuerza-aera-combiana-adquiere-sistemas-anti-drone-de-cerbair\\\/\",\"url\":\"https:\\\/\\\/generate.fr\\\/la-fuerza-aera-combiana-adquiere-sistemas-anti-drone-de-cerbair\\\/\",\"name\":\"La Fuerza Aera Combiana adquiere sistemas anti drone de Cerbair - GENERATE\",\"isPartOf\":{\"@id\":\"https:\\\/\\\/generate.fr\\\/#website\"},\"primaryImageOfPage\":{\"@id\":\"https:\\\/\\\/generate.fr\\\/la-fuerza-aera-combiana-adquiere-sistemas-anti-drone-de-cerbair\\\/#primaryimage\"},\"image\":{\"@id\":\"https:\\\/\\\/generate.fr\\\/la-fuerza-aera-combiana-adquiere-sistemas-anti-drone-de-cerbair\\\/#primaryimage\"},\"thumbnailUrl\":\"https:\\\/\\\/generate.fr\\\/wp-content\\\/uploads\\\/2019\\\/12\\\/Foto_1.jpg\",\"datePublished\":\"2019-12-12T17:46:00+00:00\",\"breadcrumb\":{\"@id\":\"https:\\\/\\\/generate.fr\\\/la-fuerza-aera-combiana-adquiere-sistemas-anti-drone-de-cerbair\\\/#breadcrumb\"},\"inLanguage\":\"en-US\",\"potentialAction\":[{\"@type\":\"ReadAction\",\"target\":[\"https:\\\/\\\/generate.fr\\\/la-fuerza-aera-combiana-adquiere-sistemas-anti-drone-de-cerbair\\\/\"]}]},{\"@type\":\"ImageObject\",\"inLanguage\":\"en-US\",\"@id\":\"https:\\\/\\\/generate.fr\\\/la-fuerza-aera-combiana-adquiere-sistemas-anti-drone-de-cerbair\\\/#primaryimage\",\"url\":\"https:\\\/\\\/generate.fr\\\/wp-content\\\/uploads\\\/2019\\\/12\\\/Foto_1.jpg\",\"contentUrl\":\"https:\\\/\\\/generate.fr\\\/wp-content\\\/uploads\\\/2019\\\/12\\\/Foto_1.jpg\",\"width\":500,\"height\":332},{\"@type\":\"BreadcrumbList\",\"@id\":\"https:\\\/\\\/generate.fr\\\/la-fuerza-aera-combiana-adquiere-sistemas-anti-drone-de-cerbair\\\/#breadcrumb\",\"itemListElement\":[{\"@type\":\"ListItem\",\"position\":1,\"name\":\"Accueil\",\"item\":\"https:\\\/\\\/generate.fr\\\/\"},{\"@type\":\"ListItem\",\"position\":2,\"name\":\"La Fuerza Aera Combiana adquiere sistemas anti drone de Cerbair\"}]},{\"@type\":\"WebSite\",\"@id\":\"https:\\\/\\\/generate.fr\\\/#website\",\"url\":\"https:\\\/\\\/generate.fr\\\/\",\"name\":\"GENERATE\",\"description\":\"Acc\u00e9l\u00e9rateur d&#039;innovation pour la D\u00e9fense et la S\u00e9curit\u00e9\",\"publisher\":{\"@id\":\"https:\\\/\\\/generate.fr\\\/#organization\"},\"potentialAction\":[{\"@type\":\"SearchAction\",\"target\":{\"@type\":\"EntryPoint\",\"urlTemplate\":\"https:\\\/\\\/generate.fr\\\/?s={search_term_string}\"},\"query-input\":{\"@type\":\"PropertyValueSpecification\",\"valueRequired\":true,\"valueName\":\"search_term_string\"}}],\"inLanguage\":\"en-US\"},{\"@type\":\"Organization\",\"@id\":\"https:\\\/\\\/generate.fr\\\/#organization\",\"name\":\"Generate\",\"url\":\"https:\\\/\\\/generate.fr\\\/\",\"logo\":{\"@type\":\"ImageObject\",\"inLanguage\":\"en-US\",\"@id\":\"https:\\\/\\\/generate.fr\\\/#\\\/schema\\\/logo\\\/image\\\/\",\"url\":\"https:\\\/\\\/generate.fr\\\/wp-content\\\/uploads\\\/2019\\\/05\\\/Generate.png\",\"contentUrl\":\"https:\\\/\\\/generate.fr\\\/wp-content\\\/uploads\\\/2019\\\/05\\\/Generate.png\",\"width\":1000,\"height\":316,\"caption\":\"Generate\"},\"image\":{\"@id\":\"https:\\\/\\\/generate.fr\\\/#\\\/schema\\\/logo\\\/image\\\/\"},\"sameAs\":[\"https:\\\/\\\/www.youtube.com\\\/channel\\\/UCsoYfr1MZdZT2bqI7CNN1Rw\"]},{\"@type\":\"Person\",\"@id\":\"https:\\\/\\\/generate.fr\\\/#\\\/schema\\\/person\\\/2895efb6d641efb3170ace8678ace18c\",\"name\":\"Thomas Kolbe\",\"image\":{\"@type\":\"ImageObject\",\"inLanguage\":\"en-US\",\"@id\":\"https:\\\/\\\/secure.gravatar.com\\\/avatar\\\/528dc96708c82c0f0c26eba076b7ff225f08450c6a1be4d0b029763b2d76ef7a?s=96&d=mm&r=g\",\"url\":\"https:\\\/\\\/secure.gravatar.com\\\/avatar\\\/528dc96708c82c0f0c26eba076b7ff225f08450c6a1be4d0b029763b2d76ef7a?s=96&d=mm&r=g\",\"contentUrl\":\"https:\\\/\\\/secure.gravatar.com\\\/avatar\\\/528dc96708c82c0f0c26eba076b7ff225f08450c6a1be4d0b029763b2d76ef7a?s=96&d=mm&r=g\",\"caption\":\"Thomas Kolbe\"},\"url\":\"https:\\\/\\\/generate.fr\\\/en\\\/author\\\/editeur\\\/\"}]}<\/script>\n<!-- \/ Yoast SEO plugin. -->","yoast_head_json":{"title":"La Fuerza Aera Combiana adquiere sistemas anti drone de Cerbair - GENERATE","robots":{"index":"index","follow":"follow","max-snippet":"max-snippet:-1","max-image-preview":"max-image-preview:large","max-video-preview":"max-video-preview:-1"},"canonical":"https:\/\/generate.fr\/la-fuerza-aera-combiana-adquiere-sistemas-anti-drone-de-cerbair\/","og_locale":"en_US","og_type":"article","og_title":"La Fuerza Aera Combiana adquiere sistemas anti drone de Cerbair - GENERATE","og_description":"Entrevista a\u00a0Lucas Le Bell, CEO\u00a0de\u00a0CerbAir Por primera vez CerbAir ha participado en Expodefensa 2019, \u00bfcu\u00e1l es su opini\u00f3n sobre el\u00a0evento ? Muy feliz de haber estado en Bogot\u00e0. De hecho, Expodefensa 2019\u00a0 ha demostrado ser una de las principales\u00a0 ferias de Defensa y Seguridad para Am\u00e9rica Latina y los pa\u00edses del Caribe. Participantes y visitantes","og_url":"https:\/\/generate.fr\/la-fuerza-aera-combiana-adquiere-sistemas-anti-drone-de-cerbair\/","og_site_name":"GENERATE","article_published_time":"2019-12-12T17:46:00+00:00","og_image":[{"width":500,"height":332,"url":"https:\/\/generate.fr\/wp-content\/uploads\/2019\/12\/Foto_1.jpg","type":"image\/jpeg"}],"author":"Thomas Kolbe","twitter_card":"summary_large_image","twitter_misc":{"Written by":"Thomas Kolbe","Est. reading time":"2 minutes"},"schema":{"@context":"https:\/\/schema.org","@graph":[{"@type":"Article","@id":"https:\/\/generate.fr\/la-fuerza-aera-combiana-adquiere-sistemas-anti-drone-de-cerbair\/#article","isPartOf":{"@id":"https:\/\/generate.fr\/la-fuerza-aera-combiana-adquiere-sistemas-anti-drone-de-cerbair\/"},"author":{"name":"Thomas Kolbe","@id":"https:\/\/generate.fr\/#\/schema\/person\/2895efb6d641efb3170ace8678ace18c"},"headline":"La Fuerza Aera Combiana adquiere sistemas anti drone de Cerbair","datePublished":"2019-12-12T17:46:00+00:00","mainEntityOfPage":{"@id":"https:\/\/generate.fr\/la-fuerza-aera-combiana-adquiere-sistemas-anti-drone-de-cerbair\/"},"wordCount":353,"commentCount":0,"publisher":{"@id":"https:\/\/generate.fr\/#organization"},"image":{"@id":"https:\/\/generate.fr\/la-fuerza-aera-combiana-adquiere-sistemas-anti-drone-de-cerbair\/#primaryimage"},"thumbnailUrl":"https:\/\/generate.fr\/wp-content\/uploads\/2019\/12\/Foto_1.jpg","keywords":["Cerbair","Colombie","Drone"],"articleSection":["Articles &amp; ITW"],"inLanguage":"en-US","potentialAction":[{"@type":"CommentAction","name":"Comment","target":["https:\/\/generate.fr\/la-fuerza-aera-combiana-adquiere-sistemas-anti-drone-de-cerbair\/#respond"]}]},{"@type":"WebPage","@id":"https:\/\/generate.fr\/la-fuerza-aera-combiana-adquiere-sistemas-anti-drone-de-cerbair\/","url":"https:\/\/generate.fr\/la-fuerza-aera-combiana-adquiere-sistemas-anti-drone-de-cerbair\/","name":"La Fuerza Aera Combiana adquiere sistemas anti drone de Cerbair - GENERATE","isPartOf":{"@id":"https:\/\/generate.fr\/#website"},"primaryImageOfPage":{"@id":"https:\/\/generate.fr\/la-fuerza-aera-combiana-adquiere-sistemas-anti-drone-de-cerbair\/#primaryimage"},"image":{"@id":"https:\/\/generate.fr\/la-fuerza-aera-combiana-adquiere-sistemas-anti-drone-de-cerbair\/#primaryimage"},"thumbnailUrl":"https:\/\/generate.fr\/wp-content\/uploads\/2019\/12\/Foto_1.jpg","datePublished":"2019-12-12T17:46:00+00:00","breadcrumb":{"@id":"https:\/\/generate.fr\/la-fuerza-aera-combiana-adquiere-sistemas-anti-drone-de-cerbair\/#breadcrumb"},"inLanguage":"en-US","potentialAction":[{"@type":"ReadAction","target":["https:\/\/generate.fr\/la-fuerza-aera-combiana-adquiere-sistemas-anti-drone-de-cerbair\/"]}]},{"@type":"ImageObject","inLanguage":"en-US","@id":"https:\/\/generate.fr\/la-fuerza-aera-combiana-adquiere-sistemas-anti-drone-de-cerbair\/#primaryimage","url":"https:\/\/generate.fr\/wp-content\/uploads\/2019\/12\/Foto_1.jpg","contentUrl":"https:\/\/generate.fr\/wp-content\/uploads\/2019\/12\/Foto_1.jpg","width":500,"height":332},{"@type":"BreadcrumbList","@id":"https:\/\/generate.fr\/la-fuerza-aera-combiana-adquiere-sistemas-anti-drone-de-cerbair\/#breadcrumb","itemListElement":[{"@type":"ListItem","position":1,"name":"Accueil","item":"https:\/\/generate.fr\/"},{"@type":"ListItem","position":2,"name":"La Fuerza Aera Combiana adquiere sistemas anti drone de Cerbair"}]},{"@type":"WebSite","@id":"https:\/\/generate.fr\/#website","url":"https:\/\/generate.fr\/","name":"GENERATE","description":"Acc\u00e9l\u00e9rateur d&#039;innovation pour la D\u00e9fense et la S\u00e9curit\u00e9","publisher":{"@id":"https:\/\/generate.fr\/#organization"},"potentialAction":[{"@type":"SearchAction","target":{"@type":"EntryPoint","urlTemplate":"https:\/\/generate.fr\/?s={search_term_string}"},"query-input":{"@type":"PropertyValueSpecification","valueRequired":true,"valueName":"search_term_string"}}],"inLanguage":"en-US"},{"@type":"Organization","@id":"https:\/\/generate.fr\/#organization","name":"Generate","url":"https:\/\/generate.fr\/","logo":{"@type":"ImageObject","inLanguage":"en-US","@id":"https:\/\/generate.fr\/#\/schema\/logo\/image\/","url":"https:\/\/generate.fr\/wp-content\/uploads\/2019\/05\/Generate.png","contentUrl":"https:\/\/generate.fr\/wp-content\/uploads\/2019\/05\/Generate.png","width":1000,"height":316,"caption":"Generate"},"image":{"@id":"https:\/\/generate.fr\/#\/schema\/logo\/image\/"},"sameAs":["https:\/\/www.youtube.com\/channel\/UCsoYfr1MZdZT2bqI7CNN1Rw"]},{"@type":"Person","@id":"https:\/\/generate.fr\/#\/schema\/person\/2895efb6d641efb3170ace8678ace18c","name":"Thomas Kolbe","image":{"@type":"ImageObject","inLanguage":"en-US","@id":"https:\/\/secure.gravatar.com\/avatar\/528dc96708c82c0f0c26eba076b7ff225f08450c6a1be4d0b029763b2d76ef7a?s=96&d=mm&r=g","url":"https:\/\/secure.gravatar.com\/avatar\/528dc96708c82c0f0c26eba076b7ff225f08450c6a1be4d0b029763b2d76ef7a?s=96&d=mm&r=g","contentUrl":"https:\/\/secure.gravatar.com\/avatar\/528dc96708c82c0f0c26eba076b7ff225f08450c6a1be4d0b029763b2d76ef7a?s=96&d=mm&r=g","caption":"Thomas Kolbe"},"url":"https:\/\/generate.fr\/en\/author\/editeur\/"}]}},"_links":{"self":[{"href":"https:\/\/generate.fr\/en\/wp-json\/wp\/v2\/posts\/2985","targetHints":{"allow":["GET"]}}],"collection":[{"href":"https:\/\/generate.fr\/en\/wp-json\/wp\/v2\/posts"}],"about":[{"href":"https:\/\/generate.fr\/en\/wp-json\/wp\/v2\/types\/post"}],"author":[{"embeddable":true,"href":"https:\/\/generate.fr\/en\/wp-json\/wp\/v2\/users\/2"}],"replies":[{"embeddable":true,"href":"https:\/\/generate.fr\/en\/wp-json\/wp\/v2\/comments?post=2985"}],"version-history":[{"count":1,"href":"https:\/\/generate.fr\/en\/wp-json\/wp\/v2\/posts\/2985\/revisions"}],"predecessor-version":[{"id":2988,"href":"https:\/\/generate.fr\/en\/wp-json\/wp\/v2\/posts\/2985\/revisions\/2988"}],"wp:featuredmedia":[{"embeddable":true,"href":"https:\/\/generate.fr\/en\/wp-json\/wp\/v2\/media\/2986"}],"wp:attachment":[{"href":"https:\/\/generate.fr\/en\/wp-json\/wp\/v2\/media?parent=2985"}],"wp:term":[{"taxonomy":"category","embeddable":true,"href":"https:\/\/generate.fr\/en\/wp-json\/wp\/v2\/categories?post=2985"},{"taxonomy":"post_tag","embeddable":true,"href":"https:\/\/generate.fr\/en\/wp-json\/wp\/v2\/tags?post=2985"}],"curies":[{"name":"wp","href":"https:\/\/api.w.org\/{rel}","templated":true}]}}