{"id":2992,"date":"2020-01-14T14:20:56","date_gmt":"2020-01-14T14:20:56","guid":{"rendered":"https:\/\/generate.fr\/?p=2992"},"modified":"2020-01-14T14:20:56","modified_gmt":"2020-01-14T14:20:56","slug":"earthcube-entend-participer-a-laviation-de-combat-du-futur","status":"publish","type":"post","link":"https:\/\/generate.fr\/en\/earthcube-entend-participer-a-laviation-de-combat-du-futur\/","title":{"rendered":"Earthcube entend participer \u00e0 l'aviation de combat du futur"},"content":{"rendered":"<p class=\"article-hat\"><strong>Earthcube a \u00e9t\u00e9 s\u00e9lectionn\u00e9 par la DGA dans le cadre de l'initiative Man Machine Teaming (MMT).<\/strong><\/p>\n<div class=\"article-blocks\">\n<div class=\"block block-html\">\n<p>Earthcube a annonc\u00e9 le 4 d\u00e9cembre avoir \u00e9t\u00e9 s\u00e9lectionn\u00e9 par la DGA dans le cadre des projets MMT (man machine teaming). L'entreprise concentrera son savoir-faire sur des applications d'intelligence artificielle \u00e0 destination de l'avion de chasse du futur. \u00ab\u00a0Les deux projets men\u00e9s par Earthcube dans le cadre de l'op\u00e9ration Man Machine Teaming (MMT) portent notamment sur l'application de l'IA et du deep learning pour la d\u00e9tection de cibles et l'optimisation des donn\u00e9es issues de capteurs embarqu\u00e9s\u00a0\u00bb, rapporte l'entreprise.<\/p>\n<p>Le premier projet pour lequel Earthcube a \u00e9t\u00e9 s\u00e9lectionn\u00e9 repose sur l'apprentissage dans un contexte de d\u00e9tection d'objets. \u00ab\u00a0L'objectif de l'\u00e9tude est d'estimer le gain de performance induit par un apprentissage simultan\u00e9 sur des donn\u00e9es images d'origines spectrales diff\u00e9rentes par rapport \u00e0 une fusion a posteriori de r\u00e9seaux entra\u00een\u00e9s s\u00e9par\u00e9ment sur chaque type de donn\u00e9es\u00a0\u00bb, explique l'industriel. L'ambition est ainsi d'exploiter au mieux les informations et images collect\u00e9es par les diff\u00e9rents capteurs. En effet, les capteurs int\u00e9gr\u00e9s sur les a\u00e9ronefs collectent un grand nombre de donn\u00e9es, difficilement exploitables en l'\u00e9tat par les pilotes. L'int\u00e9gration de l'IA permet ainsi de capitaliser sur cet amont de donn\u00e9es tout en proc\u00e9dant \u00e0 une analyse afin de les exploiter au mieux. \u00ab\u00a0Ces syst\u00e8mes pourront b\u00e9n\u00e9ficier pleinement de la compl\u00e9mentarit\u00e9 entre les instruments optiques et radars qui pourront \u00e9quiper les avions ou les drones mis en \u0153uvre par les forces arm\u00e9es\u00a0\u00bb, ajoute Earthcube.<\/p>\n<p>Un second projet se concentrera sur les algorithmes d'IA. \u00ab\u00a0L'objectif est d'estimer, par rapport \u00e0 l'exploitation d'un algorithme unique, le gain de performance induit par la fusion d'algorithmes orthogonaux, et de tirer parti des diff\u00e9rentes technologies pour avoir les meilleures performances en apprenant avec moins de donn\u00e9es, tout en maximisant l'explicabilit\u00e9\u00a0\u00bb, met en avant Earthcube.<\/p>\n<p><a href=\"https:\/\/www.air-cosmos.com\/article\/earthcube-entend-participer-laviation-de-combat-du-futur-22251\"><strong>Source : Air &amp; Cosmos<\/strong><\/a><\/p>\n<\/div>\n<\/div>\n","protected":false},"excerpt":{"rendered":"<p>Earthcube a \u00e9t\u00e9 s\u00e9lectionn\u00e9 par la DGA dans le cadre de l'initiative Man Machine Teaming (MMT). Earthcube a annonc\u00e9 le 4 d\u00e9cembre avoir \u00e9t\u00e9 s\u00e9lectionn\u00e9 par la DGA dans le cadre des projets MMT (man machine teaming). L'entreprise concentrera son savoir-faire sur des applications d'intelligence artificielle \u00e0 destination de l'avion de chasse du futur. \u00ab\u00a0Les [&hellip;]<\/p>\n","protected":false},"author":2,"featured_media":2993,"comment_status":"open","ping_status":"open","sticky":false,"template":"","format":"standard","meta":{"footnotes":""},"categories":[7],"tags":[30,17,11,139],"class_list":["post-2992","post","type-post","status-publish","format-standard","has-post-thumbnail","hentry","category-articles-itw","tag-earthcube","tag-generate","tag-gicat","tag-mmt","post-wrapper"],"yoast_head":"<!-- This site is optimized with the Yoast SEO plugin v27.4 - https:\/\/yoast.com\/product\/yoast-seo-wordpress\/ -->\n<title>Earthcube entend participer \u00e0 l&#039;aviation de combat du futur - GENERATE<\/title>\n<meta name=\"robots\" content=\"index, follow, max-snippet:-1, max-image-preview:large, max-video-preview:-1\" \/>\n<link rel=\"canonical\" href=\"https:\/\/generate.fr\/earthcube-entend-participer-a-laviation-de-combat-du-futur\/\" \/>\n<meta property=\"og:locale\" content=\"en_US\" \/>\n<meta property=\"og:type\" content=\"article\" \/>\n<meta property=\"og:title\" content=\"Earthcube entend participer \u00e0 l&#039;aviation de combat du futur - GENERATE\" \/>\n<meta property=\"og:description\" content=\"Earthcube a \u00e9t\u00e9 s\u00e9lectionn\u00e9 par la DGA dans le cadre de l&#039;initiative Man Machine Teaming (MMT). Earthcube a annonc\u00e9 le 4 d\u00e9cembre avoir \u00e9t\u00e9 s\u00e9lectionn\u00e9 par la DGA dans le cadre des projets MMT (man machine teaming). L&#039;entreprise concentrera son savoir-faire sur des applications d&#039;intelligence artificielle \u00e0 destination de l&#039;avion de chasse du futur. \u00ab\u00a0Les\" \/>\n<meta property=\"og:url\" content=\"https:\/\/generate.fr\/earthcube-entend-participer-a-laviation-de-combat-du-futur\/\" \/>\n<meta property=\"og:site_name\" content=\"GENERATE\" \/>\n<meta property=\"article:published_time\" content=\"2020-01-14T14:20:56+00:00\" \/>\n<meta property=\"og:image\" content=\"https:\/\/generate.fr\/wp-content\/uploads\/2020\/01\/Capture-d\u2019e\u0301cran-2020-01-14-a\u0300-15.20.22-1024x524.png\" \/>\n\t<meta property=\"og:image:width\" content=\"1024\" \/>\n\t<meta property=\"og:image:height\" content=\"524\" \/>\n\t<meta property=\"og:image:type\" content=\"image\/png\" \/>\n<meta name=\"author\" content=\"Thomas Kolbe\" \/>\n<meta name=\"twitter:card\" content=\"summary_large_image\" \/>\n<meta name=\"twitter:label1\" content=\"Written by\" \/>\n\t<meta name=\"twitter:data1\" content=\"Thomas Kolbe\" \/>\n\t<meta name=\"twitter:label2\" content=\"Est. reading time\" \/>\n\t<meta name=\"twitter:data2\" content=\"2 minutes\" \/>\n<script type=\"application\/ld+json\" class=\"yoast-schema-graph\">{\"@context\":\"https:\\\/\\\/schema.org\",\"@graph\":[{\"@type\":\"Article\",\"@id\":\"https:\\\/\\\/generate.fr\\\/earthcube-entend-participer-a-laviation-de-combat-du-futur\\\/#article\",\"isPartOf\":{\"@id\":\"https:\\\/\\\/generate.fr\\\/earthcube-entend-participer-a-laviation-de-combat-du-futur\\\/\"},\"author\":{\"name\":\"Thomas Kolbe\",\"@id\":\"https:\\\/\\\/generate.fr\\\/#\\\/schema\\\/person\\\/2895efb6d641efb3170ace8678ace18c\"},\"headline\":\"Earthcube entend participer \u00e0 l'aviation de combat du futur\",\"datePublished\":\"2020-01-14T14:20:56+00:00\",\"mainEntityOfPage\":{\"@id\":\"https:\\\/\\\/generate.fr\\\/earthcube-entend-participer-a-laviation-de-combat-du-futur\\\/\"},\"wordCount\":367,\"commentCount\":0,\"publisher\":{\"@id\":\"https:\\\/\\\/generate.fr\\\/#organization\"},\"image\":{\"@id\":\"https:\\\/\\\/generate.fr\\\/earthcube-entend-participer-a-laviation-de-combat-du-futur\\\/#primaryimage\"},\"thumbnailUrl\":\"https:\\\/\\\/generate.fr\\\/wp-content\\\/uploads\\\/2020\\\/01\\\/Capture-d\u2019e\u0301cran-2020-01-14-a\u0300-15.20.22.png\",\"keywords\":[\"earthcube\",\"GENERATE\",\"GICAT\",\"MMT\"],\"articleSection\":[\"Articles &amp; ITW\"],\"inLanguage\":\"en-US\",\"potentialAction\":[{\"@type\":\"CommentAction\",\"name\":\"Comment\",\"target\":[\"https:\\\/\\\/generate.fr\\\/earthcube-entend-participer-a-laviation-de-combat-du-futur\\\/#respond\"]}]},{\"@type\":\"WebPage\",\"@id\":\"https:\\\/\\\/generate.fr\\\/earthcube-entend-participer-a-laviation-de-combat-du-futur\\\/\",\"url\":\"https:\\\/\\\/generate.fr\\\/earthcube-entend-participer-a-laviation-de-combat-du-futur\\\/\",\"name\":\"Earthcube entend participer \u00e0 l'aviation de combat du futur - GENERATE\",\"isPartOf\":{\"@id\":\"https:\\\/\\\/generate.fr\\\/#website\"},\"primaryImageOfPage\":{\"@id\":\"https:\\\/\\\/generate.fr\\\/earthcube-entend-participer-a-laviation-de-combat-du-futur\\\/#primaryimage\"},\"image\":{\"@id\":\"https:\\\/\\\/generate.fr\\\/earthcube-entend-participer-a-laviation-de-combat-du-futur\\\/#primaryimage\"},\"thumbnailUrl\":\"https:\\\/\\\/generate.fr\\\/wp-content\\\/uploads\\\/2020\\\/01\\\/Capture-d\u2019e\u0301cran-2020-01-14-a\u0300-15.20.22.png\",\"datePublished\":\"2020-01-14T14:20:56+00:00\",\"breadcrumb\":{\"@id\":\"https:\\\/\\\/generate.fr\\\/earthcube-entend-participer-a-laviation-de-combat-du-futur\\\/#breadcrumb\"},\"inLanguage\":\"en-US\",\"potentialAction\":[{\"@type\":\"ReadAction\",\"target\":[\"https:\\\/\\\/generate.fr\\\/earthcube-entend-participer-a-laviation-de-combat-du-futur\\\/\"]}]},{\"@type\":\"ImageObject\",\"inLanguage\":\"en-US\",\"@id\":\"https:\\\/\\\/generate.fr\\\/earthcube-entend-participer-a-laviation-de-combat-du-futur\\\/#primaryimage\",\"url\":\"https:\\\/\\\/generate.fr\\\/wp-content\\\/uploads\\\/2020\\\/01\\\/Capture-d\u2019e\u0301cran-2020-01-14-a\u0300-15.20.22.png\",\"contentUrl\":\"https:\\\/\\\/generate.fr\\\/wp-content\\\/uploads\\\/2020\\\/01\\\/Capture-d\u2019e\u0301cran-2020-01-14-a\u0300-15.20.22.png\",\"width\":1752,\"height\":896},{\"@type\":\"BreadcrumbList\",\"@id\":\"https:\\\/\\\/generate.fr\\\/earthcube-entend-participer-a-laviation-de-combat-du-futur\\\/#breadcrumb\",\"itemListElement\":[{\"@type\":\"ListItem\",\"position\":1,\"name\":\"Accueil\",\"item\":\"https:\\\/\\\/generate.fr\\\/\"},{\"@type\":\"ListItem\",\"position\":2,\"name\":\"Earthcube entend participer \u00e0 l'aviation de combat du futur\"}]},{\"@type\":\"WebSite\",\"@id\":\"https:\\\/\\\/generate.fr\\\/#website\",\"url\":\"https:\\\/\\\/generate.fr\\\/\",\"name\":\"GENERATE\",\"description\":\"Acc\u00e9l\u00e9rateur d&#039;innovation pour la D\u00e9fense et la S\u00e9curit\u00e9\",\"publisher\":{\"@id\":\"https:\\\/\\\/generate.fr\\\/#organization\"},\"potentialAction\":[{\"@type\":\"SearchAction\",\"target\":{\"@type\":\"EntryPoint\",\"urlTemplate\":\"https:\\\/\\\/generate.fr\\\/?s={search_term_string}\"},\"query-input\":{\"@type\":\"PropertyValueSpecification\",\"valueRequired\":true,\"valueName\":\"search_term_string\"}}],\"inLanguage\":\"en-US\"},{\"@type\":\"Organization\",\"@id\":\"https:\\\/\\\/generate.fr\\\/#organization\",\"name\":\"Generate\",\"url\":\"https:\\\/\\\/generate.fr\\\/\",\"logo\":{\"@type\":\"ImageObject\",\"inLanguage\":\"en-US\",\"@id\":\"https:\\\/\\\/generate.fr\\\/#\\\/schema\\\/logo\\\/image\\\/\",\"url\":\"https:\\\/\\\/generate.fr\\\/wp-content\\\/uploads\\\/2019\\\/05\\\/Generate.png\",\"contentUrl\":\"https:\\\/\\\/generate.fr\\\/wp-content\\\/uploads\\\/2019\\\/05\\\/Generate.png\",\"width\":1000,\"height\":316,\"caption\":\"Generate\"},\"image\":{\"@id\":\"https:\\\/\\\/generate.fr\\\/#\\\/schema\\\/logo\\\/image\\\/\"},\"sameAs\":[\"https:\\\/\\\/www.youtube.com\\\/channel\\\/UCsoYfr1MZdZT2bqI7CNN1Rw\"]},{\"@type\":\"Person\",\"@id\":\"https:\\\/\\\/generate.fr\\\/#\\\/schema\\\/person\\\/2895efb6d641efb3170ace8678ace18c\",\"name\":\"Thomas Kolbe\",\"image\":{\"@type\":\"ImageObject\",\"inLanguage\":\"en-US\",\"@id\":\"https:\\\/\\\/secure.gravatar.com\\\/avatar\\\/528dc96708c82c0f0c26eba076b7ff225f08450c6a1be4d0b029763b2d76ef7a?s=96&d=mm&r=g\",\"url\":\"https:\\\/\\\/secure.gravatar.com\\\/avatar\\\/528dc96708c82c0f0c26eba076b7ff225f08450c6a1be4d0b029763b2d76ef7a?s=96&d=mm&r=g\",\"contentUrl\":\"https:\\\/\\\/secure.gravatar.com\\\/avatar\\\/528dc96708c82c0f0c26eba076b7ff225f08450c6a1be4d0b029763b2d76ef7a?s=96&d=mm&r=g\",\"caption\":\"Thomas Kolbe\"},\"url\":\"https:\\\/\\\/generate.fr\\\/en\\\/author\\\/editeur\\\/\"}]}<\/script>\n<!-- \/ Yoast SEO plugin. -->","yoast_head_json":{"title":"Earthcube entend participer \u00e0 l'aviation de combat du futur - GENERATE","robots":{"index":"index","follow":"follow","max-snippet":"max-snippet:-1","max-image-preview":"max-image-preview:large","max-video-preview":"max-video-preview:-1"},"canonical":"https:\/\/generate.fr\/earthcube-entend-participer-a-laviation-de-combat-du-futur\/","og_locale":"en_US","og_type":"article","og_title":"Earthcube entend participer \u00e0 l'aviation de combat du futur - GENERATE","og_description":"Earthcube a \u00e9t\u00e9 s\u00e9lectionn\u00e9 par la DGA dans le cadre de l'initiative Man Machine Teaming (MMT). Earthcube a annonc\u00e9 le 4 d\u00e9cembre avoir \u00e9t\u00e9 s\u00e9lectionn\u00e9 par la DGA dans le cadre des projets MMT (man machine teaming). L'entreprise concentrera son savoir-faire sur des applications d'intelligence artificielle \u00e0 destination de l'avion de chasse du futur. \u00ab\u00a0Les","og_url":"https:\/\/generate.fr\/earthcube-entend-participer-a-laviation-de-combat-du-futur\/","og_site_name":"GENERATE","article_published_time":"2020-01-14T14:20:56+00:00","og_image":[{"width":1024,"height":524,"url":"https:\/\/generate.fr\/wp-content\/uploads\/2020\/01\/Capture-d\u2019e\u0301cran-2020-01-14-a\u0300-15.20.22-1024x524.png","type":"image\/png"}],"author":"Thomas Kolbe","twitter_card":"summary_large_image","twitter_misc":{"Written by":"Thomas Kolbe","Est. reading time":"2 minutes"},"schema":{"@context":"https:\/\/schema.org","@graph":[{"@type":"Article","@id":"https:\/\/generate.fr\/earthcube-entend-participer-a-laviation-de-combat-du-futur\/#article","isPartOf":{"@id":"https:\/\/generate.fr\/earthcube-entend-participer-a-laviation-de-combat-du-futur\/"},"author":{"name":"Thomas Kolbe","@id":"https:\/\/generate.fr\/#\/schema\/person\/2895efb6d641efb3170ace8678ace18c"},"headline":"Earthcube entend participer \u00e0 l'aviation de combat du futur","datePublished":"2020-01-14T14:20:56+00:00","mainEntityOfPage":{"@id":"https:\/\/generate.fr\/earthcube-entend-participer-a-laviation-de-combat-du-futur\/"},"wordCount":367,"commentCount":0,"publisher":{"@id":"https:\/\/generate.fr\/#organization"},"image":{"@id":"https:\/\/generate.fr\/earthcube-entend-participer-a-laviation-de-combat-du-futur\/#primaryimage"},"thumbnailUrl":"https:\/\/generate.fr\/wp-content\/uploads\/2020\/01\/Capture-d\u2019e\u0301cran-2020-01-14-a\u0300-15.20.22.png","keywords":["earthcube","GENERATE","GICAT","MMT"],"articleSection":["Articles &amp; ITW"],"inLanguage":"en-US","potentialAction":[{"@type":"CommentAction","name":"Comment","target":["https:\/\/generate.fr\/earthcube-entend-participer-a-laviation-de-combat-du-futur\/#respond"]}]},{"@type":"WebPage","@id":"https:\/\/generate.fr\/earthcube-entend-participer-a-laviation-de-combat-du-futur\/","url":"https:\/\/generate.fr\/earthcube-entend-participer-a-laviation-de-combat-du-futur\/","name":"Earthcube entend participer \u00e0 l'aviation de combat du futur - GENERATE","isPartOf":{"@id":"https:\/\/generate.fr\/#website"},"primaryImageOfPage":{"@id":"https:\/\/generate.fr\/earthcube-entend-participer-a-laviation-de-combat-du-futur\/#primaryimage"},"image":{"@id":"https:\/\/generate.fr\/earthcube-entend-participer-a-laviation-de-combat-du-futur\/#primaryimage"},"thumbnailUrl":"https:\/\/generate.fr\/wp-content\/uploads\/2020\/01\/Capture-d\u2019e\u0301cran-2020-01-14-a\u0300-15.20.22.png","datePublished":"2020-01-14T14:20:56+00:00","breadcrumb":{"@id":"https:\/\/generate.fr\/earthcube-entend-participer-a-laviation-de-combat-du-futur\/#breadcrumb"},"inLanguage":"en-US","potentialAction":[{"@type":"ReadAction","target":["https:\/\/generate.fr\/earthcube-entend-participer-a-laviation-de-combat-du-futur\/"]}]},{"@type":"ImageObject","inLanguage":"en-US","@id":"https:\/\/generate.fr\/earthcube-entend-participer-a-laviation-de-combat-du-futur\/#primaryimage","url":"https:\/\/generate.fr\/wp-content\/uploads\/2020\/01\/Capture-d\u2019e\u0301cran-2020-01-14-a\u0300-15.20.22.png","contentUrl":"https:\/\/generate.fr\/wp-content\/uploads\/2020\/01\/Capture-d\u2019e\u0301cran-2020-01-14-a\u0300-15.20.22.png","width":1752,"height":896},{"@type":"BreadcrumbList","@id":"https:\/\/generate.fr\/earthcube-entend-participer-a-laviation-de-combat-du-futur\/#breadcrumb","itemListElement":[{"@type":"ListItem","position":1,"name":"Accueil","item":"https:\/\/generate.fr\/"},{"@type":"ListItem","position":2,"name":"Earthcube entend participer \u00e0 l'aviation de combat du futur"}]},{"@type":"WebSite","@id":"https:\/\/generate.fr\/#website","url":"https:\/\/generate.fr\/","name":"GENERATE","description":"Acc\u00e9l\u00e9rateur d&#039;innovation pour la D\u00e9fense et la S\u00e9curit\u00e9","publisher":{"@id":"https:\/\/generate.fr\/#organization"},"potentialAction":[{"@type":"SearchAction","target":{"@type":"EntryPoint","urlTemplate":"https:\/\/generate.fr\/?s={search_term_string}"},"query-input":{"@type":"PropertyValueSpecification","valueRequired":true,"valueName":"search_term_string"}}],"inLanguage":"en-US"},{"@type":"Organization","@id":"https:\/\/generate.fr\/#organization","name":"Generate","url":"https:\/\/generate.fr\/","logo":{"@type":"ImageObject","inLanguage":"en-US","@id":"https:\/\/generate.fr\/#\/schema\/logo\/image\/","url":"https:\/\/generate.fr\/wp-content\/uploads\/2019\/05\/Generate.png","contentUrl":"https:\/\/generate.fr\/wp-content\/uploads\/2019\/05\/Generate.png","width":1000,"height":316,"caption":"Generate"},"image":{"@id":"https:\/\/generate.fr\/#\/schema\/logo\/image\/"},"sameAs":["https:\/\/www.youtube.com\/channel\/UCsoYfr1MZdZT2bqI7CNN1Rw"]},{"@type":"Person","@id":"https:\/\/generate.fr\/#\/schema\/person\/2895efb6d641efb3170ace8678ace18c","name":"Thomas Kolbe","image":{"@type":"ImageObject","inLanguage":"en-US","@id":"https:\/\/secure.gravatar.com\/avatar\/528dc96708c82c0f0c26eba076b7ff225f08450c6a1be4d0b029763b2d76ef7a?s=96&d=mm&r=g","url":"https:\/\/secure.gravatar.com\/avatar\/528dc96708c82c0f0c26eba076b7ff225f08450c6a1be4d0b029763b2d76ef7a?s=96&d=mm&r=g","contentUrl":"https:\/\/secure.gravatar.com\/avatar\/528dc96708c82c0f0c26eba076b7ff225f08450c6a1be4d0b029763b2d76ef7a?s=96&d=mm&r=g","caption":"Thomas Kolbe"},"url":"https:\/\/generate.fr\/en\/author\/editeur\/"}]}},"_links":{"self":[{"href":"https:\/\/generate.fr\/en\/wp-json\/wp\/v2\/posts\/2992","targetHints":{"allow":["GET"]}}],"collection":[{"href":"https:\/\/generate.fr\/en\/wp-json\/wp\/v2\/posts"}],"about":[{"href":"https:\/\/generate.fr\/en\/wp-json\/wp\/v2\/types\/post"}],"author":[{"embeddable":true,"href":"https:\/\/generate.fr\/en\/wp-json\/wp\/v2\/users\/2"}],"replies":[{"embeddable":true,"href":"https:\/\/generate.fr\/en\/wp-json\/wp\/v2\/comments?post=2992"}],"version-history":[{"count":1,"href":"https:\/\/generate.fr\/en\/wp-json\/wp\/v2\/posts\/2992\/revisions"}],"predecessor-version":[{"id":2995,"href":"https:\/\/generate.fr\/en\/wp-json\/wp\/v2\/posts\/2992\/revisions\/2995"}],"wp:featuredmedia":[{"embeddable":true,"href":"https:\/\/generate.fr\/en\/wp-json\/wp\/v2\/media\/2993"}],"wp:attachment":[{"href":"https:\/\/generate.fr\/en\/wp-json\/wp\/v2\/media?parent=2992"}],"wp:term":[{"taxonomy":"category","embeddable":true,"href":"https:\/\/generate.fr\/en\/wp-json\/wp\/v2\/categories?post=2992"},{"taxonomy":"post_tag","embeddable":true,"href":"https:\/\/generate.fr\/en\/wp-json\/wp\/v2\/tags?post=2992"}],"curies":[{"name":"wp","href":"https:\/\/api.w.org\/{rel}","templated":true}]}}