{"id":2996,"date":"2020-01-14T14:26:36","date_gmt":"2020-01-14T14:26:36","guid":{"rendered":"https:\/\/generate.fr\/?p=2996"},"modified":"2020-01-14T14:36:54","modified_gmt":"2020-01-14T14:36:54","slug":"souverainete-la-france-en-etat-durgence-absolue","status":"publish","type":"post","link":"https:\/\/generate.fr\/en\/souverainete-la-france-en-etat-durgence-absolue\/","title":{"rendered":"Souverainet\u00e9 : la France en \u00e9tat d\u2019urgence absolue"},"content":{"rendered":"<p><strong>Face aux app\u00e9tits am\u00e9ricains et aux ambitions chinoises et russes, Paris a-t-il les moyens de prot\u00e9ger son autonomie de d\u00e9cision, et de la retrouver dans des domaines cl\u00e9s comme le num\u00e9rique ? Il y va de sa responsabilit\u00e9.<\/strong><\/p>\n<p>La France est en guerre. Une guerre qui ne fait pas de morts mais qui laisse \u00e0 la fin de chaque bataille perdue un champ de ruines industriel. Une guerre qui a pour enjeu la souverainet\u00e9 de notre pays, soit l'autonomie de d\u00e9cision de la France en mati\u00e8re technologique et num\u00e9rique. Cette guerre concerne \u00e9galement les domaines juridique, de la d\u00e9fense, de l'approvisionnement \u00e9nerg\u00e9tique, de la protection des fleurons nationaux. Elle doit \u00eatre men\u00e9e non pour fossiliser et isoler la France mais parce que les \u00c9tats-Unis, qui se veulent le gendarme du monde, souhaitent tout contr\u00f4ler et ainsi vassaliser leurs alli\u00e9s.<\/p>\n<p>R\u00e9sultat, une course-poursuite s'est engag\u00e9e entre Washington et ses principaux concurrents, notamment la Chine et \u00e0 un degr\u00e9 moindre la Russie, qui veulent \u00e9tendre leur zone d'influence. Le monde est redevenu un vaste jeu de Monopoly. Un \u00e9tat des lieux parfaitement r\u00e9sum\u00e9 par le ministre de l'\u00c9conomie Bruno Le Maire lors de son audition par la commission d'enqu\u00eate du S\u00e9nat consacr\u00e9e \u00e0 la souverainet\u00e9 num\u00e9rique en septembre dernier :\u00a0<em>\"Ces ruptures technologiques non seulement construiront ou non notre souverainet\u00e9 politique, mais elles feront au XXIe si\u00e8cle des vainqueurs et des vaincus, comme l'avait fait au XIXe si\u00e8cle la r\u00e9volution industrielle. Ceux qui ma\u00eetriseront les technologies de rupture seront les vainqueurs et leurs clients seront les vaincus\"<\/em>.<\/p>\n<h2>Prise de conscience aigu\u00eb d'Emmanuel Macron<\/h2>\n<p>\u00c0 l'\u00c9lys\u00e9e, les sujets de souverainet\u00e9 constituent d\u00e9sormais, semble-t-il, une priorit\u00e9. Dans un entretien r\u00e9cent \u00e0 l'hebdomadaire\u00a0<em>\"The Economist\"<\/em>, Emmanuel Macron a notamment indiqu\u00e9 que la France et l'Europe ne devaient pas perdre la main sur les r\u00e9seaux t\u00e9l\u00e9coms en offrant un boulevard aux technologies chinoises :\u00a0<em>\"Pendant des ann\u00e9es, on a d\u00e9l\u00e9gu\u00e9 aux op\u00e9rateurs de t\u00e9l\u00e9communications des choix souverains, des sujets d'int\u00e9r\u00eat qui ne peuvent \u00eatre g\u00e9r\u00e9s par des entreprises\"<\/em>. Sans le citer, le chef de l'\u00c9tat fait ici r\u00e9f\u00e9rence au g\u00e9ant chinois Huawei, qui a pris, ces derni\u00e8res ann\u00e9es, une place importante dans les r\u00e9seaux mondiaux.<\/p>\n<p>La pr\u00e9pond\u00e9rance de Huawei, soup\u00e7onn\u00e9 d'espionnage, a fait figure d'\u00e9lectrochoc aux \u00c9tats-Unis, qui ont ostracis\u00e9 le groupe chinois. Depuis, celui-ci est en grande difficult\u00e9 pour pr\u00e9server son influence et ses parts de march\u00e9 dans les pays occidentaux. Si Huawei est per\u00e7u comme une menace, les g\u00e9ants am\u00e9ricains du Net, les fameux Gafa, sont, eux, d\u00e9j\u00e0 au c\u0153ur des syst\u00e8mes d'information et de communication. Y compris au c\u0153ur de ceux de l'\u00c9tat. Ainsi, les monopoles r\u00e9galiens sont bouscul\u00e9s, attaqu\u00e9s. Les g\u00e9ants du Net entrent en concurrence avec les \u00c9tats sur l'identification des personnes, sur le privil\u00e8ge de battre monnaie (avec l'essor des crypto-monnaies) ou sur la s\u00e9curit\u00e9 int\u00e9rieure.<\/p>\n<h2>Un v\u00e9ritable pillage financier et industriel<\/h2>\n<p>La prise de conscience se fait aussi jour dans le domaine juridique.\u00a0<a href=\"https:\/\/www.latribune.fr\/economie\/france\/souverainete-juridique-la-soumission-de-la-france-aux-lois-americaines-2-13-836793.html\" target=\"_blank\" rel=\"noopener noreferrer\">Apr\u00e8s une d\u00e9cennie de pillage financier et industriel men\u00e9 par le minist\u00e8re am\u00e9ricain de la Justice (DoJ)<\/a>, la France semble enfin se r\u00e9veiller doucement. En 2014, le rachat de la branche \u00e9nergie d'Alstom, celle qui fabrique des turbines pour les sous-marins nucl\u00e9aires fran\u00e7ais, par l'am\u00e9ricain General Electric a suscit\u00e9 une forte controverse, et une lev\u00e9e de boucliers contre les lois extraterritoriales am\u00e9ricaines.<\/p>\n<p>En juin 2019,\u00a0<a href=\"https:\/\/www.latribune.fr\/economie\/france\/washington-a-organise-un-pillage-de-donnees-des-entreprises-francaises-raphael-gauvain-3-13-836804.html\" target=\"_blank\" rel=\"noopener noreferrer\">le d\u00e9put\u00e9 LREM Rapha\u00ebl Gauvain a rendu un rapport \u00e0 charge contre l'activisme juridique am\u00e9ricain<\/a>.\u00a0<em>\"Il y a une instrumentalisation de ces proc\u00e9dures extrajudiciaires par les pouvoirs publics am\u00e9ricains,\u00a0d\u00e9nonce-t-il. Sur les 24 plus grosses condamnations du DoJ dans des affaires de corruption, 14 concernent des entreprises europ\u00e9ennes. En revanche, les entreprises am\u00e9ricaines sont la plupart du temps \u00e9pargn\u00e9es\"<\/em>. Le rapport Gauvain aura-t-il une suite l\u00e9gislative ? Ou prendra-t-il la poussi\u00e8re sur le bureau de Matignon ?<\/p>\n<h2>De lourds investissements pour rester \u00e0 la table des grands<\/h2>\n<p>En mati\u00e8re de d\u00e9fense, la question de la souverainet\u00e9 se pose aussi. Depuis la crise du canal de Suez en 1956, la France s'est d\u00e9couverte comme une puissance de second rang. Elle n'a plus l'envergure de lancer des op\u00e9rations sans le feu vert d'une tr\u00e8s grande puissance. En d\u00e9pit de ses capacit\u00e9s op\u00e9rationnelles reconnues, y compris par les \u00c9tats-Unis, elle reste d\u00e9pendante de la\u00a0technologie et de la force de frappe am\u00e9ricaines. C'est vrai au Mali, comme ce fut le cas en Libye.<\/p>\n<p>C'est pour cela qu'elle doit investir puissamment dans les nouvelles technologies, non pour faire cavalier seul, mais pour rester un alli\u00e9 de choix. Des technologies qui sont port\u00e9es aussi bien par des fleurons nationaux (Thales, Dassault, Safran, Naval Group, Nexter) que par des startups (Kalray, Cailabs, CerbAir, Diodon, Internest, Linkurious) strat\u00e9giques pour la base industrielle et technologique de d\u00e9fense (BITD) fran\u00e7aise. C'est pour cela \u00e9galement que depuis un an, Bercy cherche \u00e0 prot\u00e9ger ces p\u00e9pites contre l'app\u00e9tit des puissances \u00e9trang\u00e8res, qui\u00a0 souhaitent profiter de leur savoir-faire reconnu. C'est ce que\u00a0nous indique Thomas Courbe, le patron de la Direction g\u00e9n\u00e9rale des entreprises (DGE) :\u00a0<em>\"Concernant les entreprises\u00a0de la BITD, nous travaillons en \u00e9troite collaboration avec le minist\u00e8re des Arm\u00e9es et la Direction g\u00e9n\u00e9rale de l'armement\"<\/em>.<\/p>\n<h2>Un ouragan num\u00e9rique<\/h2>\n<p>Aujourd'hui, l'ancien monde est balay\u00e9 par la r\u00e9volution num\u00e9rique. Mais, dans ce domaine,\u00a0la France comme l'Europe se sont fait vassaliser par les \u00c9tats-Unis et leurs Gafa. Les g\u00e9ants du Net ont mis la main sur le gros des pr\u00e9cieuses donn\u00e9es des citoyens, des entreprises et des \u00c9tats du Vieux Continent. Tout l'enjeu d\u00e9sormais est de trouver le moyen de s'\u00e9manciper. Mais l'Europe des 28 est une mosa\u00efque d'int\u00e9r\u00eats nationaux particuliers, donc diff\u00e9rents. Pourtant, comme le rappelle Pierre Bellanger, le PDG de Skyrock, devenu une r\u00e9f\u00e9rence\u00a0en mati\u00e8re de souverainet\u00e9 num\u00e9rique, celle-ci\u00a0<em>\"est aussi importante que la souverainet\u00e9\u00a0nucl\u00e9aire. Sans cette ma\u00eetrise, nous serions devenus une nation sous tutelle\"<\/em>.<\/p>\n<p>La France a-t-elle les moyens de s'arroger une souverainet\u00e9 dans l'espace num\u00e9rique ? Thierry Breton, ex-PDG d'Atos et nouveau commissaire europ\u00e9en en charge de ces dossiers, y croit.\u00a0<em>\"La France, comme beaucoup d'autres pays, dispose des moyens de s'approprier cet espace. Une telle d\u00e9marche rel\u00e8ve de sa responsabilit\u00e9. C'est un \u00e9l\u00e9ment de la souverainet\u00e9\"<\/em>,\u00a0a-t-il estim\u00e9 lors d'une audition au S\u00e9nat \u00e0 ce sujet. \u00c0 Emmanuel Macron de relever le d\u00e9fi.<\/p>\n<p><a href=\"https:\/\/www.latribune.fr\/economie\/france\/souverainete-la-france-en-etat-d-urgence-absolue-1-13-836790.html\"><strong>Source : La Tribune<\/strong><\/a><\/p>\n","protected":false},"excerpt":{"rendered":"<p>Face aux app\u00e9tits am\u00e9ricains et aux ambitions chinoises et russes, Paris a-t-il les moyens de prot\u00e9ger son autonomie de d\u00e9cision, et de la retrouver dans des domaines cl\u00e9s comme le num\u00e9rique ? Il y va de sa responsabilit\u00e9. La France est en guerre. Une guerre qui ne fait pas de morts mais qui laisse \u00e0 [&hellip;]<\/p>\n","protected":false},"author":2,"featured_media":2997,"comment_status":"open","ping_status":"open","sticky":false,"template":"","format":"standard","meta":{"footnotes":""},"categories":[7],"tags":[76,52,17,11,63,148],"class_list":["post-2996","post","type-post","status-publish","format-standard","has-post-thumbnail","hentry","category-articles-itw","tag-cerbair","tag-diodon","tag-generate","tag-gicat","tag-internest","tag-linkurious","post-wrapper"],"yoast_head":"<!-- This site is optimized with the Yoast SEO plugin v27.5 - https:\/\/yoast.com\/product\/yoast-seo-wordpress\/ -->\n<title>Souverainet\u00e9 : la France en \u00e9tat d\u2019urgence absolue - GENERATE<\/title>\n<meta name=\"robots\" content=\"index, follow, max-snippet:-1, max-image-preview:large, max-video-preview:-1\" \/>\n<link rel=\"canonical\" href=\"https:\/\/generate.fr\/souverainete-la-france-en-etat-durgence-absolue\/\" \/>\n<meta property=\"og:locale\" content=\"en_US\" \/>\n<meta property=\"og:type\" content=\"article\" \/>\n<meta property=\"og:title\" content=\"Souverainet\u00e9 : la France en \u00e9tat d\u2019urgence absolue - GENERATE\" \/>\n<meta property=\"og:description\" content=\"Face aux app\u00e9tits am\u00e9ricains et aux ambitions chinoises et russes, Paris a-t-il les moyens de prot\u00e9ger son autonomie de d\u00e9cision, et de la retrouver dans des domaines cl\u00e9s comme le num\u00e9rique ? Il y va de sa responsabilit\u00e9. La France est en guerre. Une guerre qui ne fait pas de morts mais qui laisse \u00e0\" \/>\n<meta property=\"og:url\" content=\"https:\/\/generate.fr\/souverainete-la-france-en-etat-durgence-absolue\/\" \/>\n<meta property=\"og:site_name\" content=\"GENERATE\" \/>\n<meta property=\"article:published_time\" content=\"2020-01-14T14:26:36+00:00\" \/>\n<meta property=\"article:modified_time\" content=\"2020-01-14T14:36:54+00:00\" \/>\n<meta property=\"og:image\" content=\"https:\/\/generate.fr\/wp-content\/uploads\/2020\/01\/macron-conditionne-le-maintien-de-barkhane-a-une-clarification-des-pays-du-sahel.jpg\" \/>\n\t<meta property=\"og:image:width\" content=\"612\" \/>\n\t<meta property=\"og:image:height\" content=\"306\" \/>\n\t<meta property=\"og:image:type\" content=\"image\/jpeg\" \/>\n<meta name=\"author\" content=\"Thomas Kolbe\" \/>\n<meta name=\"twitter:card\" content=\"summary_large_image\" \/>\n<meta name=\"twitter:label1\" content=\"Written by\" \/>\n\t<meta name=\"twitter:data1\" content=\"Thomas Kolbe\" \/>\n\t<meta name=\"twitter:label2\" content=\"Est. reading time\" \/>\n\t<meta name=\"twitter:data2\" content=\"6 minutes\" \/>\n<script type=\"application\/ld+json\" class=\"yoast-schema-graph\">{\"@context\":\"https:\\\/\\\/schema.org\",\"@graph\":[{\"@type\":\"Article\",\"@id\":\"https:\\\/\\\/generate.fr\\\/souverainete-la-france-en-etat-durgence-absolue\\\/#article\",\"isPartOf\":{\"@id\":\"https:\\\/\\\/generate.fr\\\/souverainete-la-france-en-etat-durgence-absolue\\\/\"},\"author\":{\"name\":\"Thomas Kolbe\",\"@id\":\"https:\\\/\\\/generate.fr\\\/#\\\/schema\\\/person\\\/2895efb6d641efb3170ace8678ace18c\"},\"headline\":\"Souverainet\u00e9 : la France en \u00e9tat d\u2019urgence absolue\",\"datePublished\":\"2020-01-14T14:26:36+00:00\",\"dateModified\":\"2020-01-14T14:36:54+00:00\",\"mainEntityOfPage\":{\"@id\":\"https:\\\/\\\/generate.fr\\\/souverainete-la-france-en-etat-durgence-absolue\\\/\"},\"wordCount\":1198,\"commentCount\":0,\"publisher\":{\"@id\":\"https:\\\/\\\/generate.fr\\\/#organization\"},\"image\":{\"@id\":\"https:\\\/\\\/generate.fr\\\/souverainete-la-france-en-etat-durgence-absolue\\\/#primaryimage\"},\"thumbnailUrl\":\"https:\\\/\\\/generate.fr\\\/wp-content\\\/uploads\\\/2020\\\/01\\\/macron-conditionne-le-maintien-de-barkhane-a-une-clarification-des-pays-du-sahel.jpg\",\"keywords\":[\"Cerbair\",\"Diodon\",\"GENERATE\",\"GICAT\",\"Internest\",\"Linkurious\"],\"articleSection\":[\"Articles &amp; ITW\"],\"inLanguage\":\"en-US\",\"potentialAction\":[{\"@type\":\"CommentAction\",\"name\":\"Comment\",\"target\":[\"https:\\\/\\\/generate.fr\\\/souverainete-la-france-en-etat-durgence-absolue\\\/#respond\"]}]},{\"@type\":\"WebPage\",\"@id\":\"https:\\\/\\\/generate.fr\\\/souverainete-la-france-en-etat-durgence-absolue\\\/\",\"url\":\"https:\\\/\\\/generate.fr\\\/souverainete-la-france-en-etat-durgence-absolue\\\/\",\"name\":\"Souverainet\u00e9 : la France en \u00e9tat d\u2019urgence absolue - GENERATE\",\"isPartOf\":{\"@id\":\"https:\\\/\\\/generate.fr\\\/#website\"},\"primaryImageOfPage\":{\"@id\":\"https:\\\/\\\/generate.fr\\\/souverainete-la-france-en-etat-durgence-absolue\\\/#primaryimage\"},\"image\":{\"@id\":\"https:\\\/\\\/generate.fr\\\/souverainete-la-france-en-etat-durgence-absolue\\\/#primaryimage\"},\"thumbnailUrl\":\"https:\\\/\\\/generate.fr\\\/wp-content\\\/uploads\\\/2020\\\/01\\\/macron-conditionne-le-maintien-de-barkhane-a-une-clarification-des-pays-du-sahel.jpg\",\"datePublished\":\"2020-01-14T14:26:36+00:00\",\"dateModified\":\"2020-01-14T14:36:54+00:00\",\"breadcrumb\":{\"@id\":\"https:\\\/\\\/generate.fr\\\/souverainete-la-france-en-etat-durgence-absolue\\\/#breadcrumb\"},\"inLanguage\":\"en-US\",\"potentialAction\":[{\"@type\":\"ReadAction\",\"target\":[\"https:\\\/\\\/generate.fr\\\/souverainete-la-france-en-etat-durgence-absolue\\\/\"]}]},{\"@type\":\"ImageObject\",\"inLanguage\":\"en-US\",\"@id\":\"https:\\\/\\\/generate.fr\\\/souverainete-la-france-en-etat-durgence-absolue\\\/#primaryimage\",\"url\":\"https:\\\/\\\/generate.fr\\\/wp-content\\\/uploads\\\/2020\\\/01\\\/macron-conditionne-le-maintien-de-barkhane-a-une-clarification-des-pays-du-sahel.jpg\",\"contentUrl\":\"https:\\\/\\\/generate.fr\\\/wp-content\\\/uploads\\\/2020\\\/01\\\/macron-conditionne-le-maintien-de-barkhane-a-une-clarification-des-pays-du-sahel.jpg\",\"width\":612,\"height\":306},{\"@type\":\"BreadcrumbList\",\"@id\":\"https:\\\/\\\/generate.fr\\\/souverainete-la-france-en-etat-durgence-absolue\\\/#breadcrumb\",\"itemListElement\":[{\"@type\":\"ListItem\",\"position\":1,\"name\":\"Accueil\",\"item\":\"https:\\\/\\\/generate.fr\\\/\"},{\"@type\":\"ListItem\",\"position\":2,\"name\":\"Souverainet\u00e9 : la France en \u00e9tat d\u2019urgence absolue\"}]},{\"@type\":\"WebSite\",\"@id\":\"https:\\\/\\\/generate.fr\\\/#website\",\"url\":\"https:\\\/\\\/generate.fr\\\/\",\"name\":\"GENERATE\",\"description\":\"Acc\u00e9l\u00e9rateur d&#039;innovation pour la D\u00e9fense et la S\u00e9curit\u00e9\",\"publisher\":{\"@id\":\"https:\\\/\\\/generate.fr\\\/#organization\"},\"potentialAction\":[{\"@type\":\"SearchAction\",\"target\":{\"@type\":\"EntryPoint\",\"urlTemplate\":\"https:\\\/\\\/generate.fr\\\/?s={search_term_string}\"},\"query-input\":{\"@type\":\"PropertyValueSpecification\",\"valueRequired\":true,\"valueName\":\"search_term_string\"}}],\"inLanguage\":\"en-US\"},{\"@type\":\"Organization\",\"@id\":\"https:\\\/\\\/generate.fr\\\/#organization\",\"name\":\"Generate\",\"url\":\"https:\\\/\\\/generate.fr\\\/\",\"logo\":{\"@type\":\"ImageObject\",\"inLanguage\":\"en-US\",\"@id\":\"https:\\\/\\\/generate.fr\\\/#\\\/schema\\\/logo\\\/image\\\/\",\"url\":\"https:\\\/\\\/generate.fr\\\/wp-content\\\/uploads\\\/2019\\\/05\\\/Generate.png\",\"contentUrl\":\"https:\\\/\\\/generate.fr\\\/wp-content\\\/uploads\\\/2019\\\/05\\\/Generate.png\",\"width\":1000,\"height\":316,\"caption\":\"Generate\"},\"image\":{\"@id\":\"https:\\\/\\\/generate.fr\\\/#\\\/schema\\\/logo\\\/image\\\/\"},\"sameAs\":[\"https:\\\/\\\/www.youtube.com\\\/channel\\\/UCsoYfr1MZdZT2bqI7CNN1Rw\"]},{\"@type\":\"Person\",\"@id\":\"https:\\\/\\\/generate.fr\\\/#\\\/schema\\\/person\\\/2895efb6d641efb3170ace8678ace18c\",\"name\":\"Thomas Kolbe\",\"image\":{\"@type\":\"ImageObject\",\"inLanguage\":\"en-US\",\"@id\":\"https:\\\/\\\/secure.gravatar.com\\\/avatar\\\/528dc96708c82c0f0c26eba076b7ff225f08450c6a1be4d0b029763b2d76ef7a?s=96&d=mm&r=g\",\"url\":\"https:\\\/\\\/secure.gravatar.com\\\/avatar\\\/528dc96708c82c0f0c26eba076b7ff225f08450c6a1be4d0b029763b2d76ef7a?s=96&d=mm&r=g\",\"contentUrl\":\"https:\\\/\\\/secure.gravatar.com\\\/avatar\\\/528dc96708c82c0f0c26eba076b7ff225f08450c6a1be4d0b029763b2d76ef7a?s=96&d=mm&r=g\",\"caption\":\"Thomas Kolbe\"},\"url\":\"https:\\\/\\\/generate.fr\\\/en\\\/author\\\/editeur\\\/\"}]}<\/script>\n<!-- \/ Yoast SEO plugin. -->","yoast_head_json":{"title":"Souverainet\u00e9 : la France en \u00e9tat d\u2019urgence absolue - GENERATE","robots":{"index":"index","follow":"follow","max-snippet":"max-snippet:-1","max-image-preview":"max-image-preview:large","max-video-preview":"max-video-preview:-1"},"canonical":"https:\/\/generate.fr\/souverainete-la-france-en-etat-durgence-absolue\/","og_locale":"en_US","og_type":"article","og_title":"Souverainet\u00e9 : la France en \u00e9tat d\u2019urgence absolue - GENERATE","og_description":"Face aux app\u00e9tits am\u00e9ricains et aux ambitions chinoises et russes, Paris a-t-il les moyens de prot\u00e9ger son autonomie de d\u00e9cision, et de la retrouver dans des domaines cl\u00e9s comme le num\u00e9rique ? Il y va de sa responsabilit\u00e9. La France est en guerre. Une guerre qui ne fait pas de morts mais qui laisse \u00e0","og_url":"https:\/\/generate.fr\/souverainete-la-france-en-etat-durgence-absolue\/","og_site_name":"GENERATE","article_published_time":"2020-01-14T14:26:36+00:00","article_modified_time":"2020-01-14T14:36:54+00:00","og_image":[{"width":612,"height":306,"url":"https:\/\/generate.fr\/wp-content\/uploads\/2020\/01\/macron-conditionne-le-maintien-de-barkhane-a-une-clarification-des-pays-du-sahel.jpg","type":"image\/jpeg"}],"author":"Thomas Kolbe","twitter_card":"summary_large_image","twitter_misc":{"Written by":"Thomas Kolbe","Est. reading time":"6 minutes"},"schema":{"@context":"https:\/\/schema.org","@graph":[{"@type":"Article","@id":"https:\/\/generate.fr\/souverainete-la-france-en-etat-durgence-absolue\/#article","isPartOf":{"@id":"https:\/\/generate.fr\/souverainete-la-france-en-etat-durgence-absolue\/"},"author":{"name":"Thomas Kolbe","@id":"https:\/\/generate.fr\/#\/schema\/person\/2895efb6d641efb3170ace8678ace18c"},"headline":"Souverainet\u00e9 : la France en \u00e9tat d\u2019urgence absolue","datePublished":"2020-01-14T14:26:36+00:00","dateModified":"2020-01-14T14:36:54+00:00","mainEntityOfPage":{"@id":"https:\/\/generate.fr\/souverainete-la-france-en-etat-durgence-absolue\/"},"wordCount":1198,"commentCount":0,"publisher":{"@id":"https:\/\/generate.fr\/#organization"},"image":{"@id":"https:\/\/generate.fr\/souverainete-la-france-en-etat-durgence-absolue\/#primaryimage"},"thumbnailUrl":"https:\/\/generate.fr\/wp-content\/uploads\/2020\/01\/macron-conditionne-le-maintien-de-barkhane-a-une-clarification-des-pays-du-sahel.jpg","keywords":["Cerbair","Diodon","GENERATE","GICAT","Internest","Linkurious"],"articleSection":["Articles &amp; ITW"],"inLanguage":"en-US","potentialAction":[{"@type":"CommentAction","name":"Comment","target":["https:\/\/generate.fr\/souverainete-la-france-en-etat-durgence-absolue\/#respond"]}]},{"@type":"WebPage","@id":"https:\/\/generate.fr\/souverainete-la-france-en-etat-durgence-absolue\/","url":"https:\/\/generate.fr\/souverainete-la-france-en-etat-durgence-absolue\/","name":"Souverainet\u00e9 : la France en \u00e9tat d\u2019urgence absolue - GENERATE","isPartOf":{"@id":"https:\/\/generate.fr\/#website"},"primaryImageOfPage":{"@id":"https:\/\/generate.fr\/souverainete-la-france-en-etat-durgence-absolue\/#primaryimage"},"image":{"@id":"https:\/\/generate.fr\/souverainete-la-france-en-etat-durgence-absolue\/#primaryimage"},"thumbnailUrl":"https:\/\/generate.fr\/wp-content\/uploads\/2020\/01\/macron-conditionne-le-maintien-de-barkhane-a-une-clarification-des-pays-du-sahel.jpg","datePublished":"2020-01-14T14:26:36+00:00","dateModified":"2020-01-14T14:36:54+00:00","breadcrumb":{"@id":"https:\/\/generate.fr\/souverainete-la-france-en-etat-durgence-absolue\/#breadcrumb"},"inLanguage":"en-US","potentialAction":[{"@type":"ReadAction","target":["https:\/\/generate.fr\/souverainete-la-france-en-etat-durgence-absolue\/"]}]},{"@type":"ImageObject","inLanguage":"en-US","@id":"https:\/\/generate.fr\/souverainete-la-france-en-etat-durgence-absolue\/#primaryimage","url":"https:\/\/generate.fr\/wp-content\/uploads\/2020\/01\/macron-conditionne-le-maintien-de-barkhane-a-une-clarification-des-pays-du-sahel.jpg","contentUrl":"https:\/\/generate.fr\/wp-content\/uploads\/2020\/01\/macron-conditionne-le-maintien-de-barkhane-a-une-clarification-des-pays-du-sahel.jpg","width":612,"height":306},{"@type":"BreadcrumbList","@id":"https:\/\/generate.fr\/souverainete-la-france-en-etat-durgence-absolue\/#breadcrumb","itemListElement":[{"@type":"ListItem","position":1,"name":"Accueil","item":"https:\/\/generate.fr\/"},{"@type":"ListItem","position":2,"name":"Souverainet\u00e9 : la France en \u00e9tat d\u2019urgence absolue"}]},{"@type":"WebSite","@id":"https:\/\/generate.fr\/#website","url":"https:\/\/generate.fr\/","name":"GENERATE","description":"Acc\u00e9l\u00e9rateur d&#039;innovation pour la D\u00e9fense et la S\u00e9curit\u00e9","publisher":{"@id":"https:\/\/generate.fr\/#organization"},"potentialAction":[{"@type":"SearchAction","target":{"@type":"EntryPoint","urlTemplate":"https:\/\/generate.fr\/?s={search_term_string}"},"query-input":{"@type":"PropertyValueSpecification","valueRequired":true,"valueName":"search_term_string"}}],"inLanguage":"en-US"},{"@type":"Organization","@id":"https:\/\/generate.fr\/#organization","name":"Generate","url":"https:\/\/generate.fr\/","logo":{"@type":"ImageObject","inLanguage":"en-US","@id":"https:\/\/generate.fr\/#\/schema\/logo\/image\/","url":"https:\/\/generate.fr\/wp-content\/uploads\/2019\/05\/Generate.png","contentUrl":"https:\/\/generate.fr\/wp-content\/uploads\/2019\/05\/Generate.png","width":1000,"height":316,"caption":"Generate"},"image":{"@id":"https:\/\/generate.fr\/#\/schema\/logo\/image\/"},"sameAs":["https:\/\/www.youtube.com\/channel\/UCsoYfr1MZdZT2bqI7CNN1Rw"]},{"@type":"Person","@id":"https:\/\/generate.fr\/#\/schema\/person\/2895efb6d641efb3170ace8678ace18c","name":"Thomas Kolbe","image":{"@type":"ImageObject","inLanguage":"en-US","@id":"https:\/\/secure.gravatar.com\/avatar\/528dc96708c82c0f0c26eba076b7ff225f08450c6a1be4d0b029763b2d76ef7a?s=96&d=mm&r=g","url":"https:\/\/secure.gravatar.com\/avatar\/528dc96708c82c0f0c26eba076b7ff225f08450c6a1be4d0b029763b2d76ef7a?s=96&d=mm&r=g","contentUrl":"https:\/\/secure.gravatar.com\/avatar\/528dc96708c82c0f0c26eba076b7ff225f08450c6a1be4d0b029763b2d76ef7a?s=96&d=mm&r=g","caption":"Thomas Kolbe"},"url":"https:\/\/generate.fr\/en\/author\/editeur\/"}]}},"_links":{"self":[{"href":"https:\/\/generate.fr\/en\/wp-json\/wp\/v2\/posts\/2996","targetHints":{"allow":["GET"]}}],"collection":[{"href":"https:\/\/generate.fr\/en\/wp-json\/wp\/v2\/posts"}],"about":[{"href":"https:\/\/generate.fr\/en\/wp-json\/wp\/v2\/types\/post"}],"author":[{"embeddable":true,"href":"https:\/\/generate.fr\/en\/wp-json\/wp\/v2\/users\/2"}],"replies":[{"embeddable":true,"href":"https:\/\/generate.fr\/en\/wp-json\/wp\/v2\/comments?post=2996"}],"version-history":[{"count":1,"href":"https:\/\/generate.fr\/en\/wp-json\/wp\/v2\/posts\/2996\/revisions"}],"predecessor-version":[{"id":2999,"href":"https:\/\/generate.fr\/en\/wp-json\/wp\/v2\/posts\/2996\/revisions\/2999"}],"wp:featuredmedia":[{"embeddable":true,"href":"https:\/\/generate.fr\/en\/wp-json\/wp\/v2\/media\/2997"}],"wp:attachment":[{"href":"https:\/\/generate.fr\/en\/wp-json\/wp\/v2\/media?parent=2996"}],"wp:term":[{"taxonomy":"category","embeddable":true,"href":"https:\/\/generate.fr\/en\/wp-json\/wp\/v2\/categories?post=2996"},{"taxonomy":"post_tag","embeddable":true,"href":"https:\/\/generate.fr\/en\/wp-json\/wp\/v2\/tags?post=2996"}],"curies":[{"name":"wp","href":"https:\/\/api.w.org\/{rel}","templated":true}]}}