{"id":3053,"date":"2020-02-07T08:05:14","date_gmt":"2020-02-07T08:05:14","guid":{"rendered":"https:\/\/generate.fr\/?p=3053"},"modified":"2020-02-07T08:05:14","modified_gmt":"2020-02-07T08:05:14","slug":"cerbair-leve-55-millions-deuros-pour-securiser-les-sites-sensibles-face-aux-drones-malveillants","status":"publish","type":"post","link":"https:\/\/generate.fr\/en\/cerbair-leve-55-millions-deuros-pour-securiser-les-sites-sensibles-face-aux-drones-malveillants\/","title":{"rendered":"CerbAir l\u00e8ve 5,5 millions d\u2019euros pour s\u00e9curiser les sites sensibles face aux drones malveillants"},"content":{"rendered":"<p><a href=\"https:\/\/www.frenchweb.fr\/cerbair\" target=\"_blank\" rel=\"noopener noreferrer\">CerbAir<\/a>, sp\u00e9cialis\u00e9 dans la protection de sites sensibles contre les drones, l\u00e8ve 5,5 millions d\u2019euros aupr\u00e8s notamment de\u00a0Boundary Holding, Aub\u00e9 Management, Smart Move Holding (Cyril Balas) ainsi que de MDBA, co-actionnaire historique de\u00a0<a href=\"https:\/\/www.frenchweb.fr\/cerbair\" target=\"_blank\" rel=\"noopener noreferrer\">CerbAir<\/a>\u00a0et de\u00a0<a href=\"https:\/\/www.frenchweb.fr\/TF%20Participations\" target=\"_blank\" rel=\"noopener noreferrer\">TF Participations<\/a>. La startup fran\u00e7aise avait d\u00e9j\u00e0 lev\u00e9 1,5 million d\u2019euros en d\u00e9cembre 2017.<\/p>\n<p>Lanc\u00e9 en 2015 par\u00a0<a href=\"https:\/\/www.frenchweb.fr\/Olivier%20Le%20Blainvaux\" target=\"_blank\" rel=\"noopener noreferrer\">Olivier Le Blainvaux<\/a>\u00a0et\u00a0<a href=\"https:\/\/www.frenchweb.fr\/lucas-le-bell\" target=\"_blank\" rel=\"noopener noreferrer\">Lucas Le Bell<\/a>,\u00a0<a href=\"https:\/\/www.frenchweb.fr\/cerbair\" target=\"_blank\" rel=\"noopener noreferrer\">CerbAir<\/a>\u00a0d\u00e9veloppe une solution permettant de prot\u00e9ger les sites sensibles des drones intrus en les d\u00e9tectant avant qu\u2019ils ne causent des dommages et en localisant son pilote. Pour d\u00e9tecter ces drones, la startup a mis au point un bo\u00eetier \u00e0 installer sur la zone \u00e0 prot\u00e9ger. Il est pourvu d\u2019une solution rep\u00e9rant les communications radiofr\u00e9quences \u00e9chang\u00e9es entre un drone et sa radio-commande. Des algorithmes permettent ensuite d\u2019identifier le mod\u00e8le et la localisation du drone ainsi que celle du pilote.<\/p>\n<p>Si le drone est per\u00e7u comme une menace,\u00a0CerbAir propose de\u00a0mettre en place des contre-mesures de brouillage pour neutraliser le drone en l\u2019immobilisant ou en le for\u00e7ant \u00e0 atterrir. La startup rappelle cependant sur son site que selon la loi \u00ab<em>\u00a0en France, l\u2019achat et l\u2019utilisation de technologies de brouillage s\u2019adressent uniquement aux besoins de l\u2019ordre public, de la d\u00e9fense et de la s\u00e9curit\u00e9 nationale, ou du service public de la justice<\/em>\u00bb.<\/p>\n<h2>Des solutions mobiles<\/h2>\n<p>La startup compte parmi ses clients le minist\u00e8re des Arm\u00e9es fran\u00e7ais, les Forces A\u00e9riennes Colombiennes ainsi que des prisons, a\u00e9roports, sites industriels, soci\u00e9t\u00e9s de s\u00e9curit\u00e9s ou encore r\u00e9sidences de particuliers VIP.\u00a0CerbAir propose \u00e9galement une solution mobile qui prot\u00e8ge les sites de mani\u00e8re ponctuelle, une version portable int\u00e9gr\u00e9e dans un sac \u00e0 dos, ainsi qu\u2019une solution permanente dite \u00ab\u00a0embarqu\u00e9e\u00a0\u00bb, destin\u00e9e \u00e0 prot\u00e9ger les convois en mouvement.<\/p>\n<p>Sur ce secteur, d\u2019autres startups se sont empar\u00e9es du probl\u00e8me pour mettre au point diverses solutions, comme des fusils anti-drone d\u00e9velopp\u00e9s notamment par la soci\u00e9t\u00e9 MC2-Technologies, ou encore des drones \u00e9quip\u00e9s de filets capables de capturer d\u2019autres drones en mouvement, \u00e0 l\u2019instar du drone Retia de Skydrone.<\/p>\n<p>Cette lev\u00e9e de fonds doit permettre \u00e0 CerbAir d\u2019acc\u00e9l\u00e9rer son d\u00e9veloppement commercial et de d\u00e9velopper sa solution d\u2019un point de vue technologique.<\/p>\n<h3><em><strong>CerbAir : les donn\u00e9es cl\u00e9s<\/strong><\/em><\/h3>\n<p><strong>Fondateurs :\u00a0<\/strong><a href=\"https:\/\/www.frenchweb.fr\/Olivier%20Le%20Blainvaux\" target=\"_blank\" rel=\"noopener noreferrer\">Olivier Le Blainvaux<\/a>\u00a0et\u00a0<a href=\"https:\/\/www.frenchweb.fr\/lucas-le-bell\" target=\"_blank\" rel=\"noopener noreferrer\">Lucas Le Bell<\/a><br \/>\n<strong>Cr\u00e9ation :<\/strong>\u00a02016<br \/>\n<strong>Si\u00e8ge social :<\/strong>\u00a0Boulogne-Billancourt<br \/>\n<strong>Secteur :\u00a0<\/strong>s\u00e9curit\u00e9, drone<br \/>\n<strong>Activit\u00e9 :\u00a0<\/strong>solution anti-drone<\/p>\n<div class=\"toggle-content\">\n<hr \/>\n<\/div>\n<p><strong>Financement :<\/strong>\u00a05,5 millions d\u2019euros aupr\u00e8s notamment de\u00a0Boundary Holding, Aub\u00e9 Management, Smart Move Holding (Cyril Balas), ainsi que de MDBA, co-actionnaire historique de CerbAir et de\u00a0<a href=\"https:\/\/www.frenchweb.fr\/TF%20Participations\" target=\"_blank\" rel=\"noopener noreferrer\">TF Participations<\/a>.<\/p>\n<p><a href=\"https:\/\/www.frenchweb.fr\/cerbair-leve-55-millions-deuros-pour-securiser-les-sites-sensibles-face-aux-drones-malveillants\/391944\"><strong>Source : FrenchWeb<\/strong><\/a><\/p>\n","protected":false},"excerpt":{"rendered":"<p>CerbAir, sp\u00e9cialis\u00e9 dans la protection de sites sensibles contre les drones, l\u00e8ve 5,5 millions d\u2019euros aupr\u00e8s notamment de\u00a0Boundary Holding, Aub\u00e9 Management, Smart Move Holding (Cyril Balas) ainsi que de MDBA, co-actionnaire historique de\u00a0CerbAir\u00a0et de\u00a0TF Participations. La startup fran\u00e7aise avait d\u00e9j\u00e0 lev\u00e9 1,5 million d\u2019euros en d\u00e9cembre 2017. Lanc\u00e9 en 2015 par\u00a0Olivier Le Blainvaux\u00a0et\u00a0Lucas Le Bell,\u00a0CerbAir\u00a0d\u00e9veloppe [&hellip;]<\/p>\n","protected":false},"author":2,"featured_media":3054,"comment_status":"open","ping_status":"open","sticky":false,"template":"","format":"standard","meta":{"footnotes":""},"categories":[7],"tags":[76,155,154],"class_list":["post-3053","post","type-post","status-publish","format-standard","has-post-thumbnail","hentry","category-articles-itw","tag-cerbair","tag-frenchweb","tag-lucas-le-bell","post-wrapper"],"yoast_head":"<!-- This site is optimized with the Yoast SEO plugin v27.4 - https:\/\/yoast.com\/product\/yoast-seo-wordpress\/ -->\n<title>CerbAir l\u00e8ve 5,5 millions d\u2019euros pour s\u00e9curiser les sites sensibles face aux drones malveillants - GENERATE<\/title>\n<meta name=\"robots\" content=\"index, follow, max-snippet:-1, max-image-preview:large, max-video-preview:-1\" \/>\n<link rel=\"canonical\" href=\"https:\/\/generate.fr\/cerbair-leve-55-millions-deuros-pour-securiser-les-sites-sensibles-face-aux-drones-malveillants\/\" \/>\n<meta property=\"og:locale\" content=\"en_US\" \/>\n<meta property=\"og:type\" content=\"article\" \/>\n<meta property=\"og:title\" content=\"CerbAir l\u00e8ve 5,5 millions d\u2019euros pour s\u00e9curiser les sites sensibles face aux drones malveillants - GENERATE\" \/>\n<meta property=\"og:description\" content=\"CerbAir, sp\u00e9cialis\u00e9 dans la protection de sites sensibles contre les drones, l\u00e8ve 5,5 millions d\u2019euros aupr\u00e8s notamment de\u00a0Boundary Holding, Aub\u00e9 Management, Smart Move Holding (Cyril Balas) ainsi que de MDBA, co-actionnaire historique de\u00a0CerbAir\u00a0et de\u00a0TF Participations. La startup fran\u00e7aise avait d\u00e9j\u00e0 lev\u00e9 1,5 million d\u2019euros en d\u00e9cembre 2017. Lanc\u00e9 en 2015 par\u00a0Olivier Le Blainvaux\u00a0et\u00a0Lucas Le Bell,\u00a0CerbAir\u00a0d\u00e9veloppe\" \/>\n<meta property=\"og:url\" content=\"https:\/\/generate.fr\/cerbair-leve-55-millions-deuros-pour-securiser-les-sites-sensibles-face-aux-drones-malveillants\/\" \/>\n<meta property=\"og:site_name\" content=\"GENERATE\" \/>\n<meta property=\"article:published_time\" content=\"2020-02-07T08:05:14+00:00\" \/>\n<meta property=\"og:image\" content=\"https:\/\/generate.fr\/wp-content\/uploads\/2020\/02\/Capture-d\u2019e\u0301cran-2020-02-07-a\u0300-09.03.54.png\" \/>\n\t<meta property=\"og:image:width\" content=\"1534\" \/>\n\t<meta property=\"og:image:height\" content=\"954\" \/>\n\t<meta property=\"og:image:type\" content=\"image\/png\" \/>\n<meta name=\"author\" content=\"Thomas Kolbe\" \/>\n<meta name=\"twitter:card\" content=\"summary_large_image\" \/>\n<meta name=\"twitter:label1\" content=\"Written by\" \/>\n\t<meta name=\"twitter:data1\" content=\"Thomas Kolbe\" \/>\n\t<meta name=\"twitter:label2\" content=\"Est. reading time\" \/>\n\t<meta name=\"twitter:data2\" content=\"2 minutes\" \/>\n<script type=\"application\/ld+json\" class=\"yoast-schema-graph\">{\"@context\":\"https:\\\/\\\/schema.org\",\"@graph\":[{\"@type\":\"Article\",\"@id\":\"https:\\\/\\\/generate.fr\\\/cerbair-leve-55-millions-deuros-pour-securiser-les-sites-sensibles-face-aux-drones-malveillants\\\/#article\",\"isPartOf\":{\"@id\":\"https:\\\/\\\/generate.fr\\\/cerbair-leve-55-millions-deuros-pour-securiser-les-sites-sensibles-face-aux-drones-malveillants\\\/\"},\"author\":{\"name\":\"Thomas Kolbe\",\"@id\":\"https:\\\/\\\/generate.fr\\\/#\\\/schema\\\/person\\\/2895efb6d641efb3170ace8678ace18c\"},\"headline\":\"CerbAir l\u00e8ve 5,5 millions d\u2019euros pour s\u00e9curiser les sites sensibles face aux drones malveillants\",\"datePublished\":\"2020-02-07T08:05:14+00:00\",\"mainEntityOfPage\":{\"@id\":\"https:\\\/\\\/generate.fr\\\/cerbair-leve-55-millions-deuros-pour-securiser-les-sites-sensibles-face-aux-drones-malveillants\\\/\"},\"wordCount\":479,\"commentCount\":0,\"publisher\":{\"@id\":\"https:\\\/\\\/generate.fr\\\/#organization\"},\"image\":{\"@id\":\"https:\\\/\\\/generate.fr\\\/cerbair-leve-55-millions-deuros-pour-securiser-les-sites-sensibles-face-aux-drones-malveillants\\\/#primaryimage\"},\"thumbnailUrl\":\"https:\\\/\\\/generate.fr\\\/wp-content\\\/uploads\\\/2020\\\/02\\\/Capture-d\u2019e\u0301cran-2020-02-07-a\u0300-09.03.54.png\",\"keywords\":[\"Cerbair\",\"FrenchWeb\",\"Lucas Le Bell\"],\"articleSection\":[\"Articles &amp; ITW\"],\"inLanguage\":\"en-US\",\"potentialAction\":[{\"@type\":\"CommentAction\",\"name\":\"Comment\",\"target\":[\"https:\\\/\\\/generate.fr\\\/cerbair-leve-55-millions-deuros-pour-securiser-les-sites-sensibles-face-aux-drones-malveillants\\\/#respond\"]}]},{\"@type\":\"WebPage\",\"@id\":\"https:\\\/\\\/generate.fr\\\/cerbair-leve-55-millions-deuros-pour-securiser-les-sites-sensibles-face-aux-drones-malveillants\\\/\",\"url\":\"https:\\\/\\\/generate.fr\\\/cerbair-leve-55-millions-deuros-pour-securiser-les-sites-sensibles-face-aux-drones-malveillants\\\/\",\"name\":\"CerbAir l\u00e8ve 5,5 millions d\u2019euros pour s\u00e9curiser les sites sensibles face aux drones malveillants - GENERATE\",\"isPartOf\":{\"@id\":\"https:\\\/\\\/generate.fr\\\/#website\"},\"primaryImageOfPage\":{\"@id\":\"https:\\\/\\\/generate.fr\\\/cerbair-leve-55-millions-deuros-pour-securiser-les-sites-sensibles-face-aux-drones-malveillants\\\/#primaryimage\"},\"image\":{\"@id\":\"https:\\\/\\\/generate.fr\\\/cerbair-leve-55-millions-deuros-pour-securiser-les-sites-sensibles-face-aux-drones-malveillants\\\/#primaryimage\"},\"thumbnailUrl\":\"https:\\\/\\\/generate.fr\\\/wp-content\\\/uploads\\\/2020\\\/02\\\/Capture-d\u2019e\u0301cran-2020-02-07-a\u0300-09.03.54.png\",\"datePublished\":\"2020-02-07T08:05:14+00:00\",\"breadcrumb\":{\"@id\":\"https:\\\/\\\/generate.fr\\\/cerbair-leve-55-millions-deuros-pour-securiser-les-sites-sensibles-face-aux-drones-malveillants\\\/#breadcrumb\"},\"inLanguage\":\"en-US\",\"potentialAction\":[{\"@type\":\"ReadAction\",\"target\":[\"https:\\\/\\\/generate.fr\\\/cerbair-leve-55-millions-deuros-pour-securiser-les-sites-sensibles-face-aux-drones-malveillants\\\/\"]}]},{\"@type\":\"ImageObject\",\"inLanguage\":\"en-US\",\"@id\":\"https:\\\/\\\/generate.fr\\\/cerbair-leve-55-millions-deuros-pour-securiser-les-sites-sensibles-face-aux-drones-malveillants\\\/#primaryimage\",\"url\":\"https:\\\/\\\/generate.fr\\\/wp-content\\\/uploads\\\/2020\\\/02\\\/Capture-d\u2019e\u0301cran-2020-02-07-a\u0300-09.03.54.png\",\"contentUrl\":\"https:\\\/\\\/generate.fr\\\/wp-content\\\/uploads\\\/2020\\\/02\\\/Capture-d\u2019e\u0301cran-2020-02-07-a\u0300-09.03.54.png\",\"width\":1534,\"height\":954},{\"@type\":\"BreadcrumbList\",\"@id\":\"https:\\\/\\\/generate.fr\\\/cerbair-leve-55-millions-deuros-pour-securiser-les-sites-sensibles-face-aux-drones-malveillants\\\/#breadcrumb\",\"itemListElement\":[{\"@type\":\"ListItem\",\"position\":1,\"name\":\"Accueil\",\"item\":\"https:\\\/\\\/generate.fr\\\/\"},{\"@type\":\"ListItem\",\"position\":2,\"name\":\"CerbAir l\u00e8ve 5,5 millions d\u2019euros pour s\u00e9curiser les sites sensibles face aux drones malveillants\"}]},{\"@type\":\"WebSite\",\"@id\":\"https:\\\/\\\/generate.fr\\\/#website\",\"url\":\"https:\\\/\\\/generate.fr\\\/\",\"name\":\"GENERATE\",\"description\":\"Acc\u00e9l\u00e9rateur d&#039;innovation pour la D\u00e9fense et la S\u00e9curit\u00e9\",\"publisher\":{\"@id\":\"https:\\\/\\\/generate.fr\\\/#organization\"},\"potentialAction\":[{\"@type\":\"SearchAction\",\"target\":{\"@type\":\"EntryPoint\",\"urlTemplate\":\"https:\\\/\\\/generate.fr\\\/?s={search_term_string}\"},\"query-input\":{\"@type\":\"PropertyValueSpecification\",\"valueRequired\":true,\"valueName\":\"search_term_string\"}}],\"inLanguage\":\"en-US\"},{\"@type\":\"Organization\",\"@id\":\"https:\\\/\\\/generate.fr\\\/#organization\",\"name\":\"Generate\",\"url\":\"https:\\\/\\\/generate.fr\\\/\",\"logo\":{\"@type\":\"ImageObject\",\"inLanguage\":\"en-US\",\"@id\":\"https:\\\/\\\/generate.fr\\\/#\\\/schema\\\/logo\\\/image\\\/\",\"url\":\"https:\\\/\\\/generate.fr\\\/wp-content\\\/uploads\\\/2019\\\/05\\\/Generate.png\",\"contentUrl\":\"https:\\\/\\\/generate.fr\\\/wp-content\\\/uploads\\\/2019\\\/05\\\/Generate.png\",\"width\":1000,\"height\":316,\"caption\":\"Generate\"},\"image\":{\"@id\":\"https:\\\/\\\/generate.fr\\\/#\\\/schema\\\/logo\\\/image\\\/\"},\"sameAs\":[\"https:\\\/\\\/www.youtube.com\\\/channel\\\/UCsoYfr1MZdZT2bqI7CNN1Rw\"]},{\"@type\":\"Person\",\"@id\":\"https:\\\/\\\/generate.fr\\\/#\\\/schema\\\/person\\\/2895efb6d641efb3170ace8678ace18c\",\"name\":\"Thomas Kolbe\",\"image\":{\"@type\":\"ImageObject\",\"inLanguage\":\"en-US\",\"@id\":\"https:\\\/\\\/secure.gravatar.com\\\/avatar\\\/528dc96708c82c0f0c26eba076b7ff225f08450c6a1be4d0b029763b2d76ef7a?s=96&d=mm&r=g\",\"url\":\"https:\\\/\\\/secure.gravatar.com\\\/avatar\\\/528dc96708c82c0f0c26eba076b7ff225f08450c6a1be4d0b029763b2d76ef7a?s=96&d=mm&r=g\",\"contentUrl\":\"https:\\\/\\\/secure.gravatar.com\\\/avatar\\\/528dc96708c82c0f0c26eba076b7ff225f08450c6a1be4d0b029763b2d76ef7a?s=96&d=mm&r=g\",\"caption\":\"Thomas Kolbe\"},\"url\":\"https:\\\/\\\/generate.fr\\\/en\\\/author\\\/editeur\\\/\"}]}<\/script>\n<!-- \/ Yoast SEO plugin. -->","yoast_head_json":{"title":"CerbAir l\u00e8ve 5,5 millions d\u2019euros pour s\u00e9curiser les sites sensibles face aux drones malveillants - GENERATE","robots":{"index":"index","follow":"follow","max-snippet":"max-snippet:-1","max-image-preview":"max-image-preview:large","max-video-preview":"max-video-preview:-1"},"canonical":"https:\/\/generate.fr\/cerbair-leve-55-millions-deuros-pour-securiser-les-sites-sensibles-face-aux-drones-malveillants\/","og_locale":"en_US","og_type":"article","og_title":"CerbAir l\u00e8ve 5,5 millions d\u2019euros pour s\u00e9curiser les sites sensibles face aux drones malveillants - GENERATE","og_description":"CerbAir, sp\u00e9cialis\u00e9 dans la protection de sites sensibles contre les drones, l\u00e8ve 5,5 millions d\u2019euros aupr\u00e8s notamment de\u00a0Boundary Holding, Aub\u00e9 Management, Smart Move Holding (Cyril Balas) ainsi que de MDBA, co-actionnaire historique de\u00a0CerbAir\u00a0et de\u00a0TF Participations. La startup fran\u00e7aise avait d\u00e9j\u00e0 lev\u00e9 1,5 million d\u2019euros en d\u00e9cembre 2017. Lanc\u00e9 en 2015 par\u00a0Olivier Le Blainvaux\u00a0et\u00a0Lucas Le Bell,\u00a0CerbAir\u00a0d\u00e9veloppe","og_url":"https:\/\/generate.fr\/cerbair-leve-55-millions-deuros-pour-securiser-les-sites-sensibles-face-aux-drones-malveillants\/","og_site_name":"GENERATE","article_published_time":"2020-02-07T08:05:14+00:00","og_image":[{"width":1534,"height":954,"url":"https:\/\/generate.fr\/wp-content\/uploads\/2020\/02\/Capture-d\u2019e\u0301cran-2020-02-07-a\u0300-09.03.54.png","type":"image\/png"}],"author":"Thomas Kolbe","twitter_card":"summary_large_image","twitter_misc":{"Written by":"Thomas Kolbe","Est. reading time":"2 minutes"},"schema":{"@context":"https:\/\/schema.org","@graph":[{"@type":"Article","@id":"https:\/\/generate.fr\/cerbair-leve-55-millions-deuros-pour-securiser-les-sites-sensibles-face-aux-drones-malveillants\/#article","isPartOf":{"@id":"https:\/\/generate.fr\/cerbair-leve-55-millions-deuros-pour-securiser-les-sites-sensibles-face-aux-drones-malveillants\/"},"author":{"name":"Thomas Kolbe","@id":"https:\/\/generate.fr\/#\/schema\/person\/2895efb6d641efb3170ace8678ace18c"},"headline":"CerbAir l\u00e8ve 5,5 millions d\u2019euros pour s\u00e9curiser les sites sensibles face aux drones malveillants","datePublished":"2020-02-07T08:05:14+00:00","mainEntityOfPage":{"@id":"https:\/\/generate.fr\/cerbair-leve-55-millions-deuros-pour-securiser-les-sites-sensibles-face-aux-drones-malveillants\/"},"wordCount":479,"commentCount":0,"publisher":{"@id":"https:\/\/generate.fr\/#organization"},"image":{"@id":"https:\/\/generate.fr\/cerbair-leve-55-millions-deuros-pour-securiser-les-sites-sensibles-face-aux-drones-malveillants\/#primaryimage"},"thumbnailUrl":"https:\/\/generate.fr\/wp-content\/uploads\/2020\/02\/Capture-d\u2019e\u0301cran-2020-02-07-a\u0300-09.03.54.png","keywords":["Cerbair","FrenchWeb","Lucas Le Bell"],"articleSection":["Articles &amp; ITW"],"inLanguage":"en-US","potentialAction":[{"@type":"CommentAction","name":"Comment","target":["https:\/\/generate.fr\/cerbair-leve-55-millions-deuros-pour-securiser-les-sites-sensibles-face-aux-drones-malveillants\/#respond"]}]},{"@type":"WebPage","@id":"https:\/\/generate.fr\/cerbair-leve-55-millions-deuros-pour-securiser-les-sites-sensibles-face-aux-drones-malveillants\/","url":"https:\/\/generate.fr\/cerbair-leve-55-millions-deuros-pour-securiser-les-sites-sensibles-face-aux-drones-malveillants\/","name":"CerbAir l\u00e8ve 5,5 millions d\u2019euros pour s\u00e9curiser les sites sensibles face aux drones malveillants - GENERATE","isPartOf":{"@id":"https:\/\/generate.fr\/#website"},"primaryImageOfPage":{"@id":"https:\/\/generate.fr\/cerbair-leve-55-millions-deuros-pour-securiser-les-sites-sensibles-face-aux-drones-malveillants\/#primaryimage"},"image":{"@id":"https:\/\/generate.fr\/cerbair-leve-55-millions-deuros-pour-securiser-les-sites-sensibles-face-aux-drones-malveillants\/#primaryimage"},"thumbnailUrl":"https:\/\/generate.fr\/wp-content\/uploads\/2020\/02\/Capture-d\u2019e\u0301cran-2020-02-07-a\u0300-09.03.54.png","datePublished":"2020-02-07T08:05:14+00:00","breadcrumb":{"@id":"https:\/\/generate.fr\/cerbair-leve-55-millions-deuros-pour-securiser-les-sites-sensibles-face-aux-drones-malveillants\/#breadcrumb"},"inLanguage":"en-US","potentialAction":[{"@type":"ReadAction","target":["https:\/\/generate.fr\/cerbair-leve-55-millions-deuros-pour-securiser-les-sites-sensibles-face-aux-drones-malveillants\/"]}]},{"@type":"ImageObject","inLanguage":"en-US","@id":"https:\/\/generate.fr\/cerbair-leve-55-millions-deuros-pour-securiser-les-sites-sensibles-face-aux-drones-malveillants\/#primaryimage","url":"https:\/\/generate.fr\/wp-content\/uploads\/2020\/02\/Capture-d\u2019e\u0301cran-2020-02-07-a\u0300-09.03.54.png","contentUrl":"https:\/\/generate.fr\/wp-content\/uploads\/2020\/02\/Capture-d\u2019e\u0301cran-2020-02-07-a\u0300-09.03.54.png","width":1534,"height":954},{"@type":"BreadcrumbList","@id":"https:\/\/generate.fr\/cerbair-leve-55-millions-deuros-pour-securiser-les-sites-sensibles-face-aux-drones-malveillants\/#breadcrumb","itemListElement":[{"@type":"ListItem","position":1,"name":"Accueil","item":"https:\/\/generate.fr\/"},{"@type":"ListItem","position":2,"name":"CerbAir l\u00e8ve 5,5 millions d\u2019euros pour s\u00e9curiser les sites sensibles face aux drones malveillants"}]},{"@type":"WebSite","@id":"https:\/\/generate.fr\/#website","url":"https:\/\/generate.fr\/","name":"GENERATE","description":"Acc\u00e9l\u00e9rateur d&#039;innovation pour la D\u00e9fense et la S\u00e9curit\u00e9","publisher":{"@id":"https:\/\/generate.fr\/#organization"},"potentialAction":[{"@type":"SearchAction","target":{"@type":"EntryPoint","urlTemplate":"https:\/\/generate.fr\/?s={search_term_string}"},"query-input":{"@type":"PropertyValueSpecification","valueRequired":true,"valueName":"search_term_string"}}],"inLanguage":"en-US"},{"@type":"Organization","@id":"https:\/\/generate.fr\/#organization","name":"Generate","url":"https:\/\/generate.fr\/","logo":{"@type":"ImageObject","inLanguage":"en-US","@id":"https:\/\/generate.fr\/#\/schema\/logo\/image\/","url":"https:\/\/generate.fr\/wp-content\/uploads\/2019\/05\/Generate.png","contentUrl":"https:\/\/generate.fr\/wp-content\/uploads\/2019\/05\/Generate.png","width":1000,"height":316,"caption":"Generate"},"image":{"@id":"https:\/\/generate.fr\/#\/schema\/logo\/image\/"},"sameAs":["https:\/\/www.youtube.com\/channel\/UCsoYfr1MZdZT2bqI7CNN1Rw"]},{"@type":"Person","@id":"https:\/\/generate.fr\/#\/schema\/person\/2895efb6d641efb3170ace8678ace18c","name":"Thomas Kolbe","image":{"@type":"ImageObject","inLanguage":"en-US","@id":"https:\/\/secure.gravatar.com\/avatar\/528dc96708c82c0f0c26eba076b7ff225f08450c6a1be4d0b029763b2d76ef7a?s=96&d=mm&r=g","url":"https:\/\/secure.gravatar.com\/avatar\/528dc96708c82c0f0c26eba076b7ff225f08450c6a1be4d0b029763b2d76ef7a?s=96&d=mm&r=g","contentUrl":"https:\/\/secure.gravatar.com\/avatar\/528dc96708c82c0f0c26eba076b7ff225f08450c6a1be4d0b029763b2d76ef7a?s=96&d=mm&r=g","caption":"Thomas Kolbe"},"url":"https:\/\/generate.fr\/en\/author\/editeur\/"}]}},"_links":{"self":[{"href":"https:\/\/generate.fr\/en\/wp-json\/wp\/v2\/posts\/3053","targetHints":{"allow":["GET"]}}],"collection":[{"href":"https:\/\/generate.fr\/en\/wp-json\/wp\/v2\/posts"}],"about":[{"href":"https:\/\/generate.fr\/en\/wp-json\/wp\/v2\/types\/post"}],"author":[{"embeddable":true,"href":"https:\/\/generate.fr\/en\/wp-json\/wp\/v2\/users\/2"}],"replies":[{"embeddable":true,"href":"https:\/\/generate.fr\/en\/wp-json\/wp\/v2\/comments?post=3053"}],"version-history":[{"count":1,"href":"https:\/\/generate.fr\/en\/wp-json\/wp\/v2\/posts\/3053\/revisions"}],"predecessor-version":[{"id":3056,"href":"https:\/\/generate.fr\/en\/wp-json\/wp\/v2\/posts\/3053\/revisions\/3056"}],"wp:featuredmedia":[{"embeddable":true,"href":"https:\/\/generate.fr\/en\/wp-json\/wp\/v2\/media\/3054"}],"wp:attachment":[{"href":"https:\/\/generate.fr\/en\/wp-json\/wp\/v2\/media?parent=3053"}],"wp:term":[{"taxonomy":"category","embeddable":true,"href":"https:\/\/generate.fr\/en\/wp-json\/wp\/v2\/categories?post=3053"},{"taxonomy":"post_tag","embeddable":true,"href":"https:\/\/generate.fr\/en\/wp-json\/wp\/v2\/tags?post=3053"}],"curies":[{"name":"wp","href":"https:\/\/api.w.org\/{rel}","templated":true}]}}