{"id":3113,"date":"2020-03-02T08:29:24","date_gmt":"2020-03-02T08:29:24","guid":{"rendered":"https:\/\/generate.fr\/?p=3113"},"modified":"2020-03-02T08:29:24","modified_gmt":"2020-03-02T08:29:24","slug":"cerbair-a-la-pointe-de-la-lutte-anti-drones","status":"publish","type":"post","link":"https:\/\/generate.fr\/en\/cerbair-a-la-pointe-de-la-lutte-anti-drones\/","title":{"rendered":"CerbAir, \u00e0 la pointe de la lutte anti-drones"},"content":{"rendered":"<div style=\"display: block; position: relative;\">\n<div style=\"padding-top: 56.25%;\"><iframe style=\"width: 100%; height: 100%; position: absolute; top: 0px; bottom: 0px; right: 0px; left: 0px; border: none;\" src=\"https:\/\/www.bfmtv.com\/static\/nxt-video\/embed-playerBridge.html?video=6137526521001&amp;account=876450612001\" allowfullscreen=\"allowfullscreen\"><\/iframe><\/div>\n<\/div>\n<p>Ce lundi 2 mars, dans sa chronique La France qui bouge, Justine Vassogne parle de l'entreprise CerbAir, qui a d\u00e9velopp\u00e9 un syst\u00e8me de lutte anti-drones en brouillant la communication entre l'appareil et son pilote dans l'Essonne. Cette chronique est \u00e0 voir ou \u00e9couter du lundi au jeudi dans Good Morning Business pr\u00e9sent\u00e9e par Christophe Jakubyszyn sur BFM Business.<\/p>\n<p>Dans \"Good morning business\", Christophe Jakubyszyn, Fa\u00efza Garel-Younsi et les journalistes de BFM Business (Nicolas Doze, Hedwige Chevrillon, Jean-Marc Daniel, Anthony Morel...) d\u00e9cryptent et analysent l'actualit\u00e9 \u00e9conomique, financi\u00e8re et internationale. Entrepreneurs, grands patrons, \u00e9conomistes et autres acteurs du monde du business... Ne ratez pas les interviews de la seule matinale \u00e9conomique de France, en t\u00e9l\u00e9 et en radio.<\/p>\n<p><a href=\"https:\/\/bfmbusiness.bfmtv.com\/mediaplayer\/video\/la-france-qui-bouge-cerbair-a-la-pointe-de-la-lutte-anti-drones-par-justine-vassogne-0203-1226765.html\"><strong>Source : BFM Business<\/strong><\/a><\/p>\n","protected":false},"excerpt":{"rendered":"<p>Ce lundi 2 mars, dans sa chronique La France qui bouge, Justine Vassogne parle de l'entreprise CerbAir, qui a d\u00e9velopp\u00e9 un syst\u00e8me de lutte anti-drones en brouillant la communication entre l'appareil et son pilote dans l'Essonne. Cette chronique est \u00e0 voir ou \u00e9couter du lundi au jeudi dans Good Morning Business pr\u00e9sent\u00e9e par Christophe Jakubyszyn [&hellip;]<\/p>\n","protected":false},"author":2,"featured_media":3114,"comment_status":"open","ping_status":"open","sticky":false,"template":"","format":"standard","meta":{"footnotes":""},"categories":[7],"tags":[76,53],"class_list":["post-3113","post","type-post","status-publish","format-standard","has-post-thumbnail","hentry","category-articles-itw","tag-cerbair","tag-drone","post-wrapper"],"yoast_head":"<!-- This site is optimized with the Yoast SEO plugin v27.4 - https:\/\/yoast.com\/product\/yoast-seo-wordpress\/ -->\n<title>CerbAir, \u00e0 la pointe de la lutte anti-drones - GENERATE<\/title>\n<meta name=\"robots\" content=\"index, follow, max-snippet:-1, max-image-preview:large, max-video-preview:-1\" \/>\n<link rel=\"canonical\" href=\"https:\/\/generate.fr\/cerbair-a-la-pointe-de-la-lutte-anti-drones\/\" \/>\n<meta property=\"og:locale\" content=\"en_US\" \/>\n<meta property=\"og:type\" content=\"article\" \/>\n<meta property=\"og:title\" content=\"CerbAir, \u00e0 la pointe de la lutte anti-drones - GENERATE\" \/>\n<meta property=\"og:description\" content=\"Ce lundi 2 mars, dans sa chronique La France qui bouge, Justine Vassogne parle de l&#039;entreprise CerbAir, qui a d\u00e9velopp\u00e9 un syst\u00e8me de lutte anti-drones en brouillant la communication entre l&#039;appareil et son pilote dans l&#039;Essonne. Cette chronique est \u00e0 voir ou \u00e9couter du lundi au jeudi dans Good Morning Business pr\u00e9sent\u00e9e par Christophe Jakubyszyn\" \/>\n<meta property=\"og:url\" content=\"https:\/\/generate.fr\/cerbair-a-la-pointe-de-la-lutte-anti-drones\/\" \/>\n<meta property=\"og:site_name\" content=\"GENERATE\" \/>\n<meta property=\"article:published_time\" content=\"2020-03-02T08:29:24+00:00\" \/>\n<meta property=\"og:image\" content=\"https:\/\/generate.fr\/wp-content\/uploads\/2020\/03\/Capture-d\u2019e\u0301cran-2020-03-02-a\u0300-09.28.48.png\" \/>\n\t<meta property=\"og:image:width\" content=\"1824\" \/>\n\t<meta property=\"og:image:height\" content=\"1022\" \/>\n\t<meta property=\"og:image:type\" content=\"image\/png\" \/>\n<meta name=\"author\" content=\"Thomas Kolbe\" \/>\n<meta name=\"twitter:card\" content=\"summary_large_image\" \/>\n<meta name=\"twitter:label1\" content=\"Written by\" \/>\n\t<meta name=\"twitter:data1\" content=\"Thomas Kolbe\" \/>\n\t<meta name=\"twitter:label2\" content=\"Est. reading time\" \/>\n\t<meta name=\"twitter:data2\" content=\"1 minute\" \/>\n<script type=\"application\/ld+json\" class=\"yoast-schema-graph\">{\"@context\":\"https:\\\/\\\/schema.org\",\"@graph\":[{\"@type\":\"Article\",\"@id\":\"https:\\\/\\\/generate.fr\\\/cerbair-a-la-pointe-de-la-lutte-anti-drones\\\/#article\",\"isPartOf\":{\"@id\":\"https:\\\/\\\/generate.fr\\\/cerbair-a-la-pointe-de-la-lutte-anti-drones\\\/\"},\"author\":{\"name\":\"Thomas Kolbe\",\"@id\":\"https:\\\/\\\/generate.fr\\\/#\\\/schema\\\/person\\\/2895efb6d641efb3170ace8678ace18c\"},\"headline\":\"CerbAir, \u00e0 la pointe de la lutte anti-drones\",\"datePublished\":\"2020-03-02T08:29:24+00:00\",\"mainEntityOfPage\":{\"@id\":\"https:\\\/\\\/generate.fr\\\/cerbair-a-la-pointe-de-la-lutte-anti-drones\\\/\"},\"wordCount\":136,\"commentCount\":0,\"publisher\":{\"@id\":\"https:\\\/\\\/generate.fr\\\/#organization\"},\"image\":{\"@id\":\"https:\\\/\\\/generate.fr\\\/cerbair-a-la-pointe-de-la-lutte-anti-drones\\\/#primaryimage\"},\"thumbnailUrl\":\"https:\\\/\\\/generate.fr\\\/wp-content\\\/uploads\\\/2020\\\/03\\\/Capture-d\u2019e\u0301cran-2020-03-02-a\u0300-09.28.48.png\",\"keywords\":[\"Cerbair\",\"Drone\"],\"articleSection\":[\"Articles &amp; ITW\"],\"inLanguage\":\"en-US\",\"potentialAction\":[{\"@type\":\"CommentAction\",\"name\":\"Comment\",\"target\":[\"https:\\\/\\\/generate.fr\\\/cerbair-a-la-pointe-de-la-lutte-anti-drones\\\/#respond\"]}]},{\"@type\":\"WebPage\",\"@id\":\"https:\\\/\\\/generate.fr\\\/cerbair-a-la-pointe-de-la-lutte-anti-drones\\\/\",\"url\":\"https:\\\/\\\/generate.fr\\\/cerbair-a-la-pointe-de-la-lutte-anti-drones\\\/\",\"name\":\"CerbAir, \u00e0 la pointe de la lutte anti-drones - GENERATE\",\"isPartOf\":{\"@id\":\"https:\\\/\\\/generate.fr\\\/#website\"},\"primaryImageOfPage\":{\"@id\":\"https:\\\/\\\/generate.fr\\\/cerbair-a-la-pointe-de-la-lutte-anti-drones\\\/#primaryimage\"},\"image\":{\"@id\":\"https:\\\/\\\/generate.fr\\\/cerbair-a-la-pointe-de-la-lutte-anti-drones\\\/#primaryimage\"},\"thumbnailUrl\":\"https:\\\/\\\/generate.fr\\\/wp-content\\\/uploads\\\/2020\\\/03\\\/Capture-d\u2019e\u0301cran-2020-03-02-a\u0300-09.28.48.png\",\"datePublished\":\"2020-03-02T08:29:24+00:00\",\"breadcrumb\":{\"@id\":\"https:\\\/\\\/generate.fr\\\/cerbair-a-la-pointe-de-la-lutte-anti-drones\\\/#breadcrumb\"},\"inLanguage\":\"en-US\",\"potentialAction\":[{\"@type\":\"ReadAction\",\"target\":[\"https:\\\/\\\/generate.fr\\\/cerbair-a-la-pointe-de-la-lutte-anti-drones\\\/\"]}]},{\"@type\":\"ImageObject\",\"inLanguage\":\"en-US\",\"@id\":\"https:\\\/\\\/generate.fr\\\/cerbair-a-la-pointe-de-la-lutte-anti-drones\\\/#primaryimage\",\"url\":\"https:\\\/\\\/generate.fr\\\/wp-content\\\/uploads\\\/2020\\\/03\\\/Capture-d\u2019e\u0301cran-2020-03-02-a\u0300-09.28.48.png\",\"contentUrl\":\"https:\\\/\\\/generate.fr\\\/wp-content\\\/uploads\\\/2020\\\/03\\\/Capture-d\u2019e\u0301cran-2020-03-02-a\u0300-09.28.48.png\",\"width\":1824,\"height\":1022},{\"@type\":\"BreadcrumbList\",\"@id\":\"https:\\\/\\\/generate.fr\\\/cerbair-a-la-pointe-de-la-lutte-anti-drones\\\/#breadcrumb\",\"itemListElement\":[{\"@type\":\"ListItem\",\"position\":1,\"name\":\"Accueil\",\"item\":\"https:\\\/\\\/generate.fr\\\/\"},{\"@type\":\"ListItem\",\"position\":2,\"name\":\"CerbAir, \u00e0 la pointe de la lutte anti-drones\"}]},{\"@type\":\"WebSite\",\"@id\":\"https:\\\/\\\/generate.fr\\\/#website\",\"url\":\"https:\\\/\\\/generate.fr\\\/\",\"name\":\"GENERATE\",\"description\":\"Acc\u00e9l\u00e9rateur d&#039;innovation pour la D\u00e9fense et la S\u00e9curit\u00e9\",\"publisher\":{\"@id\":\"https:\\\/\\\/generate.fr\\\/#organization\"},\"potentialAction\":[{\"@type\":\"SearchAction\",\"target\":{\"@type\":\"EntryPoint\",\"urlTemplate\":\"https:\\\/\\\/generate.fr\\\/?s={search_term_string}\"},\"query-input\":{\"@type\":\"PropertyValueSpecification\",\"valueRequired\":true,\"valueName\":\"search_term_string\"}}],\"inLanguage\":\"en-US\"},{\"@type\":\"Organization\",\"@id\":\"https:\\\/\\\/generate.fr\\\/#organization\",\"name\":\"Generate\",\"url\":\"https:\\\/\\\/generate.fr\\\/\",\"logo\":{\"@type\":\"ImageObject\",\"inLanguage\":\"en-US\",\"@id\":\"https:\\\/\\\/generate.fr\\\/#\\\/schema\\\/logo\\\/image\\\/\",\"url\":\"https:\\\/\\\/generate.fr\\\/wp-content\\\/uploads\\\/2019\\\/05\\\/Generate.png\",\"contentUrl\":\"https:\\\/\\\/generate.fr\\\/wp-content\\\/uploads\\\/2019\\\/05\\\/Generate.png\",\"width\":1000,\"height\":316,\"caption\":\"Generate\"},\"image\":{\"@id\":\"https:\\\/\\\/generate.fr\\\/#\\\/schema\\\/logo\\\/image\\\/\"},\"sameAs\":[\"https:\\\/\\\/www.youtube.com\\\/channel\\\/UCsoYfr1MZdZT2bqI7CNN1Rw\"]},{\"@type\":\"Person\",\"@id\":\"https:\\\/\\\/generate.fr\\\/#\\\/schema\\\/person\\\/2895efb6d641efb3170ace8678ace18c\",\"name\":\"Thomas Kolbe\",\"image\":{\"@type\":\"ImageObject\",\"inLanguage\":\"en-US\",\"@id\":\"https:\\\/\\\/secure.gravatar.com\\\/avatar\\\/528dc96708c82c0f0c26eba076b7ff225f08450c6a1be4d0b029763b2d76ef7a?s=96&d=mm&r=g\",\"url\":\"https:\\\/\\\/secure.gravatar.com\\\/avatar\\\/528dc96708c82c0f0c26eba076b7ff225f08450c6a1be4d0b029763b2d76ef7a?s=96&d=mm&r=g\",\"contentUrl\":\"https:\\\/\\\/secure.gravatar.com\\\/avatar\\\/528dc96708c82c0f0c26eba076b7ff225f08450c6a1be4d0b029763b2d76ef7a?s=96&d=mm&r=g\",\"caption\":\"Thomas Kolbe\"},\"url\":\"https:\\\/\\\/generate.fr\\\/en\\\/author\\\/editeur\\\/\"}]}<\/script>\n<!-- \/ Yoast SEO plugin. -->","yoast_head_json":{"title":"CerbAir, \u00e0 la pointe de la lutte anti-drones - GENERATE","robots":{"index":"index","follow":"follow","max-snippet":"max-snippet:-1","max-image-preview":"max-image-preview:large","max-video-preview":"max-video-preview:-1"},"canonical":"https:\/\/generate.fr\/cerbair-a-la-pointe-de-la-lutte-anti-drones\/","og_locale":"en_US","og_type":"article","og_title":"CerbAir, \u00e0 la pointe de la lutte anti-drones - GENERATE","og_description":"Ce lundi 2 mars, dans sa chronique La France qui bouge, Justine Vassogne parle de l'entreprise CerbAir, qui a d\u00e9velopp\u00e9 un syst\u00e8me de lutte anti-drones en brouillant la communication entre l'appareil et son pilote dans l'Essonne. Cette chronique est \u00e0 voir ou \u00e9couter du lundi au jeudi dans Good Morning Business pr\u00e9sent\u00e9e par Christophe Jakubyszyn","og_url":"https:\/\/generate.fr\/cerbair-a-la-pointe-de-la-lutte-anti-drones\/","og_site_name":"GENERATE","article_published_time":"2020-03-02T08:29:24+00:00","og_image":[{"width":1824,"height":1022,"url":"https:\/\/generate.fr\/wp-content\/uploads\/2020\/03\/Capture-d\u2019e\u0301cran-2020-03-02-a\u0300-09.28.48.png","type":"image\/png"}],"author":"Thomas Kolbe","twitter_card":"summary_large_image","twitter_misc":{"Written by":"Thomas Kolbe","Est. reading time":"1 minute"},"schema":{"@context":"https:\/\/schema.org","@graph":[{"@type":"Article","@id":"https:\/\/generate.fr\/cerbair-a-la-pointe-de-la-lutte-anti-drones\/#article","isPartOf":{"@id":"https:\/\/generate.fr\/cerbair-a-la-pointe-de-la-lutte-anti-drones\/"},"author":{"name":"Thomas Kolbe","@id":"https:\/\/generate.fr\/#\/schema\/person\/2895efb6d641efb3170ace8678ace18c"},"headline":"CerbAir, \u00e0 la pointe de la lutte anti-drones","datePublished":"2020-03-02T08:29:24+00:00","mainEntityOfPage":{"@id":"https:\/\/generate.fr\/cerbair-a-la-pointe-de-la-lutte-anti-drones\/"},"wordCount":136,"commentCount":0,"publisher":{"@id":"https:\/\/generate.fr\/#organization"},"image":{"@id":"https:\/\/generate.fr\/cerbair-a-la-pointe-de-la-lutte-anti-drones\/#primaryimage"},"thumbnailUrl":"https:\/\/generate.fr\/wp-content\/uploads\/2020\/03\/Capture-d\u2019e\u0301cran-2020-03-02-a\u0300-09.28.48.png","keywords":["Cerbair","Drone"],"articleSection":["Articles &amp; ITW"],"inLanguage":"en-US","potentialAction":[{"@type":"CommentAction","name":"Comment","target":["https:\/\/generate.fr\/cerbair-a-la-pointe-de-la-lutte-anti-drones\/#respond"]}]},{"@type":"WebPage","@id":"https:\/\/generate.fr\/cerbair-a-la-pointe-de-la-lutte-anti-drones\/","url":"https:\/\/generate.fr\/cerbair-a-la-pointe-de-la-lutte-anti-drones\/","name":"CerbAir, \u00e0 la pointe de la lutte anti-drones - GENERATE","isPartOf":{"@id":"https:\/\/generate.fr\/#website"},"primaryImageOfPage":{"@id":"https:\/\/generate.fr\/cerbair-a-la-pointe-de-la-lutte-anti-drones\/#primaryimage"},"image":{"@id":"https:\/\/generate.fr\/cerbair-a-la-pointe-de-la-lutte-anti-drones\/#primaryimage"},"thumbnailUrl":"https:\/\/generate.fr\/wp-content\/uploads\/2020\/03\/Capture-d\u2019e\u0301cran-2020-03-02-a\u0300-09.28.48.png","datePublished":"2020-03-02T08:29:24+00:00","breadcrumb":{"@id":"https:\/\/generate.fr\/cerbair-a-la-pointe-de-la-lutte-anti-drones\/#breadcrumb"},"inLanguage":"en-US","potentialAction":[{"@type":"ReadAction","target":["https:\/\/generate.fr\/cerbair-a-la-pointe-de-la-lutte-anti-drones\/"]}]},{"@type":"ImageObject","inLanguage":"en-US","@id":"https:\/\/generate.fr\/cerbair-a-la-pointe-de-la-lutte-anti-drones\/#primaryimage","url":"https:\/\/generate.fr\/wp-content\/uploads\/2020\/03\/Capture-d\u2019e\u0301cran-2020-03-02-a\u0300-09.28.48.png","contentUrl":"https:\/\/generate.fr\/wp-content\/uploads\/2020\/03\/Capture-d\u2019e\u0301cran-2020-03-02-a\u0300-09.28.48.png","width":1824,"height":1022},{"@type":"BreadcrumbList","@id":"https:\/\/generate.fr\/cerbair-a-la-pointe-de-la-lutte-anti-drones\/#breadcrumb","itemListElement":[{"@type":"ListItem","position":1,"name":"Accueil","item":"https:\/\/generate.fr\/"},{"@type":"ListItem","position":2,"name":"CerbAir, \u00e0 la pointe de la lutte anti-drones"}]},{"@type":"WebSite","@id":"https:\/\/generate.fr\/#website","url":"https:\/\/generate.fr\/","name":"GENERATE","description":"Acc\u00e9l\u00e9rateur d&#039;innovation pour la D\u00e9fense et la S\u00e9curit\u00e9","publisher":{"@id":"https:\/\/generate.fr\/#organization"},"potentialAction":[{"@type":"SearchAction","target":{"@type":"EntryPoint","urlTemplate":"https:\/\/generate.fr\/?s={search_term_string}"},"query-input":{"@type":"PropertyValueSpecification","valueRequired":true,"valueName":"search_term_string"}}],"inLanguage":"en-US"},{"@type":"Organization","@id":"https:\/\/generate.fr\/#organization","name":"Generate","url":"https:\/\/generate.fr\/","logo":{"@type":"ImageObject","inLanguage":"en-US","@id":"https:\/\/generate.fr\/#\/schema\/logo\/image\/","url":"https:\/\/generate.fr\/wp-content\/uploads\/2019\/05\/Generate.png","contentUrl":"https:\/\/generate.fr\/wp-content\/uploads\/2019\/05\/Generate.png","width":1000,"height":316,"caption":"Generate"},"image":{"@id":"https:\/\/generate.fr\/#\/schema\/logo\/image\/"},"sameAs":["https:\/\/www.youtube.com\/channel\/UCsoYfr1MZdZT2bqI7CNN1Rw"]},{"@type":"Person","@id":"https:\/\/generate.fr\/#\/schema\/person\/2895efb6d641efb3170ace8678ace18c","name":"Thomas Kolbe","image":{"@type":"ImageObject","inLanguage":"en-US","@id":"https:\/\/secure.gravatar.com\/avatar\/528dc96708c82c0f0c26eba076b7ff225f08450c6a1be4d0b029763b2d76ef7a?s=96&d=mm&r=g","url":"https:\/\/secure.gravatar.com\/avatar\/528dc96708c82c0f0c26eba076b7ff225f08450c6a1be4d0b029763b2d76ef7a?s=96&d=mm&r=g","contentUrl":"https:\/\/secure.gravatar.com\/avatar\/528dc96708c82c0f0c26eba076b7ff225f08450c6a1be4d0b029763b2d76ef7a?s=96&d=mm&r=g","caption":"Thomas Kolbe"},"url":"https:\/\/generate.fr\/en\/author\/editeur\/"}]}},"_links":{"self":[{"href":"https:\/\/generate.fr\/en\/wp-json\/wp\/v2\/posts\/3113","targetHints":{"allow":["GET"]}}],"collection":[{"href":"https:\/\/generate.fr\/en\/wp-json\/wp\/v2\/posts"}],"about":[{"href":"https:\/\/generate.fr\/en\/wp-json\/wp\/v2\/types\/post"}],"author":[{"embeddable":true,"href":"https:\/\/generate.fr\/en\/wp-json\/wp\/v2\/users\/2"}],"replies":[{"embeddable":true,"href":"https:\/\/generate.fr\/en\/wp-json\/wp\/v2\/comments?post=3113"}],"version-history":[{"count":1,"href":"https:\/\/generate.fr\/en\/wp-json\/wp\/v2\/posts\/3113\/revisions"}],"predecessor-version":[{"id":3116,"href":"https:\/\/generate.fr\/en\/wp-json\/wp\/v2\/posts\/3113\/revisions\/3116"}],"wp:featuredmedia":[{"embeddable":true,"href":"https:\/\/generate.fr\/en\/wp-json\/wp\/v2\/media\/3114"}],"wp:attachment":[{"href":"https:\/\/generate.fr\/en\/wp-json\/wp\/v2\/media?parent=3113"}],"wp:term":[{"taxonomy":"category","embeddable":true,"href":"https:\/\/generate.fr\/en\/wp-json\/wp\/v2\/categories?post=3113"},{"taxonomy":"post_tag","embeddable":true,"href":"https:\/\/generate.fr\/en\/wp-json\/wp\/v2\/tags?post=3113"}],"curies":[{"name":"wp","href":"https:\/\/api.w.org\/{rel}","templated":true}]}}