{"id":3198,"date":"2020-03-13T07:17:02","date_gmt":"2020-03-13T07:17:02","guid":{"rendered":"https:\/\/generate.fr\/?p=3198"},"modified":"2020-03-13T07:17:02","modified_gmt":"2020-03-13T07:17:02","slug":"lucas-le-bell-lenvol-anti-drones-de-la-jeune-pousse-cerbair","status":"publish","type":"post","link":"https:\/\/generate.fr\/en\/lucas-le-bell-lenvol-anti-drones-de-la-jeune-pousse-cerbair\/","title":{"rendered":"Lucas Le Bell: l\u2019envol \u00abanti-drones\u00bb de la jeune pousse CerbAir"},"content":{"rendered":"<p><strong>Le jeune entrepreneur souhaite d\u00e9mocratiser des technologies de qualit\u00e9 pour rendre la s\u00e9curisation de l\u2019espace a\u00e9rien accessible aux particuliers et aux entreprises.<\/strong><\/p>\n<p class=\"css-s6jpj4 ekabp3u0\">Le CEO de la jeune entreprise de protection et s\u00e9curit\u00e9 a\u00e9rienne anti-drone annonce une ambitieuse lev\u00e9e de fonds de 5,5 millions d\u2019euros en ce d\u00e9but d\u2019ann\u00e9e 2020. Le jeune dipl\u00f4m\u00e9 de l\u2019EM Lyon s\u2019\u00e9tait pourtant dirig\u00e9 vers la finance avant de se lancer dans l\u2019entreprenariat. Dipl\u00f4me en poche, Lucas Le Bell, sp\u00e9cialis\u00e9 dans la finance de march\u00e9, int\u00e8gre d\u2019abord le Cr\u00e9dit agricole comme trader, avant de rejoindre la gestion d\u2019actifs chez Amundi. En 2013, il entre chez JP Morgan \u00e0 la gestion de fortune, pour g\u00e9rer des investissements et les faire fructifier. Des exp\u00e9riences formatrices qui lui permettent notamment de rencontrer beaucoup d\u2019entrepreneurs: \u00ab<em>J\u2019ai ador\u00e9 conna\u00eetre les investisseurs et leur histoire.<\/em>\u00bb Apr\u00e8s deux ann\u00e9es intenses, il quitte la banque, persuad\u00e9 \u00ab<em>d\u2019avoir fait le tour du m\u00e9tier<\/em>\u00bb et en qu\u00eate d\u2019un \u00ab<em>virage \u00e0 180\u00b0<\/em>\u00bb. Il part faire le tour du monde pendant un an puis revient, convaincu qu\u2019il veut se lancer dans l\u2019entreprenariat. \u00ab<em>Beaucoup d\u2019amis montaient leurs bo\u00eetes\u2026<\/em><\/p>\n<p><strong><a href=\"https:\/\/www.lefigaro.fr\/decideurs\/portraits\/lucas-le-bell-l-envol-anti-drones-de-la-jeune-pousse-cerbair-20200312\">Source : Le Figaro<\/a><\/strong><\/p>\n","protected":false},"excerpt":{"rendered":"<p>Le jeune entrepreneur souhaite d\u00e9mocratiser des technologies de qualit\u00e9 pour rendre la s\u00e9curisation de l\u2019espace a\u00e9rien accessible aux particuliers et aux entreprises. Le CEO de la jeune entreprise de protection et s\u00e9curit\u00e9 a\u00e9rienne anti-drone annonce une ambitieuse lev\u00e9e de fonds de 5,5 millions d\u2019euros en ce d\u00e9but d\u2019ann\u00e9e 2020. Le jeune dipl\u00f4m\u00e9 de l\u2019EM Lyon [&hellip;]<\/p>\n","protected":false},"author":2,"featured_media":3199,"comment_status":"open","ping_status":"open","sticky":false,"template":"","format":"standard","meta":{"footnotes":""},"categories":[7],"tags":[76,17,10],"class_list":["post-3198","post","type-post","status-publish","format-standard","has-post-thumbnail","hentry","category-articles-itw","tag-cerbair","tag-generate","tag-innovation","post-wrapper"],"yoast_head":"<!-- This site is optimized with the Yoast SEO plugin v27.4 - https:\/\/yoast.com\/product\/yoast-seo-wordpress\/ -->\n<title>Lucas Le Bell: l\u2019envol \u00abanti-drones\u00bb de la jeune pousse CerbAir - GENERATE<\/title>\n<meta name=\"robots\" content=\"index, follow, max-snippet:-1, max-image-preview:large, max-video-preview:-1\" \/>\n<link rel=\"canonical\" href=\"https:\/\/generate.fr\/lucas-le-bell-lenvol-anti-drones-de-la-jeune-pousse-cerbair\/\" \/>\n<meta property=\"og:locale\" content=\"en_US\" \/>\n<meta property=\"og:type\" content=\"article\" \/>\n<meta property=\"og:title\" content=\"Lucas Le Bell: l\u2019envol \u00abanti-drones\u00bb de la jeune pousse CerbAir - GENERATE\" \/>\n<meta property=\"og:description\" content=\"Le jeune entrepreneur souhaite d\u00e9mocratiser des technologies de qualit\u00e9 pour rendre la s\u00e9curisation de l\u2019espace a\u00e9rien accessible aux particuliers et aux entreprises. Le CEO de la jeune entreprise de protection et s\u00e9curit\u00e9 a\u00e9rienne anti-drone annonce une ambitieuse lev\u00e9e de fonds de 5,5 millions d\u2019euros en ce d\u00e9but d\u2019ann\u00e9e 2020. Le jeune dipl\u00f4m\u00e9 de l\u2019EM Lyon\" \/>\n<meta property=\"og:url\" content=\"https:\/\/generate.fr\/lucas-le-bell-lenvol-anti-drones-de-la-jeune-pousse-cerbair\/\" \/>\n<meta property=\"og:site_name\" content=\"GENERATE\" \/>\n<meta property=\"article:published_time\" content=\"2020-03-13T07:17:02+00:00\" \/>\n<meta property=\"og:image\" content=\"https:\/\/generate.fr\/wp-content\/uploads\/2020\/03\/XVM557b896a-6468-11ea-b0bb-8f755d4163f7.jpg\" \/>\n\t<meta property=\"og:image:width\" content=\"767\" \/>\n\t<meta property=\"og:image:height\" content=\"431\" \/>\n\t<meta property=\"og:image:type\" content=\"image\/jpeg\" \/>\n<meta name=\"author\" content=\"Thomas Kolbe\" \/>\n<meta name=\"twitter:card\" content=\"summary_large_image\" \/>\n<meta name=\"twitter:label1\" content=\"Written by\" \/>\n\t<meta name=\"twitter:data1\" content=\"Thomas Kolbe\" \/>\n\t<meta name=\"twitter:label2\" content=\"Est. reading time\" \/>\n\t<meta name=\"twitter:data2\" content=\"1 minute\" \/>\n<script type=\"application\/ld+json\" class=\"yoast-schema-graph\">{\"@context\":\"https:\\\/\\\/schema.org\",\"@graph\":[{\"@type\":\"Article\",\"@id\":\"https:\\\/\\\/generate.fr\\\/lucas-le-bell-lenvol-anti-drones-de-la-jeune-pousse-cerbair\\\/#article\",\"isPartOf\":{\"@id\":\"https:\\\/\\\/generate.fr\\\/lucas-le-bell-lenvol-anti-drones-de-la-jeune-pousse-cerbair\\\/\"},\"author\":{\"name\":\"Thomas Kolbe\",\"@id\":\"https:\\\/\\\/generate.fr\\\/#\\\/schema\\\/person\\\/2895efb6d641efb3170ace8678ace18c\"},\"headline\":\"Lucas Le Bell: l\u2019envol \u00abanti-drones\u00bb de la jeune pousse CerbAir\",\"datePublished\":\"2020-03-13T07:17:02+00:00\",\"mainEntityOfPage\":{\"@id\":\"https:\\\/\\\/generate.fr\\\/lucas-le-bell-lenvol-anti-drones-de-la-jeune-pousse-cerbair\\\/\"},\"wordCount\":223,\"commentCount\":0,\"publisher\":{\"@id\":\"https:\\\/\\\/generate.fr\\\/#organization\"},\"image\":{\"@id\":\"https:\\\/\\\/generate.fr\\\/lucas-le-bell-lenvol-anti-drones-de-la-jeune-pousse-cerbair\\\/#primaryimage\"},\"thumbnailUrl\":\"https:\\\/\\\/generate.fr\\\/wp-content\\\/uploads\\\/2020\\\/03\\\/XVM557b896a-6468-11ea-b0bb-8f755d4163f7.jpg\",\"keywords\":[\"Cerbair\",\"GENERATE\",\"Innovation\"],\"articleSection\":[\"Articles &amp; ITW\"],\"inLanguage\":\"en-US\",\"potentialAction\":[{\"@type\":\"CommentAction\",\"name\":\"Comment\",\"target\":[\"https:\\\/\\\/generate.fr\\\/lucas-le-bell-lenvol-anti-drones-de-la-jeune-pousse-cerbair\\\/#respond\"]}]},{\"@type\":\"WebPage\",\"@id\":\"https:\\\/\\\/generate.fr\\\/lucas-le-bell-lenvol-anti-drones-de-la-jeune-pousse-cerbair\\\/\",\"url\":\"https:\\\/\\\/generate.fr\\\/lucas-le-bell-lenvol-anti-drones-de-la-jeune-pousse-cerbair\\\/\",\"name\":\"Lucas Le Bell: l\u2019envol \u00abanti-drones\u00bb de la jeune pousse CerbAir - GENERATE\",\"isPartOf\":{\"@id\":\"https:\\\/\\\/generate.fr\\\/#website\"},\"primaryImageOfPage\":{\"@id\":\"https:\\\/\\\/generate.fr\\\/lucas-le-bell-lenvol-anti-drones-de-la-jeune-pousse-cerbair\\\/#primaryimage\"},\"image\":{\"@id\":\"https:\\\/\\\/generate.fr\\\/lucas-le-bell-lenvol-anti-drones-de-la-jeune-pousse-cerbair\\\/#primaryimage\"},\"thumbnailUrl\":\"https:\\\/\\\/generate.fr\\\/wp-content\\\/uploads\\\/2020\\\/03\\\/XVM557b896a-6468-11ea-b0bb-8f755d4163f7.jpg\",\"datePublished\":\"2020-03-13T07:17:02+00:00\",\"breadcrumb\":{\"@id\":\"https:\\\/\\\/generate.fr\\\/lucas-le-bell-lenvol-anti-drones-de-la-jeune-pousse-cerbair\\\/#breadcrumb\"},\"inLanguage\":\"en-US\",\"potentialAction\":[{\"@type\":\"ReadAction\",\"target\":[\"https:\\\/\\\/generate.fr\\\/lucas-le-bell-lenvol-anti-drones-de-la-jeune-pousse-cerbair\\\/\"]}]},{\"@type\":\"ImageObject\",\"inLanguage\":\"en-US\",\"@id\":\"https:\\\/\\\/generate.fr\\\/lucas-le-bell-lenvol-anti-drones-de-la-jeune-pousse-cerbair\\\/#primaryimage\",\"url\":\"https:\\\/\\\/generate.fr\\\/wp-content\\\/uploads\\\/2020\\\/03\\\/XVM557b896a-6468-11ea-b0bb-8f755d4163f7.jpg\",\"contentUrl\":\"https:\\\/\\\/generate.fr\\\/wp-content\\\/uploads\\\/2020\\\/03\\\/XVM557b896a-6468-11ea-b0bb-8f755d4163f7.jpg\",\"width\":767,\"height\":431},{\"@type\":\"BreadcrumbList\",\"@id\":\"https:\\\/\\\/generate.fr\\\/lucas-le-bell-lenvol-anti-drones-de-la-jeune-pousse-cerbair\\\/#breadcrumb\",\"itemListElement\":[{\"@type\":\"ListItem\",\"position\":1,\"name\":\"Accueil\",\"item\":\"https:\\\/\\\/generate.fr\\\/\"},{\"@type\":\"ListItem\",\"position\":2,\"name\":\"Lucas Le Bell: l\u2019envol \u00abanti-drones\u00bb de la jeune pousse CerbAir\"}]},{\"@type\":\"WebSite\",\"@id\":\"https:\\\/\\\/generate.fr\\\/#website\",\"url\":\"https:\\\/\\\/generate.fr\\\/\",\"name\":\"GENERATE\",\"description\":\"Acc\u00e9l\u00e9rateur d&#039;innovation pour la D\u00e9fense et la S\u00e9curit\u00e9\",\"publisher\":{\"@id\":\"https:\\\/\\\/generate.fr\\\/#organization\"},\"potentialAction\":[{\"@type\":\"SearchAction\",\"target\":{\"@type\":\"EntryPoint\",\"urlTemplate\":\"https:\\\/\\\/generate.fr\\\/?s={search_term_string}\"},\"query-input\":{\"@type\":\"PropertyValueSpecification\",\"valueRequired\":true,\"valueName\":\"search_term_string\"}}],\"inLanguage\":\"en-US\"},{\"@type\":\"Organization\",\"@id\":\"https:\\\/\\\/generate.fr\\\/#organization\",\"name\":\"Generate\",\"url\":\"https:\\\/\\\/generate.fr\\\/\",\"logo\":{\"@type\":\"ImageObject\",\"inLanguage\":\"en-US\",\"@id\":\"https:\\\/\\\/generate.fr\\\/#\\\/schema\\\/logo\\\/image\\\/\",\"url\":\"https:\\\/\\\/generate.fr\\\/wp-content\\\/uploads\\\/2019\\\/05\\\/Generate.png\",\"contentUrl\":\"https:\\\/\\\/generate.fr\\\/wp-content\\\/uploads\\\/2019\\\/05\\\/Generate.png\",\"width\":1000,\"height\":316,\"caption\":\"Generate\"},\"image\":{\"@id\":\"https:\\\/\\\/generate.fr\\\/#\\\/schema\\\/logo\\\/image\\\/\"},\"sameAs\":[\"https:\\\/\\\/www.youtube.com\\\/channel\\\/UCsoYfr1MZdZT2bqI7CNN1Rw\"]},{\"@type\":\"Person\",\"@id\":\"https:\\\/\\\/generate.fr\\\/#\\\/schema\\\/person\\\/2895efb6d641efb3170ace8678ace18c\",\"name\":\"Thomas Kolbe\",\"image\":{\"@type\":\"ImageObject\",\"inLanguage\":\"en-US\",\"@id\":\"https:\\\/\\\/secure.gravatar.com\\\/avatar\\\/528dc96708c82c0f0c26eba076b7ff225f08450c6a1be4d0b029763b2d76ef7a?s=96&d=mm&r=g\",\"url\":\"https:\\\/\\\/secure.gravatar.com\\\/avatar\\\/528dc96708c82c0f0c26eba076b7ff225f08450c6a1be4d0b029763b2d76ef7a?s=96&d=mm&r=g\",\"contentUrl\":\"https:\\\/\\\/secure.gravatar.com\\\/avatar\\\/528dc96708c82c0f0c26eba076b7ff225f08450c6a1be4d0b029763b2d76ef7a?s=96&d=mm&r=g\",\"caption\":\"Thomas Kolbe\"},\"url\":\"https:\\\/\\\/generate.fr\\\/en\\\/author\\\/editeur\\\/\"}]}<\/script>\n<!-- \/ Yoast SEO plugin. -->","yoast_head_json":{"title":"Lucas Le Bell: l\u2019envol \u00abanti-drones\u00bb de la jeune pousse CerbAir - GENERATE","robots":{"index":"index","follow":"follow","max-snippet":"max-snippet:-1","max-image-preview":"max-image-preview:large","max-video-preview":"max-video-preview:-1"},"canonical":"https:\/\/generate.fr\/lucas-le-bell-lenvol-anti-drones-de-la-jeune-pousse-cerbair\/","og_locale":"en_US","og_type":"article","og_title":"Lucas Le Bell: l\u2019envol \u00abanti-drones\u00bb de la jeune pousse CerbAir - GENERATE","og_description":"Le jeune entrepreneur souhaite d\u00e9mocratiser des technologies de qualit\u00e9 pour rendre la s\u00e9curisation de l\u2019espace a\u00e9rien accessible aux particuliers et aux entreprises. Le CEO de la jeune entreprise de protection et s\u00e9curit\u00e9 a\u00e9rienne anti-drone annonce une ambitieuse lev\u00e9e de fonds de 5,5 millions d\u2019euros en ce d\u00e9but d\u2019ann\u00e9e 2020. Le jeune dipl\u00f4m\u00e9 de l\u2019EM Lyon","og_url":"https:\/\/generate.fr\/lucas-le-bell-lenvol-anti-drones-de-la-jeune-pousse-cerbair\/","og_site_name":"GENERATE","article_published_time":"2020-03-13T07:17:02+00:00","og_image":[{"width":767,"height":431,"url":"https:\/\/generate.fr\/wp-content\/uploads\/2020\/03\/XVM557b896a-6468-11ea-b0bb-8f755d4163f7.jpg","type":"image\/jpeg"}],"author":"Thomas Kolbe","twitter_card":"summary_large_image","twitter_misc":{"Written by":"Thomas Kolbe","Est. reading time":"1 minute"},"schema":{"@context":"https:\/\/schema.org","@graph":[{"@type":"Article","@id":"https:\/\/generate.fr\/lucas-le-bell-lenvol-anti-drones-de-la-jeune-pousse-cerbair\/#article","isPartOf":{"@id":"https:\/\/generate.fr\/lucas-le-bell-lenvol-anti-drones-de-la-jeune-pousse-cerbair\/"},"author":{"name":"Thomas Kolbe","@id":"https:\/\/generate.fr\/#\/schema\/person\/2895efb6d641efb3170ace8678ace18c"},"headline":"Lucas Le Bell: l\u2019envol \u00abanti-drones\u00bb de la jeune pousse CerbAir","datePublished":"2020-03-13T07:17:02+00:00","mainEntityOfPage":{"@id":"https:\/\/generate.fr\/lucas-le-bell-lenvol-anti-drones-de-la-jeune-pousse-cerbair\/"},"wordCount":223,"commentCount":0,"publisher":{"@id":"https:\/\/generate.fr\/#organization"},"image":{"@id":"https:\/\/generate.fr\/lucas-le-bell-lenvol-anti-drones-de-la-jeune-pousse-cerbair\/#primaryimage"},"thumbnailUrl":"https:\/\/generate.fr\/wp-content\/uploads\/2020\/03\/XVM557b896a-6468-11ea-b0bb-8f755d4163f7.jpg","keywords":["Cerbair","GENERATE","Innovation"],"articleSection":["Articles &amp; ITW"],"inLanguage":"en-US","potentialAction":[{"@type":"CommentAction","name":"Comment","target":["https:\/\/generate.fr\/lucas-le-bell-lenvol-anti-drones-de-la-jeune-pousse-cerbair\/#respond"]}]},{"@type":"WebPage","@id":"https:\/\/generate.fr\/lucas-le-bell-lenvol-anti-drones-de-la-jeune-pousse-cerbair\/","url":"https:\/\/generate.fr\/lucas-le-bell-lenvol-anti-drones-de-la-jeune-pousse-cerbair\/","name":"Lucas Le Bell: l\u2019envol \u00abanti-drones\u00bb de la jeune pousse CerbAir - GENERATE","isPartOf":{"@id":"https:\/\/generate.fr\/#website"},"primaryImageOfPage":{"@id":"https:\/\/generate.fr\/lucas-le-bell-lenvol-anti-drones-de-la-jeune-pousse-cerbair\/#primaryimage"},"image":{"@id":"https:\/\/generate.fr\/lucas-le-bell-lenvol-anti-drones-de-la-jeune-pousse-cerbair\/#primaryimage"},"thumbnailUrl":"https:\/\/generate.fr\/wp-content\/uploads\/2020\/03\/XVM557b896a-6468-11ea-b0bb-8f755d4163f7.jpg","datePublished":"2020-03-13T07:17:02+00:00","breadcrumb":{"@id":"https:\/\/generate.fr\/lucas-le-bell-lenvol-anti-drones-de-la-jeune-pousse-cerbair\/#breadcrumb"},"inLanguage":"en-US","potentialAction":[{"@type":"ReadAction","target":["https:\/\/generate.fr\/lucas-le-bell-lenvol-anti-drones-de-la-jeune-pousse-cerbair\/"]}]},{"@type":"ImageObject","inLanguage":"en-US","@id":"https:\/\/generate.fr\/lucas-le-bell-lenvol-anti-drones-de-la-jeune-pousse-cerbair\/#primaryimage","url":"https:\/\/generate.fr\/wp-content\/uploads\/2020\/03\/XVM557b896a-6468-11ea-b0bb-8f755d4163f7.jpg","contentUrl":"https:\/\/generate.fr\/wp-content\/uploads\/2020\/03\/XVM557b896a-6468-11ea-b0bb-8f755d4163f7.jpg","width":767,"height":431},{"@type":"BreadcrumbList","@id":"https:\/\/generate.fr\/lucas-le-bell-lenvol-anti-drones-de-la-jeune-pousse-cerbair\/#breadcrumb","itemListElement":[{"@type":"ListItem","position":1,"name":"Accueil","item":"https:\/\/generate.fr\/"},{"@type":"ListItem","position":2,"name":"Lucas Le Bell: l\u2019envol \u00abanti-drones\u00bb de la jeune pousse CerbAir"}]},{"@type":"WebSite","@id":"https:\/\/generate.fr\/#website","url":"https:\/\/generate.fr\/","name":"GENERATE","description":"Acc\u00e9l\u00e9rateur d&#039;innovation pour la D\u00e9fense et la S\u00e9curit\u00e9","publisher":{"@id":"https:\/\/generate.fr\/#organization"},"potentialAction":[{"@type":"SearchAction","target":{"@type":"EntryPoint","urlTemplate":"https:\/\/generate.fr\/?s={search_term_string}"},"query-input":{"@type":"PropertyValueSpecification","valueRequired":true,"valueName":"search_term_string"}}],"inLanguage":"en-US"},{"@type":"Organization","@id":"https:\/\/generate.fr\/#organization","name":"Generate","url":"https:\/\/generate.fr\/","logo":{"@type":"ImageObject","inLanguage":"en-US","@id":"https:\/\/generate.fr\/#\/schema\/logo\/image\/","url":"https:\/\/generate.fr\/wp-content\/uploads\/2019\/05\/Generate.png","contentUrl":"https:\/\/generate.fr\/wp-content\/uploads\/2019\/05\/Generate.png","width":1000,"height":316,"caption":"Generate"},"image":{"@id":"https:\/\/generate.fr\/#\/schema\/logo\/image\/"},"sameAs":["https:\/\/www.youtube.com\/channel\/UCsoYfr1MZdZT2bqI7CNN1Rw"]},{"@type":"Person","@id":"https:\/\/generate.fr\/#\/schema\/person\/2895efb6d641efb3170ace8678ace18c","name":"Thomas Kolbe","image":{"@type":"ImageObject","inLanguage":"en-US","@id":"https:\/\/secure.gravatar.com\/avatar\/528dc96708c82c0f0c26eba076b7ff225f08450c6a1be4d0b029763b2d76ef7a?s=96&d=mm&r=g","url":"https:\/\/secure.gravatar.com\/avatar\/528dc96708c82c0f0c26eba076b7ff225f08450c6a1be4d0b029763b2d76ef7a?s=96&d=mm&r=g","contentUrl":"https:\/\/secure.gravatar.com\/avatar\/528dc96708c82c0f0c26eba076b7ff225f08450c6a1be4d0b029763b2d76ef7a?s=96&d=mm&r=g","caption":"Thomas Kolbe"},"url":"https:\/\/generate.fr\/en\/author\/editeur\/"}]}},"_links":{"self":[{"href":"https:\/\/generate.fr\/en\/wp-json\/wp\/v2\/posts\/3198","targetHints":{"allow":["GET"]}}],"collection":[{"href":"https:\/\/generate.fr\/en\/wp-json\/wp\/v2\/posts"}],"about":[{"href":"https:\/\/generate.fr\/en\/wp-json\/wp\/v2\/types\/post"}],"author":[{"embeddable":true,"href":"https:\/\/generate.fr\/en\/wp-json\/wp\/v2\/users\/2"}],"replies":[{"embeddable":true,"href":"https:\/\/generate.fr\/en\/wp-json\/wp\/v2\/comments?post=3198"}],"version-history":[{"count":1,"href":"https:\/\/generate.fr\/en\/wp-json\/wp\/v2\/posts\/3198\/revisions"}],"predecessor-version":[{"id":3201,"href":"https:\/\/generate.fr\/en\/wp-json\/wp\/v2\/posts\/3198\/revisions\/3201"}],"wp:featuredmedia":[{"embeddable":true,"href":"https:\/\/generate.fr\/en\/wp-json\/wp\/v2\/media\/3199"}],"wp:attachment":[{"href":"https:\/\/generate.fr\/en\/wp-json\/wp\/v2\/media?parent=3198"}],"wp:term":[{"taxonomy":"category","embeddable":true,"href":"https:\/\/generate.fr\/en\/wp-json\/wp\/v2\/categories?post=3198"},{"taxonomy":"post_tag","embeddable":true,"href":"https:\/\/generate.fr\/en\/wp-json\/wp\/v2\/tags?post=3198"}],"curies":[{"name":"wp","href":"https:\/\/api.w.org\/{rel}","templated":true}]}}