{"id":3294,"date":"2020-05-04T07:47:30","date_gmt":"2020-05-04T07:47:30","guid":{"rendered":"https:\/\/generate.fr\/?p=3294"},"modified":"2020-05-04T07:47:30","modified_gmt":"2020-05-04T07:47:30","slug":"ltu-annonce-une-premiere-levee-de-fonds-en-serie-a-de-45-millions-deuros-pour-accelerer-sa-croissance","status":"publish","type":"post","link":"https:\/\/generate.fr\/en\/ltu-annonce-une-premiere-levee-de-fonds-en-serie-a-de-45-millions-deuros-pour-accelerer-sa-croissance\/","title":{"rendered":"LTU annonce une premi\u00e8re lev\u00e9e de fonds en s\u00e9rie A de 4,5 millions d'euros pour acc\u00e9l\u00e9rer sa croissance"},"content":{"rendered":"<p class=\"p1\">Dans le contexte in\u00e9dit de la crise sanitaire mondiale, l'usage de la reconnaissance visuelle conna\u00eet une forte croissance li\u00e9e entre autres aux tensions sur la demande de produits, ainsi qu'aux effets du confinement. Elle permet notamment aux marques de contr\u00f4ler la pr\u00e9sence en ligne de leurs produits et lutter ainsi contre les fili\u00e8res de la contrefa\u00e7on, particuli\u00e8rement actives sur des produits sensibles comme les m\u00e9dicaments li\u00e9s au traitement du covid-19, ou sur le mat\u00e9riel m\u00e9dical. La reconnaissance visuelle permet \u00e9galement aux collaborateurs, \u00e9l\u00e8ves et \u00e9tudiants de reconna\u00eetre via leur smartphone des manuels ou livres et acc\u00e9der ainsi \u00e0 des contenus digitalis\u00e9s afin de poursuivre leur formation en p\u00e9riode de confinement.<\/p>\n<p class=\"p1\">Lanc\u00e9e en 2018, LTU est le fruit de la fusion des startups ONprint et MyPack, et de Jastec France concepteur des algorithmes de reconnaissance d\u2019image. La startup d\u00e9veloppe une plateforme de vision par ordinateur qui g\u00e9n\u00e8re une signature unique bas\u00e9e sur les caract\u00e9ristiques visuelles d'une image ou d'un objet, \u00e0 la mani\u00e8re d'une carte d'identit\u00e9. Cette combinaison technologique in\u00e9dite assure sa d\u00e9tection et son identification en un temps record sans avoir recours \u00e0 l'entrainement fastidieux d'un mod\u00e8le d'apprentissage supervis\u00e9. Les audits techniques ont confirm\u00e9 la puissance des algorithmes d\u00e9velopp\u00e9s par l'\u00e9quipe de LTU. Cette solution s\u2019adresse \u00e0 de nombreux secteurs comme la protection de marques, la sant\u00e9 ou encore la maintenance industrielle. LTU rend sa plateforme accessible en SaaS mais la propose aussi sous forme de licence d\u00e9ployable en local pour r\u00e9pondre aux besoins des grands comptes de plus en plus soucieux de prot\u00e9ger leurs donn\u00e9es sensibles.<\/p>\n<p class=\"p1\">Aux investisseurs historiques, \u00e0 savoir Olivier Gravet et Gilles Pingeot (Digital Packaging), se sont associ\u00e9s les fonds Alliance Entreprendre (Natixis), la caisse de Cr\u00e9dit Agricole de Pyr\u00e9n\u00e9es Gascogne, Grand Sud-Ouest Innovation et le fond MyWind.<\/p>\n<p class=\"p1\">\u00ab <em>LTU c\u2019est la technologie de reconnaissance d\u2019images la plus aboutie et la plus comp\u00e9titive au niveau Europ\u00e9en. Ses concurrents sont essentiellement Isra\u00e9liens et Am\u00e9ricains. L\u2019\u00e9mergence d\u2019une technologie de reconnaissance d\u2019images souveraine europ\u00e9enne trouve une r\u00e9sonnance exacerb\u00e9e dans cette p\u00e9riode tr\u00e8s particuli\u00e8re et nous sommes ravis de participer \u00e0 son d\u00e9veloppemen<\/em>t \u00bb. Antoine Bodet, Alliance Entreprendre<\/p>\n<p class=\"p1\">Dans le cadre de cette lev\u00e9e de fonds, LTU ambitionne de d\u00e9velopper ses efforts de R&amp;D pour \u00e9largir l'\u00e9tendue des images et objets reconnus, r\u00e9pondant \u00e0 des probl\u00e8mes d\u2019applications sp\u00e9cifiques comme la reconnaissance de pi\u00e8ces industrielles. R\u00e9alisant 47% de son chiffre d'affaires \u00e0 l'international, LTU souhaite \u00e9galement renforcer son \u00e9quipe de vente pour aborder ses nouveaux enjeux de croissance.<\/p>\n<p>Source : GENERATE<\/p>\n","protected":false},"excerpt":{"rendered":"<p>Dans le contexte in\u00e9dit de la crise sanitaire mondiale, l'usage de la reconnaissance visuelle conna\u00eet une forte croissance li\u00e9e entre autres aux tensions sur la demande de produits, ainsi qu'aux effets du confinement. Elle permet notamment aux marques de contr\u00f4ler la pr\u00e9sence en ligne de leurs produits et lutter ainsi contre les fili\u00e8res de la [&hellip;]<\/p>\n","protected":false},"author":2,"featured_media":3295,"comment_status":"open","ping_status":"open","sticky":false,"template":"","format":"standard","meta":{"footnotes":""},"categories":[7],"tags":[167],"class_list":["post-3294","post","type-post","status-publish","format-standard","has-post-thumbnail","hentry","category-articles-itw","tag-ltu-tech","post-wrapper"],"yoast_head":"<!-- This site is optimized with the Yoast SEO plugin v27.4 - https:\/\/yoast.com\/product\/yoast-seo-wordpress\/ -->\n<title>LTU annonce une premi\u00e8re lev\u00e9e de fonds en s\u00e9rie A de 4,5 millions d&#039;euros pour acc\u00e9l\u00e9rer sa croissance - GENERATE<\/title>\n<meta name=\"robots\" content=\"index, follow, max-snippet:-1, max-image-preview:large, max-video-preview:-1\" \/>\n<link rel=\"canonical\" href=\"https:\/\/generate.fr\/ltu-annonce-une-premiere-levee-de-fonds-en-serie-a-de-45-millions-deuros-pour-accelerer-sa-croissance\/\" \/>\n<meta property=\"og:locale\" content=\"en_US\" \/>\n<meta property=\"og:type\" content=\"article\" \/>\n<meta property=\"og:title\" content=\"LTU annonce une premi\u00e8re lev\u00e9e de fonds en s\u00e9rie A de 4,5 millions d&#039;euros pour acc\u00e9l\u00e9rer sa croissance - GENERATE\" \/>\n<meta property=\"og:description\" content=\"Dans le contexte in\u00e9dit de la crise sanitaire mondiale, l&#039;usage de la reconnaissance visuelle conna\u00eet une forte croissance li\u00e9e entre autres aux tensions sur la demande de produits, ainsi qu&#039;aux effets du confinement. Elle permet notamment aux marques de contr\u00f4ler la pr\u00e9sence en ligne de leurs produits et lutter ainsi contre les fili\u00e8res de la\" \/>\n<meta property=\"og:url\" content=\"https:\/\/generate.fr\/ltu-annonce-une-premiere-levee-de-fonds-en-serie-a-de-45-millions-deuros-pour-accelerer-sa-croissance\/\" \/>\n<meta property=\"og:site_name\" content=\"GENERATE\" \/>\n<meta property=\"article:published_time\" content=\"2020-05-04T07:47:30+00:00\" \/>\n<meta property=\"og:image\" content=\"https:\/\/generate.fr\/wp-content\/uploads\/2020\/05\/Image-Recognition-Market.jpg\" \/>\n\t<meta property=\"og:image:width\" content=\"1024\" \/>\n\t<meta property=\"og:image:height\" content=\"483\" \/>\n\t<meta property=\"og:image:type\" content=\"image\/jpeg\" \/>\n<meta name=\"author\" content=\"Thomas Kolbe\" \/>\n<meta name=\"twitter:card\" content=\"summary_large_image\" \/>\n<meta name=\"twitter:label1\" content=\"Written by\" \/>\n\t<meta name=\"twitter:data1\" content=\"Thomas Kolbe\" \/>\n\t<meta name=\"twitter:label2\" content=\"Est. reading time\" \/>\n\t<meta name=\"twitter:data2\" content=\"2 minutes\" \/>\n<script type=\"application\/ld+json\" class=\"yoast-schema-graph\">{\"@context\":\"https:\\\/\\\/schema.org\",\"@graph\":[{\"@type\":\"Article\",\"@id\":\"https:\\\/\\\/generate.fr\\\/ltu-annonce-une-premiere-levee-de-fonds-en-serie-a-de-45-millions-deuros-pour-accelerer-sa-croissance\\\/#article\",\"isPartOf\":{\"@id\":\"https:\\\/\\\/generate.fr\\\/ltu-annonce-une-premiere-levee-de-fonds-en-serie-a-de-45-millions-deuros-pour-accelerer-sa-croissance\\\/\"},\"author\":{\"name\":\"Thomas Kolbe\",\"@id\":\"https:\\\/\\\/generate.fr\\\/#\\\/schema\\\/person\\\/2895efb6d641efb3170ace8678ace18c\"},\"headline\":\"LTU annonce une premi\u00e8re lev\u00e9e de fonds en s\u00e9rie A de 4,5 millions d'euros pour acc\u00e9l\u00e9rer sa croissance\",\"datePublished\":\"2020-05-04T07:47:30+00:00\",\"mainEntityOfPage\":{\"@id\":\"https:\\\/\\\/generate.fr\\\/ltu-annonce-une-premiere-levee-de-fonds-en-serie-a-de-45-millions-deuros-pour-accelerer-sa-croissance\\\/\"},\"wordCount\":498,\"commentCount\":0,\"publisher\":{\"@id\":\"https:\\\/\\\/generate.fr\\\/#organization\"},\"image\":{\"@id\":\"https:\\\/\\\/generate.fr\\\/ltu-annonce-une-premiere-levee-de-fonds-en-serie-a-de-45-millions-deuros-pour-accelerer-sa-croissance\\\/#primaryimage\"},\"thumbnailUrl\":\"https:\\\/\\\/generate.fr\\\/wp-content\\\/uploads\\\/2020\\\/05\\\/Image-Recognition-Market.jpg\",\"keywords\":[\"LTU Tech\"],\"articleSection\":[\"Articles &amp; ITW\"],\"inLanguage\":\"en-US\",\"potentialAction\":[{\"@type\":\"CommentAction\",\"name\":\"Comment\",\"target\":[\"https:\\\/\\\/generate.fr\\\/ltu-annonce-une-premiere-levee-de-fonds-en-serie-a-de-45-millions-deuros-pour-accelerer-sa-croissance\\\/#respond\"]}]},{\"@type\":\"WebPage\",\"@id\":\"https:\\\/\\\/generate.fr\\\/ltu-annonce-une-premiere-levee-de-fonds-en-serie-a-de-45-millions-deuros-pour-accelerer-sa-croissance\\\/\",\"url\":\"https:\\\/\\\/generate.fr\\\/ltu-annonce-une-premiere-levee-de-fonds-en-serie-a-de-45-millions-deuros-pour-accelerer-sa-croissance\\\/\",\"name\":\"LTU annonce une premi\u00e8re lev\u00e9e de fonds en s\u00e9rie A de 4,5 millions d'euros pour acc\u00e9l\u00e9rer sa croissance - GENERATE\",\"isPartOf\":{\"@id\":\"https:\\\/\\\/generate.fr\\\/#website\"},\"primaryImageOfPage\":{\"@id\":\"https:\\\/\\\/generate.fr\\\/ltu-annonce-une-premiere-levee-de-fonds-en-serie-a-de-45-millions-deuros-pour-accelerer-sa-croissance\\\/#primaryimage\"},\"image\":{\"@id\":\"https:\\\/\\\/generate.fr\\\/ltu-annonce-une-premiere-levee-de-fonds-en-serie-a-de-45-millions-deuros-pour-accelerer-sa-croissance\\\/#primaryimage\"},\"thumbnailUrl\":\"https:\\\/\\\/generate.fr\\\/wp-content\\\/uploads\\\/2020\\\/05\\\/Image-Recognition-Market.jpg\",\"datePublished\":\"2020-05-04T07:47:30+00:00\",\"breadcrumb\":{\"@id\":\"https:\\\/\\\/generate.fr\\\/ltu-annonce-une-premiere-levee-de-fonds-en-serie-a-de-45-millions-deuros-pour-accelerer-sa-croissance\\\/#breadcrumb\"},\"inLanguage\":\"en-US\",\"potentialAction\":[{\"@type\":\"ReadAction\",\"target\":[\"https:\\\/\\\/generate.fr\\\/ltu-annonce-une-premiere-levee-de-fonds-en-serie-a-de-45-millions-deuros-pour-accelerer-sa-croissance\\\/\"]}]},{\"@type\":\"ImageObject\",\"inLanguage\":\"en-US\",\"@id\":\"https:\\\/\\\/generate.fr\\\/ltu-annonce-une-premiere-levee-de-fonds-en-serie-a-de-45-millions-deuros-pour-accelerer-sa-croissance\\\/#primaryimage\",\"url\":\"https:\\\/\\\/generate.fr\\\/wp-content\\\/uploads\\\/2020\\\/05\\\/Image-Recognition-Market.jpg\",\"contentUrl\":\"https:\\\/\\\/generate.fr\\\/wp-content\\\/uploads\\\/2020\\\/05\\\/Image-Recognition-Market.jpg\",\"width\":1024,\"height\":483},{\"@type\":\"BreadcrumbList\",\"@id\":\"https:\\\/\\\/generate.fr\\\/ltu-annonce-une-premiere-levee-de-fonds-en-serie-a-de-45-millions-deuros-pour-accelerer-sa-croissance\\\/#breadcrumb\",\"itemListElement\":[{\"@type\":\"ListItem\",\"position\":1,\"name\":\"Accueil\",\"item\":\"https:\\\/\\\/generate.fr\\\/\"},{\"@type\":\"ListItem\",\"position\":2,\"name\":\"LTU annonce une premi\u00e8re lev\u00e9e de fonds en s\u00e9rie A de 4,5 millions d'euros pour acc\u00e9l\u00e9rer sa croissance\"}]},{\"@type\":\"WebSite\",\"@id\":\"https:\\\/\\\/generate.fr\\\/#website\",\"url\":\"https:\\\/\\\/generate.fr\\\/\",\"name\":\"GENERATE\",\"description\":\"Acc\u00e9l\u00e9rateur d&#039;innovation pour la D\u00e9fense et la S\u00e9curit\u00e9\",\"publisher\":{\"@id\":\"https:\\\/\\\/generate.fr\\\/#organization\"},\"potentialAction\":[{\"@type\":\"SearchAction\",\"target\":{\"@type\":\"EntryPoint\",\"urlTemplate\":\"https:\\\/\\\/generate.fr\\\/?s={search_term_string}\"},\"query-input\":{\"@type\":\"PropertyValueSpecification\",\"valueRequired\":true,\"valueName\":\"search_term_string\"}}],\"inLanguage\":\"en-US\"},{\"@type\":\"Organization\",\"@id\":\"https:\\\/\\\/generate.fr\\\/#organization\",\"name\":\"Generate\",\"url\":\"https:\\\/\\\/generate.fr\\\/\",\"logo\":{\"@type\":\"ImageObject\",\"inLanguage\":\"en-US\",\"@id\":\"https:\\\/\\\/generate.fr\\\/#\\\/schema\\\/logo\\\/image\\\/\",\"url\":\"https:\\\/\\\/generate.fr\\\/wp-content\\\/uploads\\\/2019\\\/05\\\/Generate.png\",\"contentUrl\":\"https:\\\/\\\/generate.fr\\\/wp-content\\\/uploads\\\/2019\\\/05\\\/Generate.png\",\"width\":1000,\"height\":316,\"caption\":\"Generate\"},\"image\":{\"@id\":\"https:\\\/\\\/generate.fr\\\/#\\\/schema\\\/logo\\\/image\\\/\"},\"sameAs\":[\"https:\\\/\\\/www.youtube.com\\\/channel\\\/UCsoYfr1MZdZT2bqI7CNN1Rw\"]},{\"@type\":\"Person\",\"@id\":\"https:\\\/\\\/generate.fr\\\/#\\\/schema\\\/person\\\/2895efb6d641efb3170ace8678ace18c\",\"name\":\"Thomas Kolbe\",\"image\":{\"@type\":\"ImageObject\",\"inLanguage\":\"en-US\",\"@id\":\"https:\\\/\\\/secure.gravatar.com\\\/avatar\\\/528dc96708c82c0f0c26eba076b7ff225f08450c6a1be4d0b029763b2d76ef7a?s=96&d=mm&r=g\",\"url\":\"https:\\\/\\\/secure.gravatar.com\\\/avatar\\\/528dc96708c82c0f0c26eba076b7ff225f08450c6a1be4d0b029763b2d76ef7a?s=96&d=mm&r=g\",\"contentUrl\":\"https:\\\/\\\/secure.gravatar.com\\\/avatar\\\/528dc96708c82c0f0c26eba076b7ff225f08450c6a1be4d0b029763b2d76ef7a?s=96&d=mm&r=g\",\"caption\":\"Thomas Kolbe\"},\"url\":\"https:\\\/\\\/generate.fr\\\/en\\\/author\\\/editeur\\\/\"}]}<\/script>\n<!-- \/ Yoast SEO plugin. -->","yoast_head_json":{"title":"LTU annonce une premi\u00e8re lev\u00e9e de fonds en s\u00e9rie A de 4,5 millions d'euros pour acc\u00e9l\u00e9rer sa croissance - GENERATE","robots":{"index":"index","follow":"follow","max-snippet":"max-snippet:-1","max-image-preview":"max-image-preview:large","max-video-preview":"max-video-preview:-1"},"canonical":"https:\/\/generate.fr\/ltu-annonce-une-premiere-levee-de-fonds-en-serie-a-de-45-millions-deuros-pour-accelerer-sa-croissance\/","og_locale":"en_US","og_type":"article","og_title":"LTU annonce une premi\u00e8re lev\u00e9e de fonds en s\u00e9rie A de 4,5 millions d'euros pour acc\u00e9l\u00e9rer sa croissance - GENERATE","og_description":"Dans le contexte in\u00e9dit de la crise sanitaire mondiale, l'usage de la reconnaissance visuelle conna\u00eet une forte croissance li\u00e9e entre autres aux tensions sur la demande de produits, ainsi qu'aux effets du confinement. Elle permet notamment aux marques de contr\u00f4ler la pr\u00e9sence en ligne de leurs produits et lutter ainsi contre les fili\u00e8res de la","og_url":"https:\/\/generate.fr\/ltu-annonce-une-premiere-levee-de-fonds-en-serie-a-de-45-millions-deuros-pour-accelerer-sa-croissance\/","og_site_name":"GENERATE","article_published_time":"2020-05-04T07:47:30+00:00","og_image":[{"width":1024,"height":483,"url":"https:\/\/generate.fr\/wp-content\/uploads\/2020\/05\/Image-Recognition-Market.jpg","type":"image\/jpeg"}],"author":"Thomas Kolbe","twitter_card":"summary_large_image","twitter_misc":{"Written by":"Thomas Kolbe","Est. reading time":"2 minutes"},"schema":{"@context":"https:\/\/schema.org","@graph":[{"@type":"Article","@id":"https:\/\/generate.fr\/ltu-annonce-une-premiere-levee-de-fonds-en-serie-a-de-45-millions-deuros-pour-accelerer-sa-croissance\/#article","isPartOf":{"@id":"https:\/\/generate.fr\/ltu-annonce-une-premiere-levee-de-fonds-en-serie-a-de-45-millions-deuros-pour-accelerer-sa-croissance\/"},"author":{"name":"Thomas Kolbe","@id":"https:\/\/generate.fr\/#\/schema\/person\/2895efb6d641efb3170ace8678ace18c"},"headline":"LTU annonce une premi\u00e8re lev\u00e9e de fonds en s\u00e9rie A de 4,5 millions d'euros pour acc\u00e9l\u00e9rer sa croissance","datePublished":"2020-05-04T07:47:30+00:00","mainEntityOfPage":{"@id":"https:\/\/generate.fr\/ltu-annonce-une-premiere-levee-de-fonds-en-serie-a-de-45-millions-deuros-pour-accelerer-sa-croissance\/"},"wordCount":498,"commentCount":0,"publisher":{"@id":"https:\/\/generate.fr\/#organization"},"image":{"@id":"https:\/\/generate.fr\/ltu-annonce-une-premiere-levee-de-fonds-en-serie-a-de-45-millions-deuros-pour-accelerer-sa-croissance\/#primaryimage"},"thumbnailUrl":"https:\/\/generate.fr\/wp-content\/uploads\/2020\/05\/Image-Recognition-Market.jpg","keywords":["LTU Tech"],"articleSection":["Articles &amp; ITW"],"inLanguage":"en-US","potentialAction":[{"@type":"CommentAction","name":"Comment","target":["https:\/\/generate.fr\/ltu-annonce-une-premiere-levee-de-fonds-en-serie-a-de-45-millions-deuros-pour-accelerer-sa-croissance\/#respond"]}]},{"@type":"WebPage","@id":"https:\/\/generate.fr\/ltu-annonce-une-premiere-levee-de-fonds-en-serie-a-de-45-millions-deuros-pour-accelerer-sa-croissance\/","url":"https:\/\/generate.fr\/ltu-annonce-une-premiere-levee-de-fonds-en-serie-a-de-45-millions-deuros-pour-accelerer-sa-croissance\/","name":"LTU annonce une premi\u00e8re lev\u00e9e de fonds en s\u00e9rie A de 4,5 millions d'euros pour acc\u00e9l\u00e9rer sa croissance - GENERATE","isPartOf":{"@id":"https:\/\/generate.fr\/#website"},"primaryImageOfPage":{"@id":"https:\/\/generate.fr\/ltu-annonce-une-premiere-levee-de-fonds-en-serie-a-de-45-millions-deuros-pour-accelerer-sa-croissance\/#primaryimage"},"image":{"@id":"https:\/\/generate.fr\/ltu-annonce-une-premiere-levee-de-fonds-en-serie-a-de-45-millions-deuros-pour-accelerer-sa-croissance\/#primaryimage"},"thumbnailUrl":"https:\/\/generate.fr\/wp-content\/uploads\/2020\/05\/Image-Recognition-Market.jpg","datePublished":"2020-05-04T07:47:30+00:00","breadcrumb":{"@id":"https:\/\/generate.fr\/ltu-annonce-une-premiere-levee-de-fonds-en-serie-a-de-45-millions-deuros-pour-accelerer-sa-croissance\/#breadcrumb"},"inLanguage":"en-US","potentialAction":[{"@type":"ReadAction","target":["https:\/\/generate.fr\/ltu-annonce-une-premiere-levee-de-fonds-en-serie-a-de-45-millions-deuros-pour-accelerer-sa-croissance\/"]}]},{"@type":"ImageObject","inLanguage":"en-US","@id":"https:\/\/generate.fr\/ltu-annonce-une-premiere-levee-de-fonds-en-serie-a-de-45-millions-deuros-pour-accelerer-sa-croissance\/#primaryimage","url":"https:\/\/generate.fr\/wp-content\/uploads\/2020\/05\/Image-Recognition-Market.jpg","contentUrl":"https:\/\/generate.fr\/wp-content\/uploads\/2020\/05\/Image-Recognition-Market.jpg","width":1024,"height":483},{"@type":"BreadcrumbList","@id":"https:\/\/generate.fr\/ltu-annonce-une-premiere-levee-de-fonds-en-serie-a-de-45-millions-deuros-pour-accelerer-sa-croissance\/#breadcrumb","itemListElement":[{"@type":"ListItem","position":1,"name":"Accueil","item":"https:\/\/generate.fr\/"},{"@type":"ListItem","position":2,"name":"LTU annonce une premi\u00e8re lev\u00e9e de fonds en s\u00e9rie A de 4,5 millions d'euros pour acc\u00e9l\u00e9rer sa croissance"}]},{"@type":"WebSite","@id":"https:\/\/generate.fr\/#website","url":"https:\/\/generate.fr\/","name":"GENERATE","description":"Acc\u00e9l\u00e9rateur d&#039;innovation pour la D\u00e9fense et la S\u00e9curit\u00e9","publisher":{"@id":"https:\/\/generate.fr\/#organization"},"potentialAction":[{"@type":"SearchAction","target":{"@type":"EntryPoint","urlTemplate":"https:\/\/generate.fr\/?s={search_term_string}"},"query-input":{"@type":"PropertyValueSpecification","valueRequired":true,"valueName":"search_term_string"}}],"inLanguage":"en-US"},{"@type":"Organization","@id":"https:\/\/generate.fr\/#organization","name":"Generate","url":"https:\/\/generate.fr\/","logo":{"@type":"ImageObject","inLanguage":"en-US","@id":"https:\/\/generate.fr\/#\/schema\/logo\/image\/","url":"https:\/\/generate.fr\/wp-content\/uploads\/2019\/05\/Generate.png","contentUrl":"https:\/\/generate.fr\/wp-content\/uploads\/2019\/05\/Generate.png","width":1000,"height":316,"caption":"Generate"},"image":{"@id":"https:\/\/generate.fr\/#\/schema\/logo\/image\/"},"sameAs":["https:\/\/www.youtube.com\/channel\/UCsoYfr1MZdZT2bqI7CNN1Rw"]},{"@type":"Person","@id":"https:\/\/generate.fr\/#\/schema\/person\/2895efb6d641efb3170ace8678ace18c","name":"Thomas Kolbe","image":{"@type":"ImageObject","inLanguage":"en-US","@id":"https:\/\/secure.gravatar.com\/avatar\/528dc96708c82c0f0c26eba076b7ff225f08450c6a1be4d0b029763b2d76ef7a?s=96&d=mm&r=g","url":"https:\/\/secure.gravatar.com\/avatar\/528dc96708c82c0f0c26eba076b7ff225f08450c6a1be4d0b029763b2d76ef7a?s=96&d=mm&r=g","contentUrl":"https:\/\/secure.gravatar.com\/avatar\/528dc96708c82c0f0c26eba076b7ff225f08450c6a1be4d0b029763b2d76ef7a?s=96&d=mm&r=g","caption":"Thomas Kolbe"},"url":"https:\/\/generate.fr\/en\/author\/editeur\/"}]}},"_links":{"self":[{"href":"https:\/\/generate.fr\/en\/wp-json\/wp\/v2\/posts\/3294","targetHints":{"allow":["GET"]}}],"collection":[{"href":"https:\/\/generate.fr\/en\/wp-json\/wp\/v2\/posts"}],"about":[{"href":"https:\/\/generate.fr\/en\/wp-json\/wp\/v2\/types\/post"}],"author":[{"embeddable":true,"href":"https:\/\/generate.fr\/en\/wp-json\/wp\/v2\/users\/2"}],"replies":[{"embeddable":true,"href":"https:\/\/generate.fr\/en\/wp-json\/wp\/v2\/comments?post=3294"}],"version-history":[{"count":1,"href":"https:\/\/generate.fr\/en\/wp-json\/wp\/v2\/posts\/3294\/revisions"}],"predecessor-version":[{"id":3297,"href":"https:\/\/generate.fr\/en\/wp-json\/wp\/v2\/posts\/3294\/revisions\/3297"}],"wp:featuredmedia":[{"embeddable":true,"href":"https:\/\/generate.fr\/en\/wp-json\/wp\/v2\/media\/3295"}],"wp:attachment":[{"href":"https:\/\/generate.fr\/en\/wp-json\/wp\/v2\/media?parent=3294"}],"wp:term":[{"taxonomy":"category","embeddable":true,"href":"https:\/\/generate.fr\/en\/wp-json\/wp\/v2\/categories?post=3294"},{"taxonomy":"post_tag","embeddable":true,"href":"https:\/\/generate.fr\/en\/wp-json\/wp\/v2\/tags?post=3294"}],"curies":[{"name":"wp","href":"https:\/\/api.w.org\/{rel}","templated":true}]}}