{"id":3329,"date":"2020-06-07T05:24:05","date_gmt":"2020-06-07T05:24:05","guid":{"rendered":"https:\/\/generate.fr\/?p=3329"},"modified":"2020-06-07T05:24:05","modified_gmt":"2020-06-07T05:24:05","slug":"comment-olvid-entrevoit-lavenir-de-sa-messagerie-securisee","status":"publish","type":"post","link":"https:\/\/generate.fr\/en\/comment-olvid-entrevoit-lavenir-de-sa-messagerie-securisee\/","title":{"rendered":"Comment Olvid entrevoit l\u2019avenir de sa messagerie s\u00e9curis\u00e9e"},"content":{"rendered":"<p><strong>La jeune pousse fran\u00e7aise pr\u00e9pare l\u2019arriv\u00e9e de la vid\u00e9o et de l\u2019audio, mais \u00e9galement du support de clients multiples \u2013 notamment pour le poste de travail \u2013 et encore de celui des d\u00e9ploiements d\u2019entreprise en lien avec l\u2019annuaire.<\/strong><\/p>\n<p>Cela fera bient\u00f4t 3 ans que Thomas Baign\u00e8res, Matthieu Finiasz \u2013\u00a0tous deux docteurs en cryptographie, le second co-fondateur de CybelAngel\u00a0\u2013, Jacques-Andr\u00e9\u00a0Bondy et C\u00e9dric\u00a0Sylvestre ont cr\u00e9\u00e9 Olvid, une jeune pousse fran\u00e7aise \u00e0 l\u2019ambition affich\u00e9e d\u2019offrir une alternative robuste et hautement s\u00e9curis\u00e9e aux\u00a0<a href=\"https:\/\/www.lemagit.fr\/actualites\/252458733\/Les-messageries-electroniques-vecteurs-de-tant-de-cybermenaces\">messageries \u00e9lectroniques<\/a>\u00a0du march\u00e9 \u2013\u00a0que ce soit WhatsApp et Telegram, mais aussi Signal, et m\u00eame Wire, Wickr ou encore Threema.\u00a0<a href=\"https:\/\/www.olvid.io\/en\/\">Olvid<\/a>\u00a0a notamment \u00e9t\u00e9 distingu\u00e9e en ouverture de l\u2019\u00e9dition\u00a02020 du Forum International de la Cybers\u00e9curit\u00e9, fin janvier \u00e0 Lille.<\/p>\n<p>C\u00e9dric\u00a0Sylvestre raconte que l\u2019aventure a commenc\u00e9 lorsque Thomas\u00a0Baign\u00e8res et Matthieu\u00a0Finiasz ont d\u00e9cid\u00e9 de se pencher sur l\u2019architecture des messageries instantan\u00e9es, afin de chercher \u00e0 savoir s\u2019ils pouvaient leur faire confiance pour \u00e9changer des informations sensibles. De cet examen est ressorti ce qu\u2019ils ont identifi\u00e9 comme des points critiques majeurs\u00a0: la\u00a0<a href=\"https:\/\/whatis.techtarget.com\/fr\/definition\/Base-de-donnees\">base de donn\u00e9es<\/a>\u00a0\u00e0 partir de laquelle les messageries identifient les correspondants, \u00e0 partir de leurs num\u00e9ros de t\u00e9l\u00e9phone, d\u2019une part, et le m\u00e9canisme de gestion de l\u2019identit\u00e9 bas\u00e9 sur le seul num\u00e9ro de t\u00e9l\u00e9phone.<\/p>\n<p>\u00ab\u00a0Ce serveur pose probl\u00e8me parce qu\u2019il est tout puissant\u00a0\u00bb, indique C\u00e9dric\u00a0Sylvestre, \u00e9voquant des risques d\u2019interception ou de compromission. Et la gestion des identit\u00e9s sur la seule base des num\u00e9ros de t\u00e9l\u00e9phone peut se r\u00e9v\u00e9ler peu robuste, notamment avec le risque de\u00a0<em>SIM swapping<\/em>.<\/p>\n<p>Olvid n\u2019utilise au contraire pas d\u2019annuaire \u2013\u00a0et assure le\u00a0<a href=\"https:\/\/www.lemagit.fr\/definition\/Chiffrement\">chiffrement<\/a>\u00a0de toutes les\u00a0<a href=\"https:\/\/whatis.techtarget.com\/fr\/definition\/Metadonnees\">m\u00e9tadonn\u00e9es<\/a>. D\u2019ailleurs, impossible de savoir si ses contacts l\u2019utilisent sur la seule base de leur num\u00e9ro de t\u00e9l\u00e9phone\u00a0: les \u00e9changes n\u2019ont vocation qu\u2019\u00e0 avoir lieu dans un cercle de confiance. \u00ab\u00a0Nous avons choisi de baser la mise en relation sur la confiance que s\u2019accordent les personnes, sans passer par un tiers\u00a0\u00bb. Dans la pratique, l\u2019utilisateur pr\u00e9sente \u00e0 ses correspondants potentiels un code QR correspondant \u00e0 un identifiant qui lui est exclusif.<\/p>\n<section class=\"section main-article-chapter\" data-menu-title=\"L\u2019audio et la vid\u00e9o arrivent prochainement\">\n<h3 class=\"section-title\">L\u2019audio et la vid\u00e9o arrivent prochainement<\/h3>\n<p>Alors certes, certaines plateformes de messagerie permettent le d\u00e9ploiement de serveurs sur ses propres infrastructures, \u00e0 l\u2019instar d\u2019un Matrix\/Riot par exemple, mais \u00e9galement Wire et Wickr. Mais C\u00e9dric\u00a0Sylvestre avance de potentielles difficult\u00e9s\u00a0et risques, li\u00e9s \u00e0 l\u2019ouverture de comptes d\u00e9di\u00e9s \u00e0 des tiers externes \u00e0 l\u2019organisation. Ce que permet d\u2019\u00e9viter Olvid\u00a0: \u00ab\u00a0le premier cas d\u2019usage que l\u2019on a observ\u00e9, c\u2019est la gestion de crise, quand le syst\u00e8me d\u2019information est tomb\u00e9 ou d\u00e9grad\u00e9\u00a0\u00bb.<\/p>\n<p>Aujourd\u2019hui, toutefois, Olvid affiche un \u00e9ventail fonctionnel en retrait de ses concurrents. Mais la jeune pousse s\u2019attelle d\u2019arrache-pied \u00e0 y rem\u00e9dier. Matthieu\u00a0Finiasz explique ainsi, que la prochaine grosse nouveaut\u00e9 \u00e0 venir sera l\u2019audio et la vid\u00e9o s\u00e9curis\u00e9s, mais tout d\u2019abord limit\u00e9s \u00e0 des \u00e9changes \u00e0 deux. Et cela permettra, dans un premier temps, d\u2019\u00e9viter de chercher une r\u00e9ponse technique\u00a0<a href=\"https:\/\/www.lemagit.fr\/conseil\/WebRTC-quelles-differences-entre-les-architectures-Mesh-MCU-et-SFU\">aux questions d\u2019architecture<\/a>\u00a0li\u00e9es aux conversations \u00e0 plusieurs avec chiffrement de bout en bout\u00a0: \u00ab\u00a0on veut retrouver le m\u00eame niveau de s\u00e9curit\u00e9 dans les communications vocales que pour le canal texte\u00a0\u00bb.<\/p>\n<p><a href=\"https:\/\/www.lemagit.fr\/conseil\/WebRTC-quelles-differences-entre-les-architectures-Mesh-MCU-et-SFU\">WebRTC<\/a>\u00a0sera utilis\u00e9, mais en faisant passer la signalisation par le canal s\u00e9curis\u00e9 d\u00e9j\u00e0 existant aujourd\u2019hui, et sans faire de pair-\u00e0-pair\u00a0: les communications transiteront par un serveur central.<\/p>\n<\/section>\n<section class=\"section main-article-chapter\" data-menu-title=\"De nouveaux outils clients\">\n<h3 class=\"section-title\">De nouveaux outils clients<\/h3>\n<p>Pour maintenir le chiffrement de bout en bout \u00e0 plus de deux personnes, une astuce est envisag\u00e9e\u00a0: envoyer vers chaque participant l\u2019ensemble des flux audio \u2013 qui, \u00ab\u00a0suffisamment compress\u00e9s\u00a0\u00bb, peuvent ne pas consommer trop de\u00a0<a href=\"https:\/\/whatis.techtarget.com\/fr\/definition\/Bande-passante\">bande passante<\/a>\u00a0\u2013 mais limiter le flux vid\u00e9o descendant au seul participant en train de v\u00e9ritablement parler. \u00ab\u00a0Le syst\u00e8me mosa\u00efque avec les vid\u00e9os de tout le monde, on oublie\u00a0; on ne peut pas le faire avec du chiffrement de bout en bout\u00a0\u00bb, souligne Matthieu\u00a0Finiasz.<\/p>\n<p>Pour l\u2019heure, Olvid n\u2019est disponible que sur terminaux mobiles Android et iOS \u2013\u00a0non via une interface Web ou un client lourd. Et cela peut s\u2019av\u00e9rer p\u00e9nalisant \u00e0 l\u2019usage. Matthieu\u00a0Finiasz en est parfaitement conscient\u00a0: \u00ab\u00a0un d\u00e9veloppeur travaille actuellement au client lourd Windows, qui utilisera le moteur cryptographique \u00e9crit en Java du client Android\u00a0\u00bb.<\/p>\n<p>Mais cela implique de pouvoir g\u00e9rer l\u2019utilisation d\u2019un m\u00eame compte Olvid sur plusieurs terminaux. Ce qui n\u2019est pas encore le cas, quand bien m\u00eame \u00ab\u00a0le moteur est pr\u00e9vu pour cela depuis le d\u00e9but\u00a0\u00bb, car \u00ab\u00a0tout n\u2019a pas encore \u00e9t\u00e9 impl\u00e9ment\u00e9\u00a0\u00bb.<\/p>\n<p>En attendant, un client Web l\u00e9ger, rattach\u00e9 au t\u00e9l\u00e9phone\u00a0\u2013 \u00e0 l\u2019instar de WhatsApp for Web\u00a0\u2013 est en cours de pr\u00e9paration. La pr\u00e9f\u00e9rence va l\u00e0 au d\u00e9veloppement d\u2019extensions de navigateur afin de limiter le recours \u00e0 du t\u00e9l\u00e9chargement de code au chargement de la page\u00a0: \u00ab\u00a0les extensions sont sign\u00e9es, ce qui permet d\u2019\u00eatre s\u00fbr que le code n\u2019est pas modifi\u00e9 \u00e0 la vol\u00e9e\u00a0\u00bb.<\/p>\n<\/section>\n<section class=\"section main-article-chapter\" data-menu-title=\"G\u00e9rer les d\u00e9ploiements d\u2019entreprise\">\n<h3 class=\"section-title\">G\u00e9rer les d\u00e9ploiements d\u2019entreprise<\/h3>\n<p>Accessoirement, cette approche \u00ab\u00a0client l\u00e9ger\u00a0\u00bb connect\u00e9 peut mieux r\u00e9pondre \u00e0 certains besoins qu\u2019un client lourd, notamment dans les environnements avec ordinateurs partag\u00e9s, comme dans les h\u00f4pitaux, par exemple. Car l\u00e0, il n\u2019est pas question d\u2019avoir une identit\u00e9 li\u00e9e fortement \u00e0 un client lourd.<\/p>\n<p>Mais le mode de gestion des identit\u00e9s retenu par Olvid peut toutefois poser des difficult\u00e9s en entreprise\u00a0: comment provisionner les contacts internes \u00e0 l\u2019organisation d\u2019un utilisateur \u00e0 l\u2019installation de l\u2019application\u00a0? C\u2019est le troisi\u00e8me volet de la roadmap de la jeune pousse\u00a0: le lien avec l\u2019annuaire d\u2019entreprise.<\/p>\n<p>Matthieu Finiasz entrevoit l\u00e0 l\u2019int\u00e9gration avec le syst\u00e8me d\u2019administration de la mobilit\u00e9 d\u2019entreprise (<a href=\"https:\/\/whatis.techtarget.com\/fr\/definition\/EMM-Enterprise-mobility-management\">EMM<\/a>) pour pousser un fichier de configuration permettant ce provisionnement\u00a0: \u00ab\u00a0l\u2019id\u00e9e est de permettre d\u2019entrer en contact avec ses coll\u00e8gues sans avoir \u00e0 passer par un \u00e9change de codes, et de pouvoir directement acc\u00e9der \u00e0 des groupes pouss\u00e9s par l\u2019<a href=\"https:\/\/www.lemagit.fr\/definition\/Active-Directory\">Active Directory<\/a>\u00a0\u00bb.<\/p>\n<p>La r\u00e9flexion porte \u00e0 ce stade sur l\u2019utilisation de\u00a0<a href=\"https:\/\/www.keycloak.org\/\">Keycloak<\/a>\u00a0pour assurer la f\u00e9d\u00e9ration d\u2019identit\u00e9, via des cl\u00e9s publiques, entre l\u2019annuaire et l\u2019EMM \u2013\u00a0\u00e0 charge pour l\u2019entreprise de le d\u00e9ployer en interne. Et bien s\u00fbr, pas question d\u2019\u00e9crire sur l\u2019AD, mais de quoi se pr\u00e9parer et disposer d\u2019outils pr\u00eats pour faire face, par exemple, \u00e0 une situation de gestion de crise.<\/p>\n<p>C\u00e9dric\u00a0Sylvestre explique que l\u2019audio et la vid\u00e9o sont attendus en b\u00eata pour la fin juin, puis la commercialisation \u00e0 partir de septembre. Olvid commencera \u00e0 travailler sur le lien avec l\u2019AD durant l\u2019\u00e9t\u00e9. Les clients Web et Windows sont quant \u00e0 eux pr\u00e9vus pour la fin de l\u2019ann\u00e9e<\/p>\n<p><a href=\"https:\/\/www.lemagit.fr\/conseil\/Comment-Olvid-entrevoir-lavenir-de-sa-messagerie-securisee\">Source : Le MagIT<\/a><\/p>\n<\/section>\n","protected":false},"excerpt":{"rendered":"<p>La jeune pousse fran\u00e7aise pr\u00e9pare l\u2019arriv\u00e9e de la vid\u00e9o et de l\u2019audio, mais \u00e9galement du support de clients multiples \u2013 notamment pour le poste de travail \u2013 et encore de celui des d\u00e9ploiements d\u2019entreprise en lien avec l\u2019annuaire. Cela fera bient\u00f4t 3 ans que Thomas Baign\u00e8res, Matthieu Finiasz \u2013\u00a0tous deux docteurs en cryptographie, le second [&hellip;]<\/p>\n","protected":false},"author":2,"featured_media":3330,"comment_status":"open","ping_status":"open","sticky":false,"template":"","format":"standard","meta":{"footnotes":""},"categories":[7],"tags":[161],"class_list":["post-3329","post","type-post","status-publish","format-standard","has-post-thumbnail","hentry","category-articles-itw","tag-olvid","post-wrapper"],"yoast_head":"<!-- This site is optimized with the Yoast SEO plugin v27.4 - https:\/\/yoast.com\/product\/yoast-seo-wordpress\/ -->\n<title>Comment Olvid entrevoit l\u2019avenir de sa messagerie s\u00e9curis\u00e9e - GENERATE<\/title>\n<meta name=\"robots\" content=\"index, follow, max-snippet:-1, max-image-preview:large, max-video-preview:-1\" \/>\n<link rel=\"canonical\" href=\"https:\/\/generate.fr\/comment-olvid-entrevoit-lavenir-de-sa-messagerie-securisee\/\" \/>\n<meta property=\"og:locale\" content=\"en_US\" \/>\n<meta property=\"og:type\" content=\"article\" \/>\n<meta property=\"og:title\" content=\"Comment Olvid entrevoit l\u2019avenir de sa messagerie s\u00e9curis\u00e9e - GENERATE\" \/>\n<meta property=\"og:description\" content=\"La jeune pousse fran\u00e7aise pr\u00e9pare l\u2019arriv\u00e9e de la vid\u00e9o et de l\u2019audio, mais \u00e9galement du support de clients multiples \u2013 notamment pour le poste de travail \u2013 et encore de celui des d\u00e9ploiements d\u2019entreprise en lien avec l\u2019annuaire. Cela fera bient\u00f4t 3 ans que Thomas Baign\u00e8res, Matthieu Finiasz \u2013\u00a0tous deux docteurs en cryptographie, le second\" \/>\n<meta property=\"og:url\" content=\"https:\/\/generate.fr\/comment-olvid-entrevoit-lavenir-de-sa-messagerie-securisee\/\" \/>\n<meta property=\"og:site_name\" content=\"GENERATE\" \/>\n<meta property=\"article:published_time\" content=\"2020-06-07T05:24:05+00:00\" \/>\n<meta property=\"og:image\" content=\"https:\/\/generate.fr\/wp-content\/uploads\/2020\/06\/Capture-d\u2019e\u0301cran-2020-06-07-a\u0300-07.23.27.png\" \/>\n\t<meta property=\"og:image:width\" content=\"1916\" \/>\n\t<meta property=\"og:image:height\" content=\"1150\" \/>\n\t<meta property=\"og:image:type\" content=\"image\/png\" \/>\n<meta name=\"author\" content=\"Thomas Kolbe\" \/>\n<meta name=\"twitter:card\" content=\"summary_large_image\" \/>\n<meta name=\"twitter:label1\" content=\"Written by\" \/>\n\t<meta name=\"twitter:data1\" content=\"Thomas Kolbe\" \/>\n\t<meta name=\"twitter:label2\" content=\"Est. reading time\" \/>\n\t<meta name=\"twitter:data2\" content=\"6 minutes\" \/>\n<script type=\"application\/ld+json\" class=\"yoast-schema-graph\">{\"@context\":\"https:\\\/\\\/schema.org\",\"@graph\":[{\"@type\":\"Article\",\"@id\":\"https:\\\/\\\/generate.fr\\\/comment-olvid-entrevoit-lavenir-de-sa-messagerie-securisee\\\/#article\",\"isPartOf\":{\"@id\":\"https:\\\/\\\/generate.fr\\\/comment-olvid-entrevoit-lavenir-de-sa-messagerie-securisee\\\/\"},\"author\":{\"name\":\"Thomas Kolbe\",\"@id\":\"https:\\\/\\\/generate.fr\\\/#\\\/schema\\\/person\\\/2895efb6d641efb3170ace8678ace18c\"},\"headline\":\"Comment Olvid entrevoit l\u2019avenir de sa messagerie s\u00e9curis\u00e9e\",\"datePublished\":\"2020-06-07T05:24:05+00:00\",\"mainEntityOfPage\":{\"@id\":\"https:\\\/\\\/generate.fr\\\/comment-olvid-entrevoit-lavenir-de-sa-messagerie-securisee\\\/\"},\"wordCount\":1208,\"commentCount\":0,\"publisher\":{\"@id\":\"https:\\\/\\\/generate.fr\\\/#organization\"},\"image\":{\"@id\":\"https:\\\/\\\/generate.fr\\\/comment-olvid-entrevoit-lavenir-de-sa-messagerie-securisee\\\/#primaryimage\"},\"thumbnailUrl\":\"https:\\\/\\\/generate.fr\\\/wp-content\\\/uploads\\\/2020\\\/06\\\/Capture-d\u2019e\u0301cran-2020-06-07-a\u0300-07.23.27.png\",\"keywords\":[\"OLVID\"],\"articleSection\":[\"Articles &amp; ITW\"],\"inLanguage\":\"en-US\",\"potentialAction\":[{\"@type\":\"CommentAction\",\"name\":\"Comment\",\"target\":[\"https:\\\/\\\/generate.fr\\\/comment-olvid-entrevoit-lavenir-de-sa-messagerie-securisee\\\/#respond\"]}]},{\"@type\":\"WebPage\",\"@id\":\"https:\\\/\\\/generate.fr\\\/comment-olvid-entrevoit-lavenir-de-sa-messagerie-securisee\\\/\",\"url\":\"https:\\\/\\\/generate.fr\\\/comment-olvid-entrevoit-lavenir-de-sa-messagerie-securisee\\\/\",\"name\":\"Comment Olvid entrevoit l\u2019avenir de sa messagerie s\u00e9curis\u00e9e - GENERATE\",\"isPartOf\":{\"@id\":\"https:\\\/\\\/generate.fr\\\/#website\"},\"primaryImageOfPage\":{\"@id\":\"https:\\\/\\\/generate.fr\\\/comment-olvid-entrevoit-lavenir-de-sa-messagerie-securisee\\\/#primaryimage\"},\"image\":{\"@id\":\"https:\\\/\\\/generate.fr\\\/comment-olvid-entrevoit-lavenir-de-sa-messagerie-securisee\\\/#primaryimage\"},\"thumbnailUrl\":\"https:\\\/\\\/generate.fr\\\/wp-content\\\/uploads\\\/2020\\\/06\\\/Capture-d\u2019e\u0301cran-2020-06-07-a\u0300-07.23.27.png\",\"datePublished\":\"2020-06-07T05:24:05+00:00\",\"breadcrumb\":{\"@id\":\"https:\\\/\\\/generate.fr\\\/comment-olvid-entrevoit-lavenir-de-sa-messagerie-securisee\\\/#breadcrumb\"},\"inLanguage\":\"en-US\",\"potentialAction\":[{\"@type\":\"ReadAction\",\"target\":[\"https:\\\/\\\/generate.fr\\\/comment-olvid-entrevoit-lavenir-de-sa-messagerie-securisee\\\/\"]}]},{\"@type\":\"ImageObject\",\"inLanguage\":\"en-US\",\"@id\":\"https:\\\/\\\/generate.fr\\\/comment-olvid-entrevoit-lavenir-de-sa-messagerie-securisee\\\/#primaryimage\",\"url\":\"https:\\\/\\\/generate.fr\\\/wp-content\\\/uploads\\\/2020\\\/06\\\/Capture-d\u2019e\u0301cran-2020-06-07-a\u0300-07.23.27.png\",\"contentUrl\":\"https:\\\/\\\/generate.fr\\\/wp-content\\\/uploads\\\/2020\\\/06\\\/Capture-d\u2019e\u0301cran-2020-06-07-a\u0300-07.23.27.png\",\"width\":1916,\"height\":1150},{\"@type\":\"BreadcrumbList\",\"@id\":\"https:\\\/\\\/generate.fr\\\/comment-olvid-entrevoit-lavenir-de-sa-messagerie-securisee\\\/#breadcrumb\",\"itemListElement\":[{\"@type\":\"ListItem\",\"position\":1,\"name\":\"Accueil\",\"item\":\"https:\\\/\\\/generate.fr\\\/\"},{\"@type\":\"ListItem\",\"position\":2,\"name\":\"Comment Olvid entrevoit l\u2019avenir de sa messagerie s\u00e9curis\u00e9e\"}]},{\"@type\":\"WebSite\",\"@id\":\"https:\\\/\\\/generate.fr\\\/#website\",\"url\":\"https:\\\/\\\/generate.fr\\\/\",\"name\":\"GENERATE\",\"description\":\"Acc\u00e9l\u00e9rateur d&#039;innovation pour la D\u00e9fense et la S\u00e9curit\u00e9\",\"publisher\":{\"@id\":\"https:\\\/\\\/generate.fr\\\/#organization\"},\"potentialAction\":[{\"@type\":\"SearchAction\",\"target\":{\"@type\":\"EntryPoint\",\"urlTemplate\":\"https:\\\/\\\/generate.fr\\\/?s={search_term_string}\"},\"query-input\":{\"@type\":\"PropertyValueSpecification\",\"valueRequired\":true,\"valueName\":\"search_term_string\"}}],\"inLanguage\":\"en-US\"},{\"@type\":\"Organization\",\"@id\":\"https:\\\/\\\/generate.fr\\\/#organization\",\"name\":\"Generate\",\"url\":\"https:\\\/\\\/generate.fr\\\/\",\"logo\":{\"@type\":\"ImageObject\",\"inLanguage\":\"en-US\",\"@id\":\"https:\\\/\\\/generate.fr\\\/#\\\/schema\\\/logo\\\/image\\\/\",\"url\":\"https:\\\/\\\/generate.fr\\\/wp-content\\\/uploads\\\/2019\\\/05\\\/Generate.png\",\"contentUrl\":\"https:\\\/\\\/generate.fr\\\/wp-content\\\/uploads\\\/2019\\\/05\\\/Generate.png\",\"width\":1000,\"height\":316,\"caption\":\"Generate\"},\"image\":{\"@id\":\"https:\\\/\\\/generate.fr\\\/#\\\/schema\\\/logo\\\/image\\\/\"},\"sameAs\":[\"https:\\\/\\\/www.youtube.com\\\/channel\\\/UCsoYfr1MZdZT2bqI7CNN1Rw\"]},{\"@type\":\"Person\",\"@id\":\"https:\\\/\\\/generate.fr\\\/#\\\/schema\\\/person\\\/2895efb6d641efb3170ace8678ace18c\",\"name\":\"Thomas Kolbe\",\"image\":{\"@type\":\"ImageObject\",\"inLanguage\":\"en-US\",\"@id\":\"https:\\\/\\\/secure.gravatar.com\\\/avatar\\\/528dc96708c82c0f0c26eba076b7ff225f08450c6a1be4d0b029763b2d76ef7a?s=96&d=mm&r=g\",\"url\":\"https:\\\/\\\/secure.gravatar.com\\\/avatar\\\/528dc96708c82c0f0c26eba076b7ff225f08450c6a1be4d0b029763b2d76ef7a?s=96&d=mm&r=g\",\"contentUrl\":\"https:\\\/\\\/secure.gravatar.com\\\/avatar\\\/528dc96708c82c0f0c26eba076b7ff225f08450c6a1be4d0b029763b2d76ef7a?s=96&d=mm&r=g\",\"caption\":\"Thomas Kolbe\"},\"url\":\"https:\\\/\\\/generate.fr\\\/en\\\/author\\\/editeur\\\/\"}]}<\/script>\n<!-- \/ Yoast SEO plugin. -->","yoast_head_json":{"title":"Comment Olvid entrevoit l\u2019avenir de sa messagerie s\u00e9curis\u00e9e - GENERATE","robots":{"index":"index","follow":"follow","max-snippet":"max-snippet:-1","max-image-preview":"max-image-preview:large","max-video-preview":"max-video-preview:-1"},"canonical":"https:\/\/generate.fr\/comment-olvid-entrevoit-lavenir-de-sa-messagerie-securisee\/","og_locale":"en_US","og_type":"article","og_title":"Comment Olvid entrevoit l\u2019avenir de sa messagerie s\u00e9curis\u00e9e - GENERATE","og_description":"La jeune pousse fran\u00e7aise pr\u00e9pare l\u2019arriv\u00e9e de la vid\u00e9o et de l\u2019audio, mais \u00e9galement du support de clients multiples \u2013 notamment pour le poste de travail \u2013 et encore de celui des d\u00e9ploiements d\u2019entreprise en lien avec l\u2019annuaire. Cela fera bient\u00f4t 3 ans que Thomas Baign\u00e8res, Matthieu Finiasz \u2013\u00a0tous deux docteurs en cryptographie, le second","og_url":"https:\/\/generate.fr\/comment-olvid-entrevoit-lavenir-de-sa-messagerie-securisee\/","og_site_name":"GENERATE","article_published_time":"2020-06-07T05:24:05+00:00","og_image":[{"width":1916,"height":1150,"url":"https:\/\/generate.fr\/wp-content\/uploads\/2020\/06\/Capture-d\u2019e\u0301cran-2020-06-07-a\u0300-07.23.27.png","type":"image\/png"}],"author":"Thomas Kolbe","twitter_card":"summary_large_image","twitter_misc":{"Written by":"Thomas Kolbe","Est. reading time":"6 minutes"},"schema":{"@context":"https:\/\/schema.org","@graph":[{"@type":"Article","@id":"https:\/\/generate.fr\/comment-olvid-entrevoit-lavenir-de-sa-messagerie-securisee\/#article","isPartOf":{"@id":"https:\/\/generate.fr\/comment-olvid-entrevoit-lavenir-de-sa-messagerie-securisee\/"},"author":{"name":"Thomas Kolbe","@id":"https:\/\/generate.fr\/#\/schema\/person\/2895efb6d641efb3170ace8678ace18c"},"headline":"Comment Olvid entrevoit l\u2019avenir de sa messagerie s\u00e9curis\u00e9e","datePublished":"2020-06-07T05:24:05+00:00","mainEntityOfPage":{"@id":"https:\/\/generate.fr\/comment-olvid-entrevoit-lavenir-de-sa-messagerie-securisee\/"},"wordCount":1208,"commentCount":0,"publisher":{"@id":"https:\/\/generate.fr\/#organization"},"image":{"@id":"https:\/\/generate.fr\/comment-olvid-entrevoit-lavenir-de-sa-messagerie-securisee\/#primaryimage"},"thumbnailUrl":"https:\/\/generate.fr\/wp-content\/uploads\/2020\/06\/Capture-d\u2019e\u0301cran-2020-06-07-a\u0300-07.23.27.png","keywords":["OLVID"],"articleSection":["Articles &amp; ITW"],"inLanguage":"en-US","potentialAction":[{"@type":"CommentAction","name":"Comment","target":["https:\/\/generate.fr\/comment-olvid-entrevoit-lavenir-de-sa-messagerie-securisee\/#respond"]}]},{"@type":"WebPage","@id":"https:\/\/generate.fr\/comment-olvid-entrevoit-lavenir-de-sa-messagerie-securisee\/","url":"https:\/\/generate.fr\/comment-olvid-entrevoit-lavenir-de-sa-messagerie-securisee\/","name":"Comment Olvid entrevoit l\u2019avenir de sa messagerie s\u00e9curis\u00e9e - GENERATE","isPartOf":{"@id":"https:\/\/generate.fr\/#website"},"primaryImageOfPage":{"@id":"https:\/\/generate.fr\/comment-olvid-entrevoit-lavenir-de-sa-messagerie-securisee\/#primaryimage"},"image":{"@id":"https:\/\/generate.fr\/comment-olvid-entrevoit-lavenir-de-sa-messagerie-securisee\/#primaryimage"},"thumbnailUrl":"https:\/\/generate.fr\/wp-content\/uploads\/2020\/06\/Capture-d\u2019e\u0301cran-2020-06-07-a\u0300-07.23.27.png","datePublished":"2020-06-07T05:24:05+00:00","breadcrumb":{"@id":"https:\/\/generate.fr\/comment-olvid-entrevoit-lavenir-de-sa-messagerie-securisee\/#breadcrumb"},"inLanguage":"en-US","potentialAction":[{"@type":"ReadAction","target":["https:\/\/generate.fr\/comment-olvid-entrevoit-lavenir-de-sa-messagerie-securisee\/"]}]},{"@type":"ImageObject","inLanguage":"en-US","@id":"https:\/\/generate.fr\/comment-olvid-entrevoit-lavenir-de-sa-messagerie-securisee\/#primaryimage","url":"https:\/\/generate.fr\/wp-content\/uploads\/2020\/06\/Capture-d\u2019e\u0301cran-2020-06-07-a\u0300-07.23.27.png","contentUrl":"https:\/\/generate.fr\/wp-content\/uploads\/2020\/06\/Capture-d\u2019e\u0301cran-2020-06-07-a\u0300-07.23.27.png","width":1916,"height":1150},{"@type":"BreadcrumbList","@id":"https:\/\/generate.fr\/comment-olvid-entrevoit-lavenir-de-sa-messagerie-securisee\/#breadcrumb","itemListElement":[{"@type":"ListItem","position":1,"name":"Accueil","item":"https:\/\/generate.fr\/"},{"@type":"ListItem","position":2,"name":"Comment Olvid entrevoit l\u2019avenir de sa messagerie s\u00e9curis\u00e9e"}]},{"@type":"WebSite","@id":"https:\/\/generate.fr\/#website","url":"https:\/\/generate.fr\/","name":"GENERATE","description":"Acc\u00e9l\u00e9rateur d&#039;innovation pour la D\u00e9fense et la S\u00e9curit\u00e9","publisher":{"@id":"https:\/\/generate.fr\/#organization"},"potentialAction":[{"@type":"SearchAction","target":{"@type":"EntryPoint","urlTemplate":"https:\/\/generate.fr\/?s={search_term_string}"},"query-input":{"@type":"PropertyValueSpecification","valueRequired":true,"valueName":"search_term_string"}}],"inLanguage":"en-US"},{"@type":"Organization","@id":"https:\/\/generate.fr\/#organization","name":"Generate","url":"https:\/\/generate.fr\/","logo":{"@type":"ImageObject","inLanguage":"en-US","@id":"https:\/\/generate.fr\/#\/schema\/logo\/image\/","url":"https:\/\/generate.fr\/wp-content\/uploads\/2019\/05\/Generate.png","contentUrl":"https:\/\/generate.fr\/wp-content\/uploads\/2019\/05\/Generate.png","width":1000,"height":316,"caption":"Generate"},"image":{"@id":"https:\/\/generate.fr\/#\/schema\/logo\/image\/"},"sameAs":["https:\/\/www.youtube.com\/channel\/UCsoYfr1MZdZT2bqI7CNN1Rw"]},{"@type":"Person","@id":"https:\/\/generate.fr\/#\/schema\/person\/2895efb6d641efb3170ace8678ace18c","name":"Thomas Kolbe","image":{"@type":"ImageObject","inLanguage":"en-US","@id":"https:\/\/secure.gravatar.com\/avatar\/528dc96708c82c0f0c26eba076b7ff225f08450c6a1be4d0b029763b2d76ef7a?s=96&d=mm&r=g","url":"https:\/\/secure.gravatar.com\/avatar\/528dc96708c82c0f0c26eba076b7ff225f08450c6a1be4d0b029763b2d76ef7a?s=96&d=mm&r=g","contentUrl":"https:\/\/secure.gravatar.com\/avatar\/528dc96708c82c0f0c26eba076b7ff225f08450c6a1be4d0b029763b2d76ef7a?s=96&d=mm&r=g","caption":"Thomas Kolbe"},"url":"https:\/\/generate.fr\/en\/author\/editeur\/"}]}},"_links":{"self":[{"href":"https:\/\/generate.fr\/en\/wp-json\/wp\/v2\/posts\/3329","targetHints":{"allow":["GET"]}}],"collection":[{"href":"https:\/\/generate.fr\/en\/wp-json\/wp\/v2\/posts"}],"about":[{"href":"https:\/\/generate.fr\/en\/wp-json\/wp\/v2\/types\/post"}],"author":[{"embeddable":true,"href":"https:\/\/generate.fr\/en\/wp-json\/wp\/v2\/users\/2"}],"replies":[{"embeddable":true,"href":"https:\/\/generate.fr\/en\/wp-json\/wp\/v2\/comments?post=3329"}],"version-history":[{"count":1,"href":"https:\/\/generate.fr\/en\/wp-json\/wp\/v2\/posts\/3329\/revisions"}],"predecessor-version":[{"id":3332,"href":"https:\/\/generate.fr\/en\/wp-json\/wp\/v2\/posts\/3329\/revisions\/3332"}],"wp:featuredmedia":[{"embeddable":true,"href":"https:\/\/generate.fr\/en\/wp-json\/wp\/v2\/media\/3330"}],"wp:attachment":[{"href":"https:\/\/generate.fr\/en\/wp-json\/wp\/v2\/media?parent=3329"}],"wp:term":[{"taxonomy":"category","embeddable":true,"href":"https:\/\/generate.fr\/en\/wp-json\/wp\/v2\/categories?post=3329"},{"taxonomy":"post_tag","embeddable":true,"href":"https:\/\/generate.fr\/en\/wp-json\/wp\/v2\/tags?post=3329"}],"curies":[{"name":"wp","href":"https:\/\/api.w.org\/{rel}","templated":true}]}}