{"id":3339,"date":"2020-06-25T08:53:00","date_gmt":"2020-06-25T08:53:00","guid":{"rendered":"https:\/\/generate.fr\/?p=3339"},"modified":"2020-06-25T08:53:00","modified_gmt":"2020-06-25T08:53:00","slug":"rapport-veille-juin2020","status":"publish","type":"post","link":"https:\/\/generate.fr\/en\/rapport-veille-juin2020\/","title":{"rendered":"Rapport de veille technologique D\u00e9fense-S\u00e9curit\u00e9 \u2013 Juin 2020"},"content":{"rendered":"<p>L\u2019\u00e9cosyst\u00e8me d\u2019innovation du civil peut d\u00e9sormais inspirer et apporter des technologies et solutions pouvant \u00eatre int\u00e9gr\u00e9es aupr\u00e8s de forces arm\u00e9es, de s\u00e9curit\u00e9 ou d\u2019industriels du secteur.<\/p>\n<p>Ce rapport de veille technologique n\u00b012 \u2013 juin 2020 est la synth\u00e8se d\u2019une veille technologique et d\u2019\u00e9changes r\u00e9alis\u00e9s sur les deux derniers mois par les \u00e9quipes du GICAT. Dans ce cadre, vous y trouverez des innovations d\u00e9tect\u00e9es sur des salons et diverses sources pouvant avoir un int\u00e9r\u00eat pour les secteurs de la d\u00e9fense et de la s\u00e9curit\u00e9.<\/p>\n<p>Au sommaire de cette derni\u00e8re publication :<\/p>\n<ul>\n<li>Communications<\/li>\n<li>Cybers\u00e9curit\u00e9<\/li>\n<li>D\u00e9tection<\/li>\n<li>Equipement individuel<\/li>\n<li>Energie<\/li>\n<li>Maintenance<\/li>\n<li>Mobilit\u00e9<\/li>\n<li>Sant\u00e9<\/li>\n<\/ul>\n<p><a href=\"https:\/\/generate.fr\/wp-content\/uploads\/2020\/06\/Rapport-veille-GICAT-Juin2020.pdf\"><strong>T\u00e9l\u00e9charger le rapport<\/strong><\/a><\/p>\n","protected":false},"excerpt":{"rendered":"<p>L\u2019\u00e9cosyst\u00e8me d\u2019innovation du civil peut d\u00e9sormais inspirer et apporter des technologies et solutions pouvant \u00eatre int\u00e9gr\u00e9es aupr\u00e8s de forces arm\u00e9es, de s\u00e9curit\u00e9 ou d\u2019industriels du secteur. Ce rapport de veille technologique n\u00b012 \u2013 juin 2020 est la synth\u00e8se d\u2019une veille technologique et d\u2019\u00e9changes r\u00e9alis\u00e9s sur les deux derniers mois par les \u00e9quipes du GICAT. Dans [&hellip;]<\/p>\n","protected":false},"author":2,"featured_media":3342,"comment_status":"open","ping_status":"open","sticky":false,"template":"","format":"standard","meta":{"footnotes":""},"categories":[6],"tags":[],"class_list":["post-3339","post","type-post","status-publish","format-standard","has-post-thumbnail","hentry","category-rapport-de-veille","post-wrapper"],"yoast_head":"<!-- This site is optimized with the Yoast SEO plugin v27.4 - https:\/\/yoast.com\/product\/yoast-seo-wordpress\/ -->\n<title>Rapport de veille technologique D\u00e9fense-S\u00e9curit\u00e9 \u2013 Juin 2020 - GENERATE<\/title>\n<meta name=\"robots\" content=\"index, follow, max-snippet:-1, max-image-preview:large, max-video-preview:-1\" \/>\n<link rel=\"canonical\" href=\"https:\/\/generate.fr\/rapport-veille-juin2020\/\" \/>\n<meta property=\"og:locale\" content=\"en_US\" \/>\n<meta property=\"og:type\" content=\"article\" \/>\n<meta property=\"og:title\" content=\"Rapport de veille technologique D\u00e9fense-S\u00e9curit\u00e9 \u2013 Juin 2020 - GENERATE\" \/>\n<meta property=\"og:description\" content=\"L\u2019\u00e9cosyst\u00e8me d\u2019innovation du civil peut d\u00e9sormais inspirer et apporter des technologies et solutions pouvant \u00eatre int\u00e9gr\u00e9es aupr\u00e8s de forces arm\u00e9es, de s\u00e9curit\u00e9 ou d\u2019industriels du secteur. Ce rapport de veille technologique n\u00b012 \u2013 juin 2020 est la synth\u00e8se d\u2019une veille technologique et d\u2019\u00e9changes r\u00e9alis\u00e9s sur les deux derniers mois par les \u00e9quipes du GICAT. Dans\" \/>\n<meta property=\"og:url\" content=\"https:\/\/generate.fr\/rapport-veille-juin2020\/\" \/>\n<meta property=\"og:site_name\" content=\"GENERATE\" \/>\n<meta property=\"article:published_time\" content=\"2020-06-25T08:53:00+00:00\" \/>\n<meta property=\"og:image\" content=\"https:\/\/generate.fr\/wp-content\/uploads\/2020\/06\/Capture-d\u2019e\u0301cran-2020-06-25-a\u0300-10.50.01-1024x574.png\" \/>\n\t<meta property=\"og:image:width\" content=\"1024\" \/>\n\t<meta property=\"og:image:height\" content=\"574\" \/>\n\t<meta property=\"og:image:type\" content=\"image\/png\" \/>\n<meta name=\"author\" content=\"Thomas Kolbe\" \/>\n<meta name=\"twitter:card\" content=\"summary_large_image\" \/>\n<meta name=\"twitter:label1\" content=\"Written by\" \/>\n\t<meta name=\"twitter:data1\" content=\"Thomas Kolbe\" \/>\n\t<meta name=\"twitter:label2\" content=\"Est. reading time\" \/>\n\t<meta name=\"twitter:data2\" content=\"1 minute\" \/>\n<script type=\"application\/ld+json\" class=\"yoast-schema-graph\">{\"@context\":\"https:\\\/\\\/schema.org\",\"@graph\":[{\"@type\":\"Article\",\"@id\":\"https:\\\/\\\/generate.fr\\\/rapport-veille-juin2020\\\/#article\",\"isPartOf\":{\"@id\":\"https:\\\/\\\/generate.fr\\\/rapport-veille-juin2020\\\/\"},\"author\":{\"name\":\"Thomas Kolbe\",\"@id\":\"https:\\\/\\\/generate.fr\\\/#\\\/schema\\\/person\\\/2895efb6d641efb3170ace8678ace18c\"},\"headline\":\"Rapport de veille technologique D\u00e9fense-S\u00e9curit\u00e9 \u2013 Juin 2020\",\"datePublished\":\"2020-06-25T08:53:00+00:00\",\"mainEntityOfPage\":{\"@id\":\"https:\\\/\\\/generate.fr\\\/rapport-veille-juin2020\\\/\"},\"wordCount\":133,\"commentCount\":0,\"publisher\":{\"@id\":\"https:\\\/\\\/generate.fr\\\/#organization\"},\"image\":{\"@id\":\"https:\\\/\\\/generate.fr\\\/rapport-veille-juin2020\\\/#primaryimage\"},\"thumbnailUrl\":\"https:\\\/\\\/generate.fr\\\/wp-content\\\/uploads\\\/2020\\\/06\\\/Capture-d\u2019e\u0301cran-2020-06-25-a\u0300-10.50.01.png\",\"articleSection\":[\"Rapport de veille\"],\"inLanguage\":\"en-US\",\"potentialAction\":[{\"@type\":\"CommentAction\",\"name\":\"Comment\",\"target\":[\"https:\\\/\\\/generate.fr\\\/rapport-veille-juin2020\\\/#respond\"]}]},{\"@type\":\"WebPage\",\"@id\":\"https:\\\/\\\/generate.fr\\\/rapport-veille-juin2020\\\/\",\"url\":\"https:\\\/\\\/generate.fr\\\/rapport-veille-juin2020\\\/\",\"name\":\"Rapport de veille technologique D\u00e9fense-S\u00e9curit\u00e9 \u2013 Juin 2020 - GENERATE\",\"isPartOf\":{\"@id\":\"https:\\\/\\\/generate.fr\\\/#website\"},\"primaryImageOfPage\":{\"@id\":\"https:\\\/\\\/generate.fr\\\/rapport-veille-juin2020\\\/#primaryimage\"},\"image\":{\"@id\":\"https:\\\/\\\/generate.fr\\\/rapport-veille-juin2020\\\/#primaryimage\"},\"thumbnailUrl\":\"https:\\\/\\\/generate.fr\\\/wp-content\\\/uploads\\\/2020\\\/06\\\/Capture-d\u2019e\u0301cran-2020-06-25-a\u0300-10.50.01.png\",\"datePublished\":\"2020-06-25T08:53:00+00:00\",\"breadcrumb\":{\"@id\":\"https:\\\/\\\/generate.fr\\\/rapport-veille-juin2020\\\/#breadcrumb\"},\"inLanguage\":\"en-US\",\"potentialAction\":[{\"@type\":\"ReadAction\",\"target\":[\"https:\\\/\\\/generate.fr\\\/rapport-veille-juin2020\\\/\"]}]},{\"@type\":\"ImageObject\",\"inLanguage\":\"en-US\",\"@id\":\"https:\\\/\\\/generate.fr\\\/rapport-veille-juin2020\\\/#primaryimage\",\"url\":\"https:\\\/\\\/generate.fr\\\/wp-content\\\/uploads\\\/2020\\\/06\\\/Capture-d\u2019e\u0301cran-2020-06-25-a\u0300-10.50.01.png\",\"contentUrl\":\"https:\\\/\\\/generate.fr\\\/wp-content\\\/uploads\\\/2020\\\/06\\\/Capture-d\u2019e\u0301cran-2020-06-25-a\u0300-10.50.01.png\",\"width\":2168,\"height\":1216},{\"@type\":\"BreadcrumbList\",\"@id\":\"https:\\\/\\\/generate.fr\\\/rapport-veille-juin2020\\\/#breadcrumb\",\"itemListElement\":[{\"@type\":\"ListItem\",\"position\":1,\"name\":\"Accueil\",\"item\":\"https:\\\/\\\/generate.fr\\\/\"},{\"@type\":\"ListItem\",\"position\":2,\"name\":\"Rapport de veille technologique D\u00e9fense-S\u00e9curit\u00e9 \u2013 Juin 2020\"}]},{\"@type\":\"WebSite\",\"@id\":\"https:\\\/\\\/generate.fr\\\/#website\",\"url\":\"https:\\\/\\\/generate.fr\\\/\",\"name\":\"GENERATE\",\"description\":\"Acc\u00e9l\u00e9rateur d&#039;innovation pour la D\u00e9fense et la S\u00e9curit\u00e9\",\"publisher\":{\"@id\":\"https:\\\/\\\/generate.fr\\\/#organization\"},\"potentialAction\":[{\"@type\":\"SearchAction\",\"target\":{\"@type\":\"EntryPoint\",\"urlTemplate\":\"https:\\\/\\\/generate.fr\\\/?s={search_term_string}\"},\"query-input\":{\"@type\":\"PropertyValueSpecification\",\"valueRequired\":true,\"valueName\":\"search_term_string\"}}],\"inLanguage\":\"en-US\"},{\"@type\":\"Organization\",\"@id\":\"https:\\\/\\\/generate.fr\\\/#organization\",\"name\":\"Generate\",\"url\":\"https:\\\/\\\/generate.fr\\\/\",\"logo\":{\"@type\":\"ImageObject\",\"inLanguage\":\"en-US\",\"@id\":\"https:\\\/\\\/generate.fr\\\/#\\\/schema\\\/logo\\\/image\\\/\",\"url\":\"https:\\\/\\\/generate.fr\\\/wp-content\\\/uploads\\\/2019\\\/05\\\/Generate.png\",\"contentUrl\":\"https:\\\/\\\/generate.fr\\\/wp-content\\\/uploads\\\/2019\\\/05\\\/Generate.png\",\"width\":1000,\"height\":316,\"caption\":\"Generate\"},\"image\":{\"@id\":\"https:\\\/\\\/generate.fr\\\/#\\\/schema\\\/logo\\\/image\\\/\"},\"sameAs\":[\"https:\\\/\\\/www.youtube.com\\\/channel\\\/UCsoYfr1MZdZT2bqI7CNN1Rw\"]},{\"@type\":\"Person\",\"@id\":\"https:\\\/\\\/generate.fr\\\/#\\\/schema\\\/person\\\/2895efb6d641efb3170ace8678ace18c\",\"name\":\"Thomas Kolbe\",\"image\":{\"@type\":\"ImageObject\",\"inLanguage\":\"en-US\",\"@id\":\"https:\\\/\\\/secure.gravatar.com\\\/avatar\\\/528dc96708c82c0f0c26eba076b7ff225f08450c6a1be4d0b029763b2d76ef7a?s=96&d=mm&r=g\",\"url\":\"https:\\\/\\\/secure.gravatar.com\\\/avatar\\\/528dc96708c82c0f0c26eba076b7ff225f08450c6a1be4d0b029763b2d76ef7a?s=96&d=mm&r=g\",\"contentUrl\":\"https:\\\/\\\/secure.gravatar.com\\\/avatar\\\/528dc96708c82c0f0c26eba076b7ff225f08450c6a1be4d0b029763b2d76ef7a?s=96&d=mm&r=g\",\"caption\":\"Thomas Kolbe\"},\"url\":\"https:\\\/\\\/generate.fr\\\/en\\\/author\\\/editeur\\\/\"}]}<\/script>\n<!-- \/ Yoast SEO plugin. -->","yoast_head_json":{"title":"Rapport de veille technologique D\u00e9fense-S\u00e9curit\u00e9 \u2013 Juin 2020 - GENERATE","robots":{"index":"index","follow":"follow","max-snippet":"max-snippet:-1","max-image-preview":"max-image-preview:large","max-video-preview":"max-video-preview:-1"},"canonical":"https:\/\/generate.fr\/rapport-veille-juin2020\/","og_locale":"en_US","og_type":"article","og_title":"Rapport de veille technologique D\u00e9fense-S\u00e9curit\u00e9 \u2013 Juin 2020 - GENERATE","og_description":"L\u2019\u00e9cosyst\u00e8me d\u2019innovation du civil peut d\u00e9sormais inspirer et apporter des technologies et solutions pouvant \u00eatre int\u00e9gr\u00e9es aupr\u00e8s de forces arm\u00e9es, de s\u00e9curit\u00e9 ou d\u2019industriels du secteur. Ce rapport de veille technologique n\u00b012 \u2013 juin 2020 est la synth\u00e8se d\u2019une veille technologique et d\u2019\u00e9changes r\u00e9alis\u00e9s sur les deux derniers mois par les \u00e9quipes du GICAT. Dans","og_url":"https:\/\/generate.fr\/rapport-veille-juin2020\/","og_site_name":"GENERATE","article_published_time":"2020-06-25T08:53:00+00:00","og_image":[{"width":1024,"height":574,"url":"https:\/\/generate.fr\/wp-content\/uploads\/2020\/06\/Capture-d\u2019e\u0301cran-2020-06-25-a\u0300-10.50.01-1024x574.png","type":"image\/png"}],"author":"Thomas Kolbe","twitter_card":"summary_large_image","twitter_misc":{"Written by":"Thomas Kolbe","Est. reading time":"1 minute"},"schema":{"@context":"https:\/\/schema.org","@graph":[{"@type":"Article","@id":"https:\/\/generate.fr\/rapport-veille-juin2020\/#article","isPartOf":{"@id":"https:\/\/generate.fr\/rapport-veille-juin2020\/"},"author":{"name":"Thomas Kolbe","@id":"https:\/\/generate.fr\/#\/schema\/person\/2895efb6d641efb3170ace8678ace18c"},"headline":"Rapport de veille technologique D\u00e9fense-S\u00e9curit\u00e9 \u2013 Juin 2020","datePublished":"2020-06-25T08:53:00+00:00","mainEntityOfPage":{"@id":"https:\/\/generate.fr\/rapport-veille-juin2020\/"},"wordCount":133,"commentCount":0,"publisher":{"@id":"https:\/\/generate.fr\/#organization"},"image":{"@id":"https:\/\/generate.fr\/rapport-veille-juin2020\/#primaryimage"},"thumbnailUrl":"https:\/\/generate.fr\/wp-content\/uploads\/2020\/06\/Capture-d\u2019e\u0301cran-2020-06-25-a\u0300-10.50.01.png","articleSection":["Rapport de veille"],"inLanguage":"en-US","potentialAction":[{"@type":"CommentAction","name":"Comment","target":["https:\/\/generate.fr\/rapport-veille-juin2020\/#respond"]}]},{"@type":"WebPage","@id":"https:\/\/generate.fr\/rapport-veille-juin2020\/","url":"https:\/\/generate.fr\/rapport-veille-juin2020\/","name":"Rapport de veille technologique D\u00e9fense-S\u00e9curit\u00e9 \u2013 Juin 2020 - GENERATE","isPartOf":{"@id":"https:\/\/generate.fr\/#website"},"primaryImageOfPage":{"@id":"https:\/\/generate.fr\/rapport-veille-juin2020\/#primaryimage"},"image":{"@id":"https:\/\/generate.fr\/rapport-veille-juin2020\/#primaryimage"},"thumbnailUrl":"https:\/\/generate.fr\/wp-content\/uploads\/2020\/06\/Capture-d\u2019e\u0301cran-2020-06-25-a\u0300-10.50.01.png","datePublished":"2020-06-25T08:53:00+00:00","breadcrumb":{"@id":"https:\/\/generate.fr\/rapport-veille-juin2020\/#breadcrumb"},"inLanguage":"en-US","potentialAction":[{"@type":"ReadAction","target":["https:\/\/generate.fr\/rapport-veille-juin2020\/"]}]},{"@type":"ImageObject","inLanguage":"en-US","@id":"https:\/\/generate.fr\/rapport-veille-juin2020\/#primaryimage","url":"https:\/\/generate.fr\/wp-content\/uploads\/2020\/06\/Capture-d\u2019e\u0301cran-2020-06-25-a\u0300-10.50.01.png","contentUrl":"https:\/\/generate.fr\/wp-content\/uploads\/2020\/06\/Capture-d\u2019e\u0301cran-2020-06-25-a\u0300-10.50.01.png","width":2168,"height":1216},{"@type":"BreadcrumbList","@id":"https:\/\/generate.fr\/rapport-veille-juin2020\/#breadcrumb","itemListElement":[{"@type":"ListItem","position":1,"name":"Accueil","item":"https:\/\/generate.fr\/"},{"@type":"ListItem","position":2,"name":"Rapport de veille technologique D\u00e9fense-S\u00e9curit\u00e9 \u2013 Juin 2020"}]},{"@type":"WebSite","@id":"https:\/\/generate.fr\/#website","url":"https:\/\/generate.fr\/","name":"GENERATE","description":"Acc\u00e9l\u00e9rateur d&#039;innovation pour la D\u00e9fense et la S\u00e9curit\u00e9","publisher":{"@id":"https:\/\/generate.fr\/#organization"},"potentialAction":[{"@type":"SearchAction","target":{"@type":"EntryPoint","urlTemplate":"https:\/\/generate.fr\/?s={search_term_string}"},"query-input":{"@type":"PropertyValueSpecification","valueRequired":true,"valueName":"search_term_string"}}],"inLanguage":"en-US"},{"@type":"Organization","@id":"https:\/\/generate.fr\/#organization","name":"Generate","url":"https:\/\/generate.fr\/","logo":{"@type":"ImageObject","inLanguage":"en-US","@id":"https:\/\/generate.fr\/#\/schema\/logo\/image\/","url":"https:\/\/generate.fr\/wp-content\/uploads\/2019\/05\/Generate.png","contentUrl":"https:\/\/generate.fr\/wp-content\/uploads\/2019\/05\/Generate.png","width":1000,"height":316,"caption":"Generate"},"image":{"@id":"https:\/\/generate.fr\/#\/schema\/logo\/image\/"},"sameAs":["https:\/\/www.youtube.com\/channel\/UCsoYfr1MZdZT2bqI7CNN1Rw"]},{"@type":"Person","@id":"https:\/\/generate.fr\/#\/schema\/person\/2895efb6d641efb3170ace8678ace18c","name":"Thomas Kolbe","image":{"@type":"ImageObject","inLanguage":"en-US","@id":"https:\/\/secure.gravatar.com\/avatar\/528dc96708c82c0f0c26eba076b7ff225f08450c6a1be4d0b029763b2d76ef7a?s=96&d=mm&r=g","url":"https:\/\/secure.gravatar.com\/avatar\/528dc96708c82c0f0c26eba076b7ff225f08450c6a1be4d0b029763b2d76ef7a?s=96&d=mm&r=g","contentUrl":"https:\/\/secure.gravatar.com\/avatar\/528dc96708c82c0f0c26eba076b7ff225f08450c6a1be4d0b029763b2d76ef7a?s=96&d=mm&r=g","caption":"Thomas Kolbe"},"url":"https:\/\/generate.fr\/en\/author\/editeur\/"}]}},"_links":{"self":[{"href":"https:\/\/generate.fr\/en\/wp-json\/wp\/v2\/posts\/3339","targetHints":{"allow":["GET"]}}],"collection":[{"href":"https:\/\/generate.fr\/en\/wp-json\/wp\/v2\/posts"}],"about":[{"href":"https:\/\/generate.fr\/en\/wp-json\/wp\/v2\/types\/post"}],"author":[{"embeddable":true,"href":"https:\/\/generate.fr\/en\/wp-json\/wp\/v2\/users\/2"}],"replies":[{"embeddable":true,"href":"https:\/\/generate.fr\/en\/wp-json\/wp\/v2\/comments?post=3339"}],"version-history":[{"count":1,"href":"https:\/\/generate.fr\/en\/wp-json\/wp\/v2\/posts\/3339\/revisions"}],"predecessor-version":[{"id":3344,"href":"https:\/\/generate.fr\/en\/wp-json\/wp\/v2\/posts\/3339\/revisions\/3344"}],"wp:featuredmedia":[{"embeddable":true,"href":"https:\/\/generate.fr\/en\/wp-json\/wp\/v2\/media\/3342"}],"wp:attachment":[{"href":"https:\/\/generate.fr\/en\/wp-json\/wp\/v2\/media?parent=3339"}],"wp:term":[{"taxonomy":"category","embeddable":true,"href":"https:\/\/generate.fr\/en\/wp-json\/wp\/v2\/categories?post=3339"},{"taxonomy":"post_tag","embeddable":true,"href":"https:\/\/generate.fr\/en\/wp-json\/wp\/v2\/tags?post=3339"}],"curies":[{"name":"wp","href":"https:\/\/api.w.org\/{rel}","templated":true}]}}