{"id":3354,"date":"2020-06-26T06:57:58","date_gmt":"2020-06-26T06:57:58","guid":{"rendered":"https:\/\/generate.fr\/?p=3354"},"modified":"2020-06-26T06:57:58","modified_gmt":"2020-06-26T06:57:58","slug":"earthcube-en-tete-de-pont-pour-concevoir-un-outil-de-surveillance-et-de-reconnaissance-europeen","status":"publish","type":"post","link":"https:\/\/generate.fr\/en\/earthcube-en-tete-de-pont-pour-concevoir-un-outil-de-surveillance-et-de-reconnaissance-europeen\/","title":{"rendered":"EarthCube en t\u00eate de pont pour concevoir un outil de surveillance et de reconnaissance europ\u00e9en"},"content":{"rendered":"<h2 class=\"main-article-subtitle\">La startup fran\u00e7aise EarthCube, sp\u00e9cialis\u00e9e dans la vision par ordinateur, a annonc\u00e9 avoir \u00e9t\u00e9 s\u00e9lectionn\u00e9e dans le cadre d\u2019un appel d\u2019offres men\u00e9 par la Commission europ\u00e9enne pour mettre en commun une plateforme de surveillance et de renseignement entre les vingt-sept.<\/h2>\n<p>Earthcube. Ce nom n\u2019\u00e9voque pas encore grand-chose, hormis \u00e0 ceux qui ont suivi le\u00a0<a href=\"https:\/\/www.lemagit.fr\/actualites\/252484247\/French-Tech-en-crise-le-gouvernement-rajoute-12-milliard-deuros-sur-la-table\">plan de relance de la French Tech<\/a>\u00a0annonc\u00e9 par le gouvernement. En Effet, c\u2019est au cours de la visite des locaux de la startup que Bruno Le Maire et C\u00e9dric\u00a0O avaient pr\u00e9sent\u00e9 les mesures financi\u00e8res pour r\u00e9tablir la fili\u00e8re.<\/p>\n<p>Earthcube n\u2019int\u00e9resse pas que le gouvernement fran\u00e7ais. Le sp\u00e9cialiste du d\u00e9veloppement \u00ab\u00a0de solutions de surveillance bas\u00e9e sur\u00a0l\u2019<a href=\"https:\/\/www.lemagit.fr\/tribune\/Non-le-Deep-Learning-nest-pas-une-obscure-boite-noire\">analyse automatique d\u2019informations g\u00e9ospatiales<\/a>\u00a0\u00bb fait partie des entreprises s\u00e9lectionn\u00e9es par l\u2019Union europ\u00e9enne dans le cadre du projet PEONEER (Persistant Earth Observation for actioNable intElligence and Reconnaissance). Ce projet s\u2019inscrit dans le programme europ\u00e9en de d\u00e9veloppement industriel de la d\u00e9fense EDIDP, men\u00e9 par la Commission europ\u00e9enne. Au total, l\u2019UE a pr\u00e9vu 20\u00a0appels d\u2019offres entre 2019 et 2020 (un portefeuille de 500\u00a0millions d\u2019euros) pour soutenir l\u2019innovation dans neuf domaines d\u2019expertise li\u00e9e \u00e0 la d\u00e9fense.<\/p>\n<p>PEONEER vise \u00e0 doter la communaut\u00e9 europ\u00e9enne d\u2019un moyen d\u2019observation permanente de la Terre depuis l\u2019espace dot\u00e9 de capacit\u00e9s \u00ab\u00a0d\u2019interpr\u00e9tation automatis\u00e9e des donn\u00e9es et des informations, dont l\u2019<a href=\"https:\/\/www.lemagit.fr\/conseil\/Intelligence-Artificielle-cinq-conseils-pour-bien-choisir-ses-premiers-cas-dusage\">intelligence artificielle<\/a>, les solutions cloud et les capteurs de traitement en temps r\u00e9el embarqu\u00e9s dans des capteurs\u00a0\u00bb, selon l\u2019appel \u00e9mis par la Commission europ\u00e9enne.<\/p>\n<p>\u00ab\u00a0Cet appel d\u2019offres est une opportunit\u00e9 exceptionnelle de poser les bases de l\u2019IA et du GEOINT [Geospatial Intelligence, N.D.L.R.] pour proposer une solution europ\u00e9enne de renseignement \u00e0 la pointe mondialement,\u00a0\u00bb d\u00e9clare Arnaud Gu\u00e9rin, CEO et co-fondateur d\u2019Earthcube, dans un communiqu\u00e9 de presse.<\/p>\n<p>Il se trouve qu\u2019EarthCube s\u2019est sp\u00e9cialis\u00e9e dans la reconnaissance d\u2019objets par ordinateur en s\u2019appuyant sur l\u2019imagerie satellite, les flux a\u00e9riens ou maritimes.\u00a0Dans une vid\u00e9o de\u00a0<a href=\"https:\/\/www.youtube.com\/watch?v=EaXxE-UUZNg&amp;feature=emb_logo\">d\u00e9monstration<\/a>, la startup montre comment son logiciel d\u00e9tecte le survol d\u2019un a\u00e9roport en Libye par un drone militaire. La solution peut \u00e9galement d\u00e9tecter des sous-marins qui remontent \u00e0 la surface. En toute logique, la startup d\u00e9veloppera les solutions d\u2019intelligence artificielle dans une plateforme logicielle qui sera mise au point par un consortium d\u2019entreprises.<\/p>\n<section class=\"section main-article-chapter\" data-menu-title=\"Un projet men\u00e9 par e-GEOS, mais propuls\u00e9 par la solution d\u2019EarthCube\">\n<h3 class=\"section-title\">Un projet men\u00e9 par e-GEOS, mais propuls\u00e9 par la solution d\u2019EarthCube<\/h3>\n<p>\u00ab\u00a0Nous allons jouer un r\u00f4le majeur dans ce projet aux c\u00f4t\u00e9s des leaders europ\u00e9ens, comme Airbus, et e-GEOS [\u2026] et d\u2019un ensemble de PME, d\u2019ETI et de startups \u00e0 fort potentiel.\u00a0\u00bb, assure Arnaud\u00a0Gu\u00e9rin. En France, EarthCube travaille entre autres pour la direction g\u00e9n\u00e9rale des arm\u00e9es (DGA) et la direction du renseignement militaire (DRM).<\/p>\n<p>C\u2019est justement e-GEOS qui m\u00e8nera le projet PEONEER avec neuf autres entreprises dont EarthCube et Airbus Defense &amp; Space. Pour rappel, e-GEOS est la soci\u00e9t\u00e9 conjointe entre l\u2019agence spatiale italienne et Telespazio, elle-m\u00eame joint-venture cr\u00e9\u00e9e par Thales et Leonardo. Le consortium b\u00e9n\u00e9ficiera de 8,4\u00a0millions d\u2019euros, dont 7,2\u00a0millions d\u2019euros de la part de l\u2019UE, pour conceptualiser, tester et essayer la plateforme.<\/p>\n<p>L\u2019outil devra aider les minist\u00e8res de la d\u00e9fense europ\u00e9ens \u00e0 extraire des informations de renseignement en utilisant de l\u2019intelligence artificielle appliqu\u00e9e \u00e0 des zones terrestres ou maritimes.<\/p>\n<p>Pour cela, EarthCube veut s\u2019appuyer sur le concept Activity-based Intelligence en sus de l\u2019analyse de l\u2019activit\u00e9 g\u00e9ospatiale. Cette m\u00e9thodologie d\u2019analyse g\u00e9otemporelle vise \u00e0 corr\u00e9ler de grands volumes de donn\u00e9es en provenance de sources de renseignement multiples (Multi-INT) afin de d\u00e9tecter des signaux faibles dans des environnements bruyants. Dans ce paradigme, l\u2019analyste doit pouvoir rep\u00e9rer des relations entre des objets connus (par exemple des v\u00e9hicules au sol), leur comportement et la survenue d\u2019objets et d\u2019activit\u00e9s inconnues (le survol d\u2019un a\u00e9roport par un UAV).<\/p>\n<p>L\u2019automatisation apport\u00e9e par le\u00a0<a href=\"https:\/\/whatis.techtarget.com\/fr\/definition\/Machine-Learning?_ga=2.158714234.1186034331.1592808424-472739794.1584381541\">machine learning<\/a>\u00a0et le\u00a0<a href=\"https:\/\/whatis.techtarget.com\/fr\/definition\/deep-learning-reseau-neuronal-profond?_ga=2.186943976.1186034331.1592808424-472739794.1584381541\">deep learning<\/a>\u00a0doit grandement aider \u00e0 la mise en place de cette approche imagin\u00e9e par la division intelligence du d\u00e9partement de la d\u00e9fense am\u00e9ricain entre 2010 et 2011.<\/p>\n<p><a href=\"https:\/\/www.lemagit.fr\/actualites\/252485091\/EarthCube-en-tete-de-pont-pour-concevoir-un-outil-de-surveillance-et-de-reconnaissance-europeen\">Source : Le MagIT<\/a><\/p>\n<\/section>\n","protected":false},"excerpt":{"rendered":"<p>La startup fran\u00e7aise EarthCube, sp\u00e9cialis\u00e9e dans la vision par ordinateur, a annonc\u00e9 avoir \u00e9t\u00e9 s\u00e9lectionn\u00e9e dans le cadre d\u2019un appel d\u2019offres men\u00e9 par la Commission europ\u00e9enne pour mettre en commun une plateforme de surveillance et de renseignement entre les vingt-sept. Earthcube. Ce nom n\u2019\u00e9voque pas encore grand-chose, hormis \u00e0 ceux qui ont suivi le\u00a0plan de [&hellip;]<\/p>\n","protected":false},"author":2,"featured_media":3355,"comment_status":"open","ping_status":"open","sticky":false,"template":"","format":"standard","meta":{"footnotes":""},"categories":[1],"tags":[30],"class_list":["post-3354","post","type-post","status-publish","format-standard","has-post-thumbnail","hentry","category-non-classifiee","tag-earthcube","post-wrapper"],"yoast_head":"<!-- This site is optimized with the Yoast SEO plugin v27.4 - https:\/\/yoast.com\/product\/yoast-seo-wordpress\/ -->\n<title>EarthCube en t\u00eate de pont pour concevoir un outil de surveillance et de reconnaissance europ\u00e9en - GENERATE<\/title>\n<meta name=\"robots\" content=\"index, follow, max-snippet:-1, max-image-preview:large, max-video-preview:-1\" \/>\n<link rel=\"canonical\" href=\"https:\/\/generate.fr\/earthcube-en-tete-de-pont-pour-concevoir-un-outil-de-surveillance-et-de-reconnaissance-europeen\/\" \/>\n<meta property=\"og:locale\" content=\"en_US\" \/>\n<meta property=\"og:type\" content=\"article\" \/>\n<meta property=\"og:title\" content=\"EarthCube en t\u00eate de pont pour concevoir un outil de surveillance et de reconnaissance europ\u00e9en - GENERATE\" \/>\n<meta property=\"og:description\" content=\"La startup fran\u00e7aise EarthCube, sp\u00e9cialis\u00e9e dans la vision par ordinateur, a annonc\u00e9 avoir \u00e9t\u00e9 s\u00e9lectionn\u00e9e dans le cadre d\u2019un appel d\u2019offres men\u00e9 par la Commission europ\u00e9enne pour mettre en commun une plateforme de surveillance et de renseignement entre les vingt-sept. Earthcube. Ce nom n\u2019\u00e9voque pas encore grand-chose, hormis \u00e0 ceux qui ont suivi le\u00a0plan de\" \/>\n<meta property=\"og:url\" content=\"https:\/\/generate.fr\/earthcube-en-tete-de-pont-pour-concevoir-un-outil-de-surveillance-et-de-reconnaissance-europeen\/\" \/>\n<meta property=\"og:site_name\" content=\"GENERATE\" \/>\n<meta property=\"article:published_time\" content=\"2020-06-26T06:57:58+00:00\" \/>\n<meta property=\"og:image\" content=\"https:\/\/generate.fr\/wp-content\/uploads\/2020\/06\/Capture-d\u2019e\u0301cran-2020-06-26-a\u0300-08.57.15-1024x530.png\" \/>\n\t<meta property=\"og:image:width\" content=\"1024\" \/>\n\t<meta property=\"og:image:height\" content=\"530\" \/>\n\t<meta property=\"og:image:type\" content=\"image\/png\" \/>\n<meta name=\"author\" content=\"Thomas Kolbe\" \/>\n<meta name=\"twitter:card\" content=\"summary_large_image\" \/>\n<meta name=\"twitter:label1\" content=\"Written by\" \/>\n\t<meta name=\"twitter:data1\" content=\"Thomas Kolbe\" \/>\n\t<meta name=\"twitter:label2\" content=\"Est. reading time\" \/>\n\t<meta name=\"twitter:data2\" content=\"4 minutes\" \/>\n<script type=\"application\/ld+json\" class=\"yoast-schema-graph\">{\"@context\":\"https:\\\/\\\/schema.org\",\"@graph\":[{\"@type\":\"Article\",\"@id\":\"https:\\\/\\\/generate.fr\\\/earthcube-en-tete-de-pont-pour-concevoir-un-outil-de-surveillance-et-de-reconnaissance-europeen\\\/#article\",\"isPartOf\":{\"@id\":\"https:\\\/\\\/generate.fr\\\/earthcube-en-tete-de-pont-pour-concevoir-un-outil-de-surveillance-et-de-reconnaissance-europeen\\\/\"},\"author\":{\"name\":\"Thomas Kolbe\",\"@id\":\"https:\\\/\\\/generate.fr\\\/#\\\/schema\\\/person\\\/2895efb6d641efb3170ace8678ace18c\"},\"headline\":\"EarthCube en t\u00eate de pont pour concevoir un outil de surveillance et de reconnaissance europ\u00e9en\",\"datePublished\":\"2020-06-26T06:57:58+00:00\",\"mainEntityOfPage\":{\"@id\":\"https:\\\/\\\/generate.fr\\\/earthcube-en-tete-de-pont-pour-concevoir-un-outil-de-surveillance-et-de-reconnaissance-europeen\\\/\"},\"wordCount\":763,\"commentCount\":0,\"publisher\":{\"@id\":\"https:\\\/\\\/generate.fr\\\/#organization\"},\"image\":{\"@id\":\"https:\\\/\\\/generate.fr\\\/earthcube-en-tete-de-pont-pour-concevoir-un-outil-de-surveillance-et-de-reconnaissance-europeen\\\/#primaryimage\"},\"thumbnailUrl\":\"https:\\\/\\\/generate.fr\\\/wp-content\\\/uploads\\\/2020\\\/06\\\/Capture-d\u2019e\u0301cran-2020-06-26-a\u0300-08.57.15.png\",\"keywords\":[\"earthcube\"],\"articleSection\":[\"Non classifi\u00e9(e)\"],\"inLanguage\":\"en-US\",\"potentialAction\":[{\"@type\":\"CommentAction\",\"name\":\"Comment\",\"target\":[\"https:\\\/\\\/generate.fr\\\/earthcube-en-tete-de-pont-pour-concevoir-un-outil-de-surveillance-et-de-reconnaissance-europeen\\\/#respond\"]}]},{\"@type\":\"WebPage\",\"@id\":\"https:\\\/\\\/generate.fr\\\/earthcube-en-tete-de-pont-pour-concevoir-un-outil-de-surveillance-et-de-reconnaissance-europeen\\\/\",\"url\":\"https:\\\/\\\/generate.fr\\\/earthcube-en-tete-de-pont-pour-concevoir-un-outil-de-surveillance-et-de-reconnaissance-europeen\\\/\",\"name\":\"EarthCube en t\u00eate de pont pour concevoir un outil de surveillance et de reconnaissance europ\u00e9en - GENERATE\",\"isPartOf\":{\"@id\":\"https:\\\/\\\/generate.fr\\\/#website\"},\"primaryImageOfPage\":{\"@id\":\"https:\\\/\\\/generate.fr\\\/earthcube-en-tete-de-pont-pour-concevoir-un-outil-de-surveillance-et-de-reconnaissance-europeen\\\/#primaryimage\"},\"image\":{\"@id\":\"https:\\\/\\\/generate.fr\\\/earthcube-en-tete-de-pont-pour-concevoir-un-outil-de-surveillance-et-de-reconnaissance-europeen\\\/#primaryimage\"},\"thumbnailUrl\":\"https:\\\/\\\/generate.fr\\\/wp-content\\\/uploads\\\/2020\\\/06\\\/Capture-d\u2019e\u0301cran-2020-06-26-a\u0300-08.57.15.png\",\"datePublished\":\"2020-06-26T06:57:58+00:00\",\"breadcrumb\":{\"@id\":\"https:\\\/\\\/generate.fr\\\/earthcube-en-tete-de-pont-pour-concevoir-un-outil-de-surveillance-et-de-reconnaissance-europeen\\\/#breadcrumb\"},\"inLanguage\":\"en-US\",\"potentialAction\":[{\"@type\":\"ReadAction\",\"target\":[\"https:\\\/\\\/generate.fr\\\/earthcube-en-tete-de-pont-pour-concevoir-un-outil-de-surveillance-et-de-reconnaissance-europeen\\\/\"]}]},{\"@type\":\"ImageObject\",\"inLanguage\":\"en-US\",\"@id\":\"https:\\\/\\\/generate.fr\\\/earthcube-en-tete-de-pont-pour-concevoir-un-outil-de-surveillance-et-de-reconnaissance-europeen\\\/#primaryimage\",\"url\":\"https:\\\/\\\/generate.fr\\\/wp-content\\\/uploads\\\/2020\\\/06\\\/Capture-d\u2019e\u0301cran-2020-06-26-a\u0300-08.57.15.png\",\"contentUrl\":\"https:\\\/\\\/generate.fr\\\/wp-content\\\/uploads\\\/2020\\\/06\\\/Capture-d\u2019e\u0301cran-2020-06-26-a\u0300-08.57.15.png\",\"width\":1674,\"height\":866},{\"@type\":\"BreadcrumbList\",\"@id\":\"https:\\\/\\\/generate.fr\\\/earthcube-en-tete-de-pont-pour-concevoir-un-outil-de-surveillance-et-de-reconnaissance-europeen\\\/#breadcrumb\",\"itemListElement\":[{\"@type\":\"ListItem\",\"position\":1,\"name\":\"Accueil\",\"item\":\"https:\\\/\\\/generate.fr\\\/\"},{\"@type\":\"ListItem\",\"position\":2,\"name\":\"EarthCube en t\u00eate de pont pour concevoir un outil de surveillance et de reconnaissance europ\u00e9en\"}]},{\"@type\":\"WebSite\",\"@id\":\"https:\\\/\\\/generate.fr\\\/#website\",\"url\":\"https:\\\/\\\/generate.fr\\\/\",\"name\":\"GENERATE\",\"description\":\"Acc\u00e9l\u00e9rateur d&#039;innovation pour la D\u00e9fense et la S\u00e9curit\u00e9\",\"publisher\":{\"@id\":\"https:\\\/\\\/generate.fr\\\/#organization\"},\"potentialAction\":[{\"@type\":\"SearchAction\",\"target\":{\"@type\":\"EntryPoint\",\"urlTemplate\":\"https:\\\/\\\/generate.fr\\\/?s={search_term_string}\"},\"query-input\":{\"@type\":\"PropertyValueSpecification\",\"valueRequired\":true,\"valueName\":\"search_term_string\"}}],\"inLanguage\":\"en-US\"},{\"@type\":\"Organization\",\"@id\":\"https:\\\/\\\/generate.fr\\\/#organization\",\"name\":\"Generate\",\"url\":\"https:\\\/\\\/generate.fr\\\/\",\"logo\":{\"@type\":\"ImageObject\",\"inLanguage\":\"en-US\",\"@id\":\"https:\\\/\\\/generate.fr\\\/#\\\/schema\\\/logo\\\/image\\\/\",\"url\":\"https:\\\/\\\/generate.fr\\\/wp-content\\\/uploads\\\/2019\\\/05\\\/Generate.png\",\"contentUrl\":\"https:\\\/\\\/generate.fr\\\/wp-content\\\/uploads\\\/2019\\\/05\\\/Generate.png\",\"width\":1000,\"height\":316,\"caption\":\"Generate\"},\"image\":{\"@id\":\"https:\\\/\\\/generate.fr\\\/#\\\/schema\\\/logo\\\/image\\\/\"},\"sameAs\":[\"https:\\\/\\\/www.youtube.com\\\/channel\\\/UCsoYfr1MZdZT2bqI7CNN1Rw\"]},{\"@type\":\"Person\",\"@id\":\"https:\\\/\\\/generate.fr\\\/#\\\/schema\\\/person\\\/2895efb6d641efb3170ace8678ace18c\",\"name\":\"Thomas Kolbe\",\"image\":{\"@type\":\"ImageObject\",\"inLanguage\":\"en-US\",\"@id\":\"https:\\\/\\\/secure.gravatar.com\\\/avatar\\\/528dc96708c82c0f0c26eba076b7ff225f08450c6a1be4d0b029763b2d76ef7a?s=96&d=mm&r=g\",\"url\":\"https:\\\/\\\/secure.gravatar.com\\\/avatar\\\/528dc96708c82c0f0c26eba076b7ff225f08450c6a1be4d0b029763b2d76ef7a?s=96&d=mm&r=g\",\"contentUrl\":\"https:\\\/\\\/secure.gravatar.com\\\/avatar\\\/528dc96708c82c0f0c26eba076b7ff225f08450c6a1be4d0b029763b2d76ef7a?s=96&d=mm&r=g\",\"caption\":\"Thomas Kolbe\"},\"url\":\"https:\\\/\\\/generate.fr\\\/en\\\/author\\\/editeur\\\/\"}]}<\/script>\n<!-- \/ Yoast SEO plugin. -->","yoast_head_json":{"title":"EarthCube en t\u00eate de pont pour concevoir un outil de surveillance et de reconnaissance europ\u00e9en - GENERATE","robots":{"index":"index","follow":"follow","max-snippet":"max-snippet:-1","max-image-preview":"max-image-preview:large","max-video-preview":"max-video-preview:-1"},"canonical":"https:\/\/generate.fr\/earthcube-en-tete-de-pont-pour-concevoir-un-outil-de-surveillance-et-de-reconnaissance-europeen\/","og_locale":"en_US","og_type":"article","og_title":"EarthCube en t\u00eate de pont pour concevoir un outil de surveillance et de reconnaissance europ\u00e9en - GENERATE","og_description":"La startup fran\u00e7aise EarthCube, sp\u00e9cialis\u00e9e dans la vision par ordinateur, a annonc\u00e9 avoir \u00e9t\u00e9 s\u00e9lectionn\u00e9e dans le cadre d\u2019un appel d\u2019offres men\u00e9 par la Commission europ\u00e9enne pour mettre en commun une plateforme de surveillance et de renseignement entre les vingt-sept. Earthcube. Ce nom n\u2019\u00e9voque pas encore grand-chose, hormis \u00e0 ceux qui ont suivi le\u00a0plan de","og_url":"https:\/\/generate.fr\/earthcube-en-tete-de-pont-pour-concevoir-un-outil-de-surveillance-et-de-reconnaissance-europeen\/","og_site_name":"GENERATE","article_published_time":"2020-06-26T06:57:58+00:00","og_image":[{"width":1024,"height":530,"url":"https:\/\/generate.fr\/wp-content\/uploads\/2020\/06\/Capture-d\u2019e\u0301cran-2020-06-26-a\u0300-08.57.15-1024x530.png","type":"image\/png"}],"author":"Thomas Kolbe","twitter_card":"summary_large_image","twitter_misc":{"Written by":"Thomas Kolbe","Est. reading time":"4 minutes"},"schema":{"@context":"https:\/\/schema.org","@graph":[{"@type":"Article","@id":"https:\/\/generate.fr\/earthcube-en-tete-de-pont-pour-concevoir-un-outil-de-surveillance-et-de-reconnaissance-europeen\/#article","isPartOf":{"@id":"https:\/\/generate.fr\/earthcube-en-tete-de-pont-pour-concevoir-un-outil-de-surveillance-et-de-reconnaissance-europeen\/"},"author":{"name":"Thomas Kolbe","@id":"https:\/\/generate.fr\/#\/schema\/person\/2895efb6d641efb3170ace8678ace18c"},"headline":"EarthCube en t\u00eate de pont pour concevoir un outil de surveillance et de reconnaissance europ\u00e9en","datePublished":"2020-06-26T06:57:58+00:00","mainEntityOfPage":{"@id":"https:\/\/generate.fr\/earthcube-en-tete-de-pont-pour-concevoir-un-outil-de-surveillance-et-de-reconnaissance-europeen\/"},"wordCount":763,"commentCount":0,"publisher":{"@id":"https:\/\/generate.fr\/#organization"},"image":{"@id":"https:\/\/generate.fr\/earthcube-en-tete-de-pont-pour-concevoir-un-outil-de-surveillance-et-de-reconnaissance-europeen\/#primaryimage"},"thumbnailUrl":"https:\/\/generate.fr\/wp-content\/uploads\/2020\/06\/Capture-d\u2019e\u0301cran-2020-06-26-a\u0300-08.57.15.png","keywords":["earthcube"],"articleSection":["Non classifi\u00e9(e)"],"inLanguage":"en-US","potentialAction":[{"@type":"CommentAction","name":"Comment","target":["https:\/\/generate.fr\/earthcube-en-tete-de-pont-pour-concevoir-un-outil-de-surveillance-et-de-reconnaissance-europeen\/#respond"]}]},{"@type":"WebPage","@id":"https:\/\/generate.fr\/earthcube-en-tete-de-pont-pour-concevoir-un-outil-de-surveillance-et-de-reconnaissance-europeen\/","url":"https:\/\/generate.fr\/earthcube-en-tete-de-pont-pour-concevoir-un-outil-de-surveillance-et-de-reconnaissance-europeen\/","name":"EarthCube en t\u00eate de pont pour concevoir un outil de surveillance et de reconnaissance europ\u00e9en - GENERATE","isPartOf":{"@id":"https:\/\/generate.fr\/#website"},"primaryImageOfPage":{"@id":"https:\/\/generate.fr\/earthcube-en-tete-de-pont-pour-concevoir-un-outil-de-surveillance-et-de-reconnaissance-europeen\/#primaryimage"},"image":{"@id":"https:\/\/generate.fr\/earthcube-en-tete-de-pont-pour-concevoir-un-outil-de-surveillance-et-de-reconnaissance-europeen\/#primaryimage"},"thumbnailUrl":"https:\/\/generate.fr\/wp-content\/uploads\/2020\/06\/Capture-d\u2019e\u0301cran-2020-06-26-a\u0300-08.57.15.png","datePublished":"2020-06-26T06:57:58+00:00","breadcrumb":{"@id":"https:\/\/generate.fr\/earthcube-en-tete-de-pont-pour-concevoir-un-outil-de-surveillance-et-de-reconnaissance-europeen\/#breadcrumb"},"inLanguage":"en-US","potentialAction":[{"@type":"ReadAction","target":["https:\/\/generate.fr\/earthcube-en-tete-de-pont-pour-concevoir-un-outil-de-surveillance-et-de-reconnaissance-europeen\/"]}]},{"@type":"ImageObject","inLanguage":"en-US","@id":"https:\/\/generate.fr\/earthcube-en-tete-de-pont-pour-concevoir-un-outil-de-surveillance-et-de-reconnaissance-europeen\/#primaryimage","url":"https:\/\/generate.fr\/wp-content\/uploads\/2020\/06\/Capture-d\u2019e\u0301cran-2020-06-26-a\u0300-08.57.15.png","contentUrl":"https:\/\/generate.fr\/wp-content\/uploads\/2020\/06\/Capture-d\u2019e\u0301cran-2020-06-26-a\u0300-08.57.15.png","width":1674,"height":866},{"@type":"BreadcrumbList","@id":"https:\/\/generate.fr\/earthcube-en-tete-de-pont-pour-concevoir-un-outil-de-surveillance-et-de-reconnaissance-europeen\/#breadcrumb","itemListElement":[{"@type":"ListItem","position":1,"name":"Accueil","item":"https:\/\/generate.fr\/"},{"@type":"ListItem","position":2,"name":"EarthCube en t\u00eate de pont pour concevoir un outil de surveillance et de reconnaissance europ\u00e9en"}]},{"@type":"WebSite","@id":"https:\/\/generate.fr\/#website","url":"https:\/\/generate.fr\/","name":"GENERATE","description":"Acc\u00e9l\u00e9rateur d&#039;innovation pour la D\u00e9fense et la S\u00e9curit\u00e9","publisher":{"@id":"https:\/\/generate.fr\/#organization"},"potentialAction":[{"@type":"SearchAction","target":{"@type":"EntryPoint","urlTemplate":"https:\/\/generate.fr\/?s={search_term_string}"},"query-input":{"@type":"PropertyValueSpecification","valueRequired":true,"valueName":"search_term_string"}}],"inLanguage":"en-US"},{"@type":"Organization","@id":"https:\/\/generate.fr\/#organization","name":"Generate","url":"https:\/\/generate.fr\/","logo":{"@type":"ImageObject","inLanguage":"en-US","@id":"https:\/\/generate.fr\/#\/schema\/logo\/image\/","url":"https:\/\/generate.fr\/wp-content\/uploads\/2019\/05\/Generate.png","contentUrl":"https:\/\/generate.fr\/wp-content\/uploads\/2019\/05\/Generate.png","width":1000,"height":316,"caption":"Generate"},"image":{"@id":"https:\/\/generate.fr\/#\/schema\/logo\/image\/"},"sameAs":["https:\/\/www.youtube.com\/channel\/UCsoYfr1MZdZT2bqI7CNN1Rw"]},{"@type":"Person","@id":"https:\/\/generate.fr\/#\/schema\/person\/2895efb6d641efb3170ace8678ace18c","name":"Thomas Kolbe","image":{"@type":"ImageObject","inLanguage":"en-US","@id":"https:\/\/secure.gravatar.com\/avatar\/528dc96708c82c0f0c26eba076b7ff225f08450c6a1be4d0b029763b2d76ef7a?s=96&d=mm&r=g","url":"https:\/\/secure.gravatar.com\/avatar\/528dc96708c82c0f0c26eba076b7ff225f08450c6a1be4d0b029763b2d76ef7a?s=96&d=mm&r=g","contentUrl":"https:\/\/secure.gravatar.com\/avatar\/528dc96708c82c0f0c26eba076b7ff225f08450c6a1be4d0b029763b2d76ef7a?s=96&d=mm&r=g","caption":"Thomas Kolbe"},"url":"https:\/\/generate.fr\/en\/author\/editeur\/"}]}},"_links":{"self":[{"href":"https:\/\/generate.fr\/en\/wp-json\/wp\/v2\/posts\/3354","targetHints":{"allow":["GET"]}}],"collection":[{"href":"https:\/\/generate.fr\/en\/wp-json\/wp\/v2\/posts"}],"about":[{"href":"https:\/\/generate.fr\/en\/wp-json\/wp\/v2\/types\/post"}],"author":[{"embeddable":true,"href":"https:\/\/generate.fr\/en\/wp-json\/wp\/v2\/users\/2"}],"replies":[{"embeddable":true,"href":"https:\/\/generate.fr\/en\/wp-json\/wp\/v2\/comments?post=3354"}],"version-history":[{"count":1,"href":"https:\/\/generate.fr\/en\/wp-json\/wp\/v2\/posts\/3354\/revisions"}],"predecessor-version":[{"id":3357,"href":"https:\/\/generate.fr\/en\/wp-json\/wp\/v2\/posts\/3354\/revisions\/3357"}],"wp:featuredmedia":[{"embeddable":true,"href":"https:\/\/generate.fr\/en\/wp-json\/wp\/v2\/media\/3355"}],"wp:attachment":[{"href":"https:\/\/generate.fr\/en\/wp-json\/wp\/v2\/media?parent=3354"}],"wp:term":[{"taxonomy":"category","embeddable":true,"href":"https:\/\/generate.fr\/en\/wp-json\/wp\/v2\/categories?post=3354"},{"taxonomy":"post_tag","embeddable":true,"href":"https:\/\/generate.fr\/en\/wp-json\/wp\/v2\/tags?post=3354"}],"curies":[{"name":"wp","href":"https:\/\/api.w.org\/{rel}","templated":true}]}}