{"id":3403,"date":"2020-07-10T12:26:00","date_gmt":"2020-07-10T12:26:00","guid":{"rendered":"https:\/\/generate.fr\/?p=3403"},"modified":"2020-07-10T12:26:00","modified_gmt":"2020-07-10T12:26:00","slug":"replay-financement-et-developpement-des-startups-evoluant-dans-le-domaine-de-la-defense","status":"publish","type":"post","link":"https:\/\/generate.fr\/en\/replay-financement-et-developpement-des-startups-evoluant-dans-le-domaine-de-la-defense\/","title":{"rendered":"Replay - Financement et d\u00e9veloppement des startups \u00e9voluant dans le domaine de la d\u00e9fense"},"content":{"rendered":"<p>La FRS a organis\u00e9, le 9 juillet 2020, une Web Conf\u00e9rence D\u00e9fense &amp; Industries sur le th\u00e8me \u00ab Financement et d\u00e9veloppement des startups \u00e9voluant dans le domaine de la d\u00e9fense : des contraintes et des caract\u00e9ristiques sp\u00e9cifiques ? \u00bb.<\/p>\n<ul>\n<li>Fran\u00e7ois Mattens,\u00a0responsable de l'acc\u00e9l\u00e9rateur GENERATE by GICAT,\u00a0directeur des affaires publiques et de l'innovation du GICAT<\/li>\n<li>Arnaud Gu\u00e9rin, pr\u00e9sident et co-fondateur d'Earthcube<\/li>\n<li>Karine Joyeux, pr\u00e9sidente d'Elika Team<\/li>\n<\/ul>\n<p>Mod\u00e9rateur :<\/p>\n<ul>\n<li>\u00a0<a href=\"https:\/\/www.frstrategie.org\/frs\/chercheurs\/kevin-martin\">K\u00e9vin Martin<\/a>, charg\u00e9 de recherche \u00e0 la FRS<\/li>\n<\/ul>\n<p>&nbsp;<\/p>\n<p><iframe loading=\"lazy\" src=\"https:\/\/www.youtube.com\/embed\/ZKNSIAz2ZYM\" width=\"560\" height=\"315\" frameborder=\"0\" allowfullscreen=\"allowfullscreen\"><\/iframe><\/p>\n","protected":false},"excerpt":{"rendered":"<p>La FRS a organis\u00e9, le 9 juillet 2020, une Web Conf\u00e9rence D\u00e9fense &amp; Industries sur le th\u00e8me \u00ab Financement et d\u00e9veloppement des startups \u00e9voluant dans le domaine de la d\u00e9fense : des contraintes et des caract\u00e9ristiques sp\u00e9cifiques ? \u00bb. Fran\u00e7ois Mattens,\u00a0responsable de l'acc\u00e9l\u00e9rateur GENERATE by GICAT,\u00a0directeur des affaires publiques et de l'innovation du GICAT Arnaud [&hellip;]<\/p>\n","protected":false},"author":2,"featured_media":0,"comment_status":"open","ping_status":"open","sticky":false,"template":"","format":"standard","meta":{"footnotes":""},"categories":[7],"tags":[],"class_list":["post-3403","post","type-post","status-publish","format-standard","hentry","category-articles-itw","post-wrapper"],"yoast_head":"<!-- This site is optimized with the Yoast SEO plugin v27.4 - https:\/\/yoast.com\/product\/yoast-seo-wordpress\/ -->\n<title>Replay - Financement et d\u00e9veloppement des startups \u00e9voluant dans le domaine de la d\u00e9fense - GENERATE<\/title>\n<meta name=\"robots\" content=\"index, follow, max-snippet:-1, max-image-preview:large, max-video-preview:-1\" \/>\n<link rel=\"canonical\" href=\"https:\/\/generate.fr\/replay-financement-et-developpement-des-startups-evoluant-dans-le-domaine-de-la-defense\/\" \/>\n<meta property=\"og:locale\" content=\"en_US\" \/>\n<meta property=\"og:type\" content=\"article\" \/>\n<meta property=\"og:title\" content=\"Replay - Financement et d\u00e9veloppement des startups \u00e9voluant dans le domaine de la d\u00e9fense - GENERATE\" \/>\n<meta property=\"og:description\" content=\"La FRS a organis\u00e9, le 9 juillet 2020, une Web Conf\u00e9rence D\u00e9fense &amp; Industries sur le th\u00e8me \u00ab Financement et d\u00e9veloppement des startups \u00e9voluant dans le domaine de la d\u00e9fense : des contraintes et des caract\u00e9ristiques sp\u00e9cifiques ? \u00bb. Fran\u00e7ois Mattens,\u00a0responsable de l&#039;acc\u00e9l\u00e9rateur GENERATE by GICAT,\u00a0directeur des affaires publiques et de l&#039;innovation du GICAT Arnaud\" \/>\n<meta property=\"og:url\" content=\"https:\/\/generate.fr\/replay-financement-et-developpement-des-startups-evoluant-dans-le-domaine-de-la-defense\/\" \/>\n<meta property=\"og:site_name\" content=\"GENERATE\" \/>\n<meta property=\"article:published_time\" content=\"2020-07-10T12:26:00+00:00\" \/>\n<meta property=\"og:image\" content=\"https:\/\/generate.fr\/wp-content\/uploads\/2019\/07\/generateFacebook.jpg\" \/>\n\t<meta property=\"og:image:width\" content=\"500\" \/>\n\t<meta property=\"og:image:height\" content=\"261\" \/>\n\t<meta property=\"og:image:type\" content=\"image\/jpeg\" \/>\n<meta name=\"author\" content=\"Thomas Kolbe\" \/>\n<meta name=\"twitter:card\" content=\"summary_large_image\" \/>\n<meta name=\"twitter:label1\" content=\"Written by\" \/>\n\t<meta name=\"twitter:data1\" content=\"Thomas Kolbe\" \/>\n<script type=\"application\/ld+json\" class=\"yoast-schema-graph\">{\"@context\":\"https:\\\/\\\/schema.org\",\"@graph\":[{\"@type\":\"Article\",\"@id\":\"https:\\\/\\\/generate.fr\\\/replay-financement-et-developpement-des-startups-evoluant-dans-le-domaine-de-la-defense\\\/#article\",\"isPartOf\":{\"@id\":\"https:\\\/\\\/generate.fr\\\/replay-financement-et-developpement-des-startups-evoluant-dans-le-domaine-de-la-defense\\\/\"},\"author\":{\"name\":\"Thomas Kolbe\",\"@id\":\"https:\\\/\\\/generate.fr\\\/#\\\/schema\\\/person\\\/2895efb6d641efb3170ace8678ace18c\"},\"headline\":\"Replay - Financement et d\u00e9veloppement des startups \u00e9voluant dans le domaine de la d\u00e9fense\",\"datePublished\":\"2020-07-10T12:26:00+00:00\",\"mainEntityOfPage\":{\"@id\":\"https:\\\/\\\/generate.fr\\\/replay-financement-et-developpement-des-startups-evoluant-dans-le-domaine-de-la-defense\\\/\"},\"wordCount\":105,\"commentCount\":0,\"publisher\":{\"@id\":\"https:\\\/\\\/generate.fr\\\/#organization\"},\"articleSection\":[\"Articles &amp; ITW\"],\"inLanguage\":\"en-US\",\"potentialAction\":[{\"@type\":\"CommentAction\",\"name\":\"Comment\",\"target\":[\"https:\\\/\\\/generate.fr\\\/replay-financement-et-developpement-des-startups-evoluant-dans-le-domaine-de-la-defense\\\/#respond\"]}]},{\"@type\":\"WebPage\",\"@id\":\"https:\\\/\\\/generate.fr\\\/replay-financement-et-developpement-des-startups-evoluant-dans-le-domaine-de-la-defense\\\/\",\"url\":\"https:\\\/\\\/generate.fr\\\/replay-financement-et-developpement-des-startups-evoluant-dans-le-domaine-de-la-defense\\\/\",\"name\":\"Replay - Financement et d\u00e9veloppement des startups \u00e9voluant dans le domaine de la d\u00e9fense - GENERATE\",\"isPartOf\":{\"@id\":\"https:\\\/\\\/generate.fr\\\/#website\"},\"datePublished\":\"2020-07-10T12:26:00+00:00\",\"breadcrumb\":{\"@id\":\"https:\\\/\\\/generate.fr\\\/replay-financement-et-developpement-des-startups-evoluant-dans-le-domaine-de-la-defense\\\/#breadcrumb\"},\"inLanguage\":\"en-US\",\"potentialAction\":[{\"@type\":\"ReadAction\",\"target\":[\"https:\\\/\\\/generate.fr\\\/replay-financement-et-developpement-des-startups-evoluant-dans-le-domaine-de-la-defense\\\/\"]}]},{\"@type\":\"BreadcrumbList\",\"@id\":\"https:\\\/\\\/generate.fr\\\/replay-financement-et-developpement-des-startups-evoluant-dans-le-domaine-de-la-defense\\\/#breadcrumb\",\"itemListElement\":[{\"@type\":\"ListItem\",\"position\":1,\"name\":\"Accueil\",\"item\":\"https:\\\/\\\/generate.fr\\\/\"},{\"@type\":\"ListItem\",\"position\":2,\"name\":\"Replay - Financement et d\u00e9veloppement des startups \u00e9voluant dans le domaine de la d\u00e9fense\"}]},{\"@type\":\"WebSite\",\"@id\":\"https:\\\/\\\/generate.fr\\\/#website\",\"url\":\"https:\\\/\\\/generate.fr\\\/\",\"name\":\"GENERATE\",\"description\":\"Acc\u00e9l\u00e9rateur d&#039;innovation pour la D\u00e9fense et la S\u00e9curit\u00e9\",\"publisher\":{\"@id\":\"https:\\\/\\\/generate.fr\\\/#organization\"},\"potentialAction\":[{\"@type\":\"SearchAction\",\"target\":{\"@type\":\"EntryPoint\",\"urlTemplate\":\"https:\\\/\\\/generate.fr\\\/?s={search_term_string}\"},\"query-input\":{\"@type\":\"PropertyValueSpecification\",\"valueRequired\":true,\"valueName\":\"search_term_string\"}}],\"inLanguage\":\"en-US\"},{\"@type\":\"Organization\",\"@id\":\"https:\\\/\\\/generate.fr\\\/#organization\",\"name\":\"Generate\",\"url\":\"https:\\\/\\\/generate.fr\\\/\",\"logo\":{\"@type\":\"ImageObject\",\"inLanguage\":\"en-US\",\"@id\":\"https:\\\/\\\/generate.fr\\\/#\\\/schema\\\/logo\\\/image\\\/\",\"url\":\"https:\\\/\\\/generate.fr\\\/wp-content\\\/uploads\\\/2019\\\/05\\\/Generate.png\",\"contentUrl\":\"https:\\\/\\\/generate.fr\\\/wp-content\\\/uploads\\\/2019\\\/05\\\/Generate.png\",\"width\":1000,\"height\":316,\"caption\":\"Generate\"},\"image\":{\"@id\":\"https:\\\/\\\/generate.fr\\\/#\\\/schema\\\/logo\\\/image\\\/\"},\"sameAs\":[\"https:\\\/\\\/www.youtube.com\\\/channel\\\/UCsoYfr1MZdZT2bqI7CNN1Rw\"]},{\"@type\":\"Person\",\"@id\":\"https:\\\/\\\/generate.fr\\\/#\\\/schema\\\/person\\\/2895efb6d641efb3170ace8678ace18c\",\"name\":\"Thomas Kolbe\",\"image\":{\"@type\":\"ImageObject\",\"inLanguage\":\"en-US\",\"@id\":\"https:\\\/\\\/secure.gravatar.com\\\/avatar\\\/528dc96708c82c0f0c26eba076b7ff225f08450c6a1be4d0b029763b2d76ef7a?s=96&d=mm&r=g\",\"url\":\"https:\\\/\\\/secure.gravatar.com\\\/avatar\\\/528dc96708c82c0f0c26eba076b7ff225f08450c6a1be4d0b029763b2d76ef7a?s=96&d=mm&r=g\",\"contentUrl\":\"https:\\\/\\\/secure.gravatar.com\\\/avatar\\\/528dc96708c82c0f0c26eba076b7ff225f08450c6a1be4d0b029763b2d76ef7a?s=96&d=mm&r=g\",\"caption\":\"Thomas Kolbe\"},\"url\":\"https:\\\/\\\/generate.fr\\\/en\\\/author\\\/editeur\\\/\"}]}<\/script>\n<!-- \/ Yoast SEO plugin. -->","yoast_head_json":{"title":"Replay - Financement et d\u00e9veloppement des startups \u00e9voluant dans le domaine de la d\u00e9fense - GENERATE","robots":{"index":"index","follow":"follow","max-snippet":"max-snippet:-1","max-image-preview":"max-image-preview:large","max-video-preview":"max-video-preview:-1"},"canonical":"https:\/\/generate.fr\/replay-financement-et-developpement-des-startups-evoluant-dans-le-domaine-de-la-defense\/","og_locale":"en_US","og_type":"article","og_title":"Replay - Financement et d\u00e9veloppement des startups \u00e9voluant dans le domaine de la d\u00e9fense - GENERATE","og_description":"La FRS a organis\u00e9, le 9 juillet 2020, une Web Conf\u00e9rence D\u00e9fense &amp; Industries sur le th\u00e8me \u00ab Financement et d\u00e9veloppement des startups \u00e9voluant dans le domaine de la d\u00e9fense : des contraintes et des caract\u00e9ristiques sp\u00e9cifiques ? \u00bb. Fran\u00e7ois Mattens,\u00a0responsable de l'acc\u00e9l\u00e9rateur GENERATE by GICAT,\u00a0directeur des affaires publiques et de l'innovation du GICAT Arnaud","og_url":"https:\/\/generate.fr\/replay-financement-et-developpement-des-startups-evoluant-dans-le-domaine-de-la-defense\/","og_site_name":"GENERATE","article_published_time":"2020-07-10T12:26:00+00:00","og_image":[{"width":500,"height":261,"url":"https:\/\/generate.fr\/wp-content\/uploads\/2019\/07\/generateFacebook.jpg","type":"image\/jpeg"}],"author":"Thomas Kolbe","twitter_card":"summary_large_image","twitter_misc":{"Written by":"Thomas Kolbe"},"schema":{"@context":"https:\/\/schema.org","@graph":[{"@type":"Article","@id":"https:\/\/generate.fr\/replay-financement-et-developpement-des-startups-evoluant-dans-le-domaine-de-la-defense\/#article","isPartOf":{"@id":"https:\/\/generate.fr\/replay-financement-et-developpement-des-startups-evoluant-dans-le-domaine-de-la-defense\/"},"author":{"name":"Thomas Kolbe","@id":"https:\/\/generate.fr\/#\/schema\/person\/2895efb6d641efb3170ace8678ace18c"},"headline":"Replay - Financement et d\u00e9veloppement des startups \u00e9voluant dans le domaine de la d\u00e9fense","datePublished":"2020-07-10T12:26:00+00:00","mainEntityOfPage":{"@id":"https:\/\/generate.fr\/replay-financement-et-developpement-des-startups-evoluant-dans-le-domaine-de-la-defense\/"},"wordCount":105,"commentCount":0,"publisher":{"@id":"https:\/\/generate.fr\/#organization"},"articleSection":["Articles &amp; ITW"],"inLanguage":"en-US","potentialAction":[{"@type":"CommentAction","name":"Comment","target":["https:\/\/generate.fr\/replay-financement-et-developpement-des-startups-evoluant-dans-le-domaine-de-la-defense\/#respond"]}]},{"@type":"WebPage","@id":"https:\/\/generate.fr\/replay-financement-et-developpement-des-startups-evoluant-dans-le-domaine-de-la-defense\/","url":"https:\/\/generate.fr\/replay-financement-et-developpement-des-startups-evoluant-dans-le-domaine-de-la-defense\/","name":"Replay - Financement et d\u00e9veloppement des startups \u00e9voluant dans le domaine de la d\u00e9fense - GENERATE","isPartOf":{"@id":"https:\/\/generate.fr\/#website"},"datePublished":"2020-07-10T12:26:00+00:00","breadcrumb":{"@id":"https:\/\/generate.fr\/replay-financement-et-developpement-des-startups-evoluant-dans-le-domaine-de-la-defense\/#breadcrumb"},"inLanguage":"en-US","potentialAction":[{"@type":"ReadAction","target":["https:\/\/generate.fr\/replay-financement-et-developpement-des-startups-evoluant-dans-le-domaine-de-la-defense\/"]}]},{"@type":"BreadcrumbList","@id":"https:\/\/generate.fr\/replay-financement-et-developpement-des-startups-evoluant-dans-le-domaine-de-la-defense\/#breadcrumb","itemListElement":[{"@type":"ListItem","position":1,"name":"Accueil","item":"https:\/\/generate.fr\/"},{"@type":"ListItem","position":2,"name":"Replay - Financement et d\u00e9veloppement des startups \u00e9voluant dans le domaine de la d\u00e9fense"}]},{"@type":"WebSite","@id":"https:\/\/generate.fr\/#website","url":"https:\/\/generate.fr\/","name":"GENERATE","description":"Acc\u00e9l\u00e9rateur d&#039;innovation pour la D\u00e9fense et la S\u00e9curit\u00e9","publisher":{"@id":"https:\/\/generate.fr\/#organization"},"potentialAction":[{"@type":"SearchAction","target":{"@type":"EntryPoint","urlTemplate":"https:\/\/generate.fr\/?s={search_term_string}"},"query-input":{"@type":"PropertyValueSpecification","valueRequired":true,"valueName":"search_term_string"}}],"inLanguage":"en-US"},{"@type":"Organization","@id":"https:\/\/generate.fr\/#organization","name":"Generate","url":"https:\/\/generate.fr\/","logo":{"@type":"ImageObject","inLanguage":"en-US","@id":"https:\/\/generate.fr\/#\/schema\/logo\/image\/","url":"https:\/\/generate.fr\/wp-content\/uploads\/2019\/05\/Generate.png","contentUrl":"https:\/\/generate.fr\/wp-content\/uploads\/2019\/05\/Generate.png","width":1000,"height":316,"caption":"Generate"},"image":{"@id":"https:\/\/generate.fr\/#\/schema\/logo\/image\/"},"sameAs":["https:\/\/www.youtube.com\/channel\/UCsoYfr1MZdZT2bqI7CNN1Rw"]},{"@type":"Person","@id":"https:\/\/generate.fr\/#\/schema\/person\/2895efb6d641efb3170ace8678ace18c","name":"Thomas Kolbe","image":{"@type":"ImageObject","inLanguage":"en-US","@id":"https:\/\/secure.gravatar.com\/avatar\/528dc96708c82c0f0c26eba076b7ff225f08450c6a1be4d0b029763b2d76ef7a?s=96&d=mm&r=g","url":"https:\/\/secure.gravatar.com\/avatar\/528dc96708c82c0f0c26eba076b7ff225f08450c6a1be4d0b029763b2d76ef7a?s=96&d=mm&r=g","contentUrl":"https:\/\/secure.gravatar.com\/avatar\/528dc96708c82c0f0c26eba076b7ff225f08450c6a1be4d0b029763b2d76ef7a?s=96&d=mm&r=g","caption":"Thomas Kolbe"},"url":"https:\/\/generate.fr\/en\/author\/editeur\/"}]}},"_links":{"self":[{"href":"https:\/\/generate.fr\/en\/wp-json\/wp\/v2\/posts\/3403","targetHints":{"allow":["GET"]}}],"collection":[{"href":"https:\/\/generate.fr\/en\/wp-json\/wp\/v2\/posts"}],"about":[{"href":"https:\/\/generate.fr\/en\/wp-json\/wp\/v2\/types\/post"}],"author":[{"embeddable":true,"href":"https:\/\/generate.fr\/en\/wp-json\/wp\/v2\/users\/2"}],"replies":[{"embeddable":true,"href":"https:\/\/generate.fr\/en\/wp-json\/wp\/v2\/comments?post=3403"}],"version-history":[{"count":1,"href":"https:\/\/generate.fr\/en\/wp-json\/wp\/v2\/posts\/3403\/revisions"}],"predecessor-version":[{"id":3404,"href":"https:\/\/generate.fr\/en\/wp-json\/wp\/v2\/posts\/3403\/revisions\/3404"}],"wp:attachment":[{"href":"https:\/\/generate.fr\/en\/wp-json\/wp\/v2\/media?parent=3403"}],"wp:term":[{"taxonomy":"category","embeddable":true,"href":"https:\/\/generate.fr\/en\/wp-json\/wp\/v2\/categories?post=3403"},{"taxonomy":"post_tag","embeddable":true,"href":"https:\/\/generate.fr\/en\/wp-json\/wp\/v2\/tags?post=3403"}],"curies":[{"name":"wp","href":"https:\/\/api.w.org\/{rel}","templated":true}]}}