{"id":3422,"date":"2020-07-19T20:59:23","date_gmt":"2020-07-19T20:59:23","guid":{"rendered":"https:\/\/generate.fr\/?p=3422"},"modified":"2020-07-19T20:59:23","modified_gmt":"2020-07-19T20:59:23","slug":"comment-la-technologie-francaise-peut-controler-le-port-du-masque-obligatoire","status":"publish","type":"post","link":"https:\/\/generate.fr\/en\/comment-la-technologie-francaise-peut-controler-le-port-du-masque-obligatoire\/","title":{"rendered":"Comment la technologie fran\u00e7aise peut contr\u00f4ler le port du masque obligatoire"},"content":{"rendered":"<p><strong>Cam\u00e9ras intelligentes, radars laser... Plusieurs technologies sont test\u00e9es pour aider \u00e0 contr\u00f4ler le respect du port du masque, suscitant parfois des inqui\u00e9tudes concernant la vie priv\u00e9e.<\/strong><\/p>\n<p class=\"css-s6jpj4 ekabp3u0\">\u00c0 partir de la semaine prochaine,\u00a0<a class=\"css-15ezjzi esdb6og5\" href=\"https:\/\/www.lefigaro.fr\/sciences\/pourquoi-le-port-du-masque-va-etre-rendu-obligatoire-en-lieu-public-clos-20200715\" data-fig-id=\"bGVmaWdhcm8uZnJfXzJmMDI1ZmIwLWM2YjYtMTFlYS04NWU3LTFmMDEyYzc0ZTU2NV9fQXJ0aWNsZQ==\" data-fig-type=\"Article\" data-gtm-custom-categorie=\"navigation\" data-gtm-custom-action=\"crossclick\" data-gtm-custom-label=\"Contextuel\" data-gtm-event=\"customEventSPE\">le port du masque deviendra obligatoire dans les lieux publics clos<\/a>. Comment d\u00e8s lors contr\u00f4ler que des milliers d\u2019individus respectent ou non la consigne? Plusieurs start-up fran\u00e7aises ont d\u00e9velopp\u00e9 des solutions, qui ont commenc\u00e9 \u00e0 \u00eatre test\u00e9es.<\/p>\n<p class=\"css-s6jpj4 ekabp3u0\">Certaines entreprises ont \u00e9labor\u00e9 des outils qui n\u00e9cessitent l\u2019utilisation de cam\u00e9ras. Un logiciel est install\u00e9 et d\u00e9tecte, gr\u00e2ce \u00e0 l\u2019intelligence artificielle, les visages masqu\u00e9s. \u00ab<em>Il ne s\u2019agit pas de reconnaissance faciale. On reconna\u00eet simplement la forme humaine derri\u00e8re le masque, mais nous n\u2019avons pas acc\u00e8s \u00e0 l\u2019identit\u00e9 des personnes film\u00e9es<\/em>\u00bb, explique Virginie Ducable, chef de projet au sein de RedLab, une start-up normande qui propose ce type de solution. Aucune image n\u2019est stock\u00e9e sur des serveurs, seules les donn\u00e9es statistiques sont envoy\u00e9es au client. \u00ab<em>Ces statistiques pourront leur servir de mani\u00e8re concr\u00e8te. Par exemple, s\u2019ils constatent que trop peu de personnes portent un masque \u00e0 un moment donn\u00e9, ils pourront lancer automatiquement des annonces vocales incitant \u00e0 respecter les consignes sanitaires\u00bb,\u00a0<\/em>ajoute-t-elle. En somme, comme le r\u00e9sume Olivier Gualdoni, PDG de Drone Volt, dont la filiale A\u00e9rialtronics travaille sur un projet similaire, \u00ab<em>Notre solution vise \u00e0 pr\u00e9venir, pas \u00e0 punir. On est compl\u00e8tement \u00e0 l\u2019oppos\u00e9 des clich\u00e9s de r\u00e9pression associ\u00e9s \u00e0 l\u2019intelligence artificielle<\/em>\u00bb.<\/p>\n<p class=\"css-s6jpj4 ekabp3u0\">Si A\u00e9rialtronics n\u2019a pas encore sign\u00e9 de contrat, malgr\u00e9 \u00ab<em>des discussions avanc\u00e9es<\/em>\u00bb, RedLab affirme de son c\u00f4t\u00e9 que son outil sera test\u00e9 en ao\u00fbt au sein du r\u00e9seau de bus et de m\u00e9tros de l\u2019agglom\u00e9ration rouennaise. La SNCF, plusieurs \u00e9tablissements de sant\u00e9, ainsi que les Z\u00e9nith de Caen et de Rouen sont \u00e9galement int\u00e9ress\u00e9s.<\/p>\n<h2 class=\"css-1trbs3s e197bajz0\">Le droit d\u2019opposition en question<\/h2>\n<p class=\"css-s6jpj4 ekabp3u0\"><a class=\"css-15ezjzi esdb6og5\" href=\"https:\/\/www.lefigaro.fr\/actualite-france\/a-cannes-des-cameras-detectent-les-personnes-masquees-20200427\" data-fig-id=\"bGVmaWdhcm8uZnJfXzM5NDkyMDZlLTg4OWQtMTFlYS05NDc5LTkyY2MyOTE1OGI4Ml9fQXJ0aWNsZQ==\" data-fig-type=\"Article\" data-gtm-custom-categorie=\"navigation\" data-gtm-custom-action=\"crossclick\" data-gtm-custom-label=\"Contextuel\" data-gtm-event=\"customEventSPE\">La mairie de Cannes<\/a>\u00a0et la RATP ont pour leur part fait appel \u00e0 la start-up Datakalab, qui a mis au point une solution analogue. Mais les exp\u00e9rimentations ont \u00e9t\u00e9 suspendues apr\u00e8s que la CNIL, saisie par Datakalab elle-m\u00eame dans un souci de transparence,\u00a0<a class=\"css-15ezjzi esdb6og5\" href=\"https:\/\/www.cnil.fr\/fr\/cameras-dites-intelligentes-et-cameras-thermiques-les-points-de-vigilance-de-la-cnil-et-les-regles\" data-gtm-custom-categorie=\"navigation\" data-gtm-custom-action=\"crossclick\" data-gtm-custom-label=\"Contextuel\" data-gtm-event=\"customEventSPE\">a exprim\u00e9 ses inqui\u00e9tudes<\/a>\u00a0au sujet des \u00abcam\u00e9ras intelligentes\u00bb. Pour l\u2019institution, ce genre de dispositif risque de g\u00e9n\u00e9rer \u00ab<em>un ph\u00e9nom\u00e8ne d\u2019accoutumance et de banalisation de technologies intrusives, et d\u2019engendrer une surveillance accrue, susceptible de porter atteinte au bon fonctionnement de notre soci\u00e9t\u00e9 d\u00e9mocratique<\/em>\u00bb.<\/p>\n<p class=\"css-s6jpj4 ekabp3u0\">L\u2019institution a \u00e9galement rappel\u00e9 qu\u2019en vertu de l\u2019article 21 du RGPD, tout personne a le droit de s\u2019opposer \u00e0 faire l\u2019objet d\u2019une captation de son image dans l\u2019espace public. \u00c0 cet effet, Datakalab proposait aux passants de secouer la t\u00eate pour manifester leur d\u00e9saccord, une modalit\u00e9 jug\u00e9e \u00ab<em>insuffisante et peu pratique<\/em>\u00bb pour la CNIL. \u00ab<em>La loi ne mentionne pas la marche \u00e0 suivre en mani\u00e8re de cam\u00e9ra intelligente. On cherche simplement \u00e0 d\u00e9terminer quels sont les bons usages<\/em>\u00bb, souligne le PDG de la start-up Xavier Fischer, tout en assurant r\u00e9fl\u00e9chir \u00e0 une autre solution pour que les passants puissent exprimer leur droit d\u2019opposition.<\/p>\n<h2 class=\"css-1trbs3s e197bajz0\">Une alternative aux cam\u00e9ras<\/h2>\n<p class=\"css-s6jpj4 ekabp3u0\">Alors que les cam\u00e9ras suscitent de nombreuses craintes, une autre technologie est elle aussi \u00e0 l\u2019\u00e9tude: la technologie lidar. Celle-ci \u00e9met un faisceau laser qui permet, comme un radar, d\u2019analyser les formes, notamment celles des masques, par ricochet des ondes \u00e9mises. Ainsi, les visages ne peuvent pas non plus \u00eatre reconnus. Sp\u00e9cialis\u00e9e dans \u00abl\u2019intelligence spatiale\u00bb,\u00a0<a class=\"css-15ezjzi esdb6og5\" href=\"https:\/\/www.lefigaro.fr\/secteur\/high-tech\/a-l-aeroport-de-roissy-un-laser-pour-detecter-les-personnes-sans-masque-20200515\" data-fig-id=\"bGVmaWdhcm8uZnJfXzhiZmI3MmQyLTk2YmYtMTFlYS04NDNkLWI2NWExOGI4MTZiMl9fQXJ0aWNsZQ==\" data-fig-type=\"Article\" data-gtm-custom-categorie=\"navigation\" data-gtm-custom-action=\"crossclick\" data-gtm-custom-label=\"Contextuel\" data-gtm-event=\"customEventSPE\">la start-up Outsight<\/a>\u00a0a su convaincre ADP de d\u00e9ployer cette technologie dans un terminal de l\u2019a\u00e9roport de Roissy. Un moyen pour ADP de savoir avec pr\u00e9cision \u00e0 quel point les usagers respectent le port du masque ou la distanciation sociale. Gr\u00e2ce \u00e0 cet outil, l\u2019a\u00e9roport peut alors d\u00e9ployer son personnel dans certaines zones pour inciter \u00e0 respecter les consignes sanitaires, en fonction des besoins, tout en garantissant l\u2018anonymat des voyageurs. \u00ab<em>La surveillance est un danger r\u00e9el<\/em>\u00bb, admet Raul Bravo, le dirigeant d\u2019Outsight. \u00ab<em>Il est justifi\u00e9 qu\u2019on se pose des questions \u00e0 ce sujet. Le tout, c\u2019est de trouver les solutions adapt\u00e9es<\/em>\u00bb.<\/p>\n<p><a href=\"https:\/\/www.lefigaro.fr\/secteur\/high-tech\/comment-la-technologie-francaise-peut-controler-le-port-du-masque-obligatoire-20200717\"><strong>Source : Le Figaro<\/strong><\/a><\/p>\n","protected":false},"excerpt":{"rendered":"<p>Cam\u00e9ras intelligentes, radars laser... Plusieurs technologies sont test\u00e9es pour aider \u00e0 contr\u00f4ler le respect du port du masque, suscitant parfois des inqui\u00e9tudes concernant la vie priv\u00e9e. \u00c0 partir de la semaine prochaine,\u00a0le port du masque deviendra obligatoire dans les lieux publics clos. Comment d\u00e8s lors contr\u00f4ler que des milliers d\u2019individus respectent ou non la consigne? [&hellip;]<\/p>\n","protected":false},"author":2,"featured_media":3423,"comment_status":"open","ping_status":"open","sticky":false,"template":"","format":"standard","meta":{"footnotes":""},"categories":[7],"tags":[94],"class_list":["post-3422","post","type-post","status-publish","format-standard","has-post-thumbnail","hentry","category-articles-itw","tag-outsight","post-wrapper"],"yoast_head":"<!-- This site is optimized with the Yoast SEO plugin v27.4 - https:\/\/yoast.com\/product\/yoast-seo-wordpress\/ -->\n<title>Comment la technologie fran\u00e7aise peut contr\u00f4ler le port du masque obligatoire - GENERATE<\/title>\n<meta name=\"robots\" content=\"index, follow, max-snippet:-1, max-image-preview:large, max-video-preview:-1\" \/>\n<link rel=\"canonical\" href=\"https:\/\/generate.fr\/comment-la-technologie-francaise-peut-controler-le-port-du-masque-obligatoire\/\" \/>\n<meta property=\"og:locale\" content=\"en_US\" \/>\n<meta property=\"og:type\" content=\"article\" \/>\n<meta property=\"og:title\" content=\"Comment la technologie fran\u00e7aise peut contr\u00f4ler le port du masque obligatoire - GENERATE\" \/>\n<meta property=\"og:description\" content=\"Cam\u00e9ras intelligentes, radars laser... Plusieurs technologies sont test\u00e9es pour aider \u00e0 contr\u00f4ler le respect du port du masque, suscitant parfois des inqui\u00e9tudes concernant la vie priv\u00e9e. \u00c0 partir de la semaine prochaine,\u00a0le port du masque deviendra obligatoire dans les lieux publics clos. Comment d\u00e8s lors contr\u00f4ler que des milliers d\u2019individus respectent ou non la consigne?\" \/>\n<meta property=\"og:url\" content=\"https:\/\/generate.fr\/comment-la-technologie-francaise-peut-controler-le-port-du-masque-obligatoire\/\" \/>\n<meta property=\"og:site_name\" content=\"GENERATE\" \/>\n<meta property=\"article:published_time\" content=\"2020-07-19T20:59:23+00:00\" \/>\n<meta property=\"og:image\" content=\"https:\/\/generate.fr\/wp-content\/uploads\/2020\/07\/Capture-d\u2019e\u0301cran-2020-07-19-a\u0300-22.58.55.png\" \/>\n\t<meta property=\"og:image:width\" content=\"982\" \/>\n\t<meta property=\"og:image:height\" content=\"550\" \/>\n\t<meta property=\"og:image:type\" content=\"image\/png\" \/>\n<meta name=\"author\" content=\"Thomas Kolbe\" \/>\n<meta name=\"twitter:card\" content=\"summary_large_image\" \/>\n<meta name=\"twitter:label1\" content=\"Written by\" \/>\n\t<meta name=\"twitter:data1\" content=\"Thomas Kolbe\" \/>\n\t<meta name=\"twitter:label2\" content=\"Est. reading time\" \/>\n\t<meta name=\"twitter:data2\" content=\"4 minutes\" \/>\n<script type=\"application\/ld+json\" class=\"yoast-schema-graph\">{\"@context\":\"https:\\\/\\\/schema.org\",\"@graph\":[{\"@type\":\"Article\",\"@id\":\"https:\\\/\\\/generate.fr\\\/comment-la-technologie-francaise-peut-controler-le-port-du-masque-obligatoire\\\/#article\",\"isPartOf\":{\"@id\":\"https:\\\/\\\/generate.fr\\\/comment-la-technologie-francaise-peut-controler-le-port-du-masque-obligatoire\\\/\"},\"author\":{\"name\":\"Thomas Kolbe\",\"@id\":\"https:\\\/\\\/generate.fr\\\/#\\\/schema\\\/person\\\/2895efb6d641efb3170ace8678ace18c\"},\"headline\":\"Comment la technologie fran\u00e7aise peut contr\u00f4ler le port du masque obligatoire\",\"datePublished\":\"2020-07-19T20:59:23+00:00\",\"mainEntityOfPage\":{\"@id\":\"https:\\\/\\\/generate.fr\\\/comment-la-technologie-francaise-peut-controler-le-port-du-masque-obligatoire\\\/\"},\"wordCount\":739,\"commentCount\":0,\"publisher\":{\"@id\":\"https:\\\/\\\/generate.fr\\\/#organization\"},\"image\":{\"@id\":\"https:\\\/\\\/generate.fr\\\/comment-la-technologie-francaise-peut-controler-le-port-du-masque-obligatoire\\\/#primaryimage\"},\"thumbnailUrl\":\"https:\\\/\\\/generate.fr\\\/wp-content\\\/uploads\\\/2020\\\/07\\\/Capture-d\u2019e\u0301cran-2020-07-19-a\u0300-22.58.55.png\",\"keywords\":[\"OUTSIGHT\"],\"articleSection\":[\"Articles &amp; ITW\"],\"inLanguage\":\"en-US\",\"potentialAction\":[{\"@type\":\"CommentAction\",\"name\":\"Comment\",\"target\":[\"https:\\\/\\\/generate.fr\\\/comment-la-technologie-francaise-peut-controler-le-port-du-masque-obligatoire\\\/#respond\"]}]},{\"@type\":\"WebPage\",\"@id\":\"https:\\\/\\\/generate.fr\\\/comment-la-technologie-francaise-peut-controler-le-port-du-masque-obligatoire\\\/\",\"url\":\"https:\\\/\\\/generate.fr\\\/comment-la-technologie-francaise-peut-controler-le-port-du-masque-obligatoire\\\/\",\"name\":\"Comment la technologie fran\u00e7aise peut contr\u00f4ler le port du masque obligatoire - GENERATE\",\"isPartOf\":{\"@id\":\"https:\\\/\\\/generate.fr\\\/#website\"},\"primaryImageOfPage\":{\"@id\":\"https:\\\/\\\/generate.fr\\\/comment-la-technologie-francaise-peut-controler-le-port-du-masque-obligatoire\\\/#primaryimage\"},\"image\":{\"@id\":\"https:\\\/\\\/generate.fr\\\/comment-la-technologie-francaise-peut-controler-le-port-du-masque-obligatoire\\\/#primaryimage\"},\"thumbnailUrl\":\"https:\\\/\\\/generate.fr\\\/wp-content\\\/uploads\\\/2020\\\/07\\\/Capture-d\u2019e\u0301cran-2020-07-19-a\u0300-22.58.55.png\",\"datePublished\":\"2020-07-19T20:59:23+00:00\",\"breadcrumb\":{\"@id\":\"https:\\\/\\\/generate.fr\\\/comment-la-technologie-francaise-peut-controler-le-port-du-masque-obligatoire\\\/#breadcrumb\"},\"inLanguage\":\"en-US\",\"potentialAction\":[{\"@type\":\"ReadAction\",\"target\":[\"https:\\\/\\\/generate.fr\\\/comment-la-technologie-francaise-peut-controler-le-port-du-masque-obligatoire\\\/\"]}]},{\"@type\":\"ImageObject\",\"inLanguage\":\"en-US\",\"@id\":\"https:\\\/\\\/generate.fr\\\/comment-la-technologie-francaise-peut-controler-le-port-du-masque-obligatoire\\\/#primaryimage\",\"url\":\"https:\\\/\\\/generate.fr\\\/wp-content\\\/uploads\\\/2020\\\/07\\\/Capture-d\u2019e\u0301cran-2020-07-19-a\u0300-22.58.55.png\",\"contentUrl\":\"https:\\\/\\\/generate.fr\\\/wp-content\\\/uploads\\\/2020\\\/07\\\/Capture-d\u2019e\u0301cran-2020-07-19-a\u0300-22.58.55.png\",\"width\":982,\"height\":550},{\"@type\":\"BreadcrumbList\",\"@id\":\"https:\\\/\\\/generate.fr\\\/comment-la-technologie-francaise-peut-controler-le-port-du-masque-obligatoire\\\/#breadcrumb\",\"itemListElement\":[{\"@type\":\"ListItem\",\"position\":1,\"name\":\"Accueil\",\"item\":\"https:\\\/\\\/generate.fr\\\/\"},{\"@type\":\"ListItem\",\"position\":2,\"name\":\"Comment la technologie fran\u00e7aise peut contr\u00f4ler le port du masque obligatoire\"}]},{\"@type\":\"WebSite\",\"@id\":\"https:\\\/\\\/generate.fr\\\/#website\",\"url\":\"https:\\\/\\\/generate.fr\\\/\",\"name\":\"GENERATE\",\"description\":\"Acc\u00e9l\u00e9rateur d&#039;innovation pour la D\u00e9fense et la S\u00e9curit\u00e9\",\"publisher\":{\"@id\":\"https:\\\/\\\/generate.fr\\\/#organization\"},\"potentialAction\":[{\"@type\":\"SearchAction\",\"target\":{\"@type\":\"EntryPoint\",\"urlTemplate\":\"https:\\\/\\\/generate.fr\\\/?s={search_term_string}\"},\"query-input\":{\"@type\":\"PropertyValueSpecification\",\"valueRequired\":true,\"valueName\":\"search_term_string\"}}],\"inLanguage\":\"en-US\"},{\"@type\":\"Organization\",\"@id\":\"https:\\\/\\\/generate.fr\\\/#organization\",\"name\":\"Generate\",\"url\":\"https:\\\/\\\/generate.fr\\\/\",\"logo\":{\"@type\":\"ImageObject\",\"inLanguage\":\"en-US\",\"@id\":\"https:\\\/\\\/generate.fr\\\/#\\\/schema\\\/logo\\\/image\\\/\",\"url\":\"https:\\\/\\\/generate.fr\\\/wp-content\\\/uploads\\\/2019\\\/05\\\/Generate.png\",\"contentUrl\":\"https:\\\/\\\/generate.fr\\\/wp-content\\\/uploads\\\/2019\\\/05\\\/Generate.png\",\"width\":1000,\"height\":316,\"caption\":\"Generate\"},\"image\":{\"@id\":\"https:\\\/\\\/generate.fr\\\/#\\\/schema\\\/logo\\\/image\\\/\"},\"sameAs\":[\"https:\\\/\\\/www.youtube.com\\\/channel\\\/UCsoYfr1MZdZT2bqI7CNN1Rw\"]},{\"@type\":\"Person\",\"@id\":\"https:\\\/\\\/generate.fr\\\/#\\\/schema\\\/person\\\/2895efb6d641efb3170ace8678ace18c\",\"name\":\"Thomas Kolbe\",\"image\":{\"@type\":\"ImageObject\",\"inLanguage\":\"en-US\",\"@id\":\"https:\\\/\\\/secure.gravatar.com\\\/avatar\\\/528dc96708c82c0f0c26eba076b7ff225f08450c6a1be4d0b029763b2d76ef7a?s=96&d=mm&r=g\",\"url\":\"https:\\\/\\\/secure.gravatar.com\\\/avatar\\\/528dc96708c82c0f0c26eba076b7ff225f08450c6a1be4d0b029763b2d76ef7a?s=96&d=mm&r=g\",\"contentUrl\":\"https:\\\/\\\/secure.gravatar.com\\\/avatar\\\/528dc96708c82c0f0c26eba076b7ff225f08450c6a1be4d0b029763b2d76ef7a?s=96&d=mm&r=g\",\"caption\":\"Thomas Kolbe\"},\"url\":\"https:\\\/\\\/generate.fr\\\/en\\\/author\\\/editeur\\\/\"}]}<\/script>\n<!-- \/ Yoast SEO plugin. -->","yoast_head_json":{"title":"Comment la technologie fran\u00e7aise peut contr\u00f4ler le port du masque obligatoire - GENERATE","robots":{"index":"index","follow":"follow","max-snippet":"max-snippet:-1","max-image-preview":"max-image-preview:large","max-video-preview":"max-video-preview:-1"},"canonical":"https:\/\/generate.fr\/comment-la-technologie-francaise-peut-controler-le-port-du-masque-obligatoire\/","og_locale":"en_US","og_type":"article","og_title":"Comment la technologie fran\u00e7aise peut contr\u00f4ler le port du masque obligatoire - GENERATE","og_description":"Cam\u00e9ras intelligentes, radars laser... Plusieurs technologies sont test\u00e9es pour aider \u00e0 contr\u00f4ler le respect du port du masque, suscitant parfois des inqui\u00e9tudes concernant la vie priv\u00e9e. \u00c0 partir de la semaine prochaine,\u00a0le port du masque deviendra obligatoire dans les lieux publics clos. Comment d\u00e8s lors contr\u00f4ler que des milliers d\u2019individus respectent ou non la consigne?","og_url":"https:\/\/generate.fr\/comment-la-technologie-francaise-peut-controler-le-port-du-masque-obligatoire\/","og_site_name":"GENERATE","article_published_time":"2020-07-19T20:59:23+00:00","og_image":[{"width":982,"height":550,"url":"https:\/\/generate.fr\/wp-content\/uploads\/2020\/07\/Capture-d\u2019e\u0301cran-2020-07-19-a\u0300-22.58.55.png","type":"image\/png"}],"author":"Thomas Kolbe","twitter_card":"summary_large_image","twitter_misc":{"Written by":"Thomas Kolbe","Est. reading time":"4 minutes"},"schema":{"@context":"https:\/\/schema.org","@graph":[{"@type":"Article","@id":"https:\/\/generate.fr\/comment-la-technologie-francaise-peut-controler-le-port-du-masque-obligatoire\/#article","isPartOf":{"@id":"https:\/\/generate.fr\/comment-la-technologie-francaise-peut-controler-le-port-du-masque-obligatoire\/"},"author":{"name":"Thomas Kolbe","@id":"https:\/\/generate.fr\/#\/schema\/person\/2895efb6d641efb3170ace8678ace18c"},"headline":"Comment la technologie fran\u00e7aise peut contr\u00f4ler le port du masque obligatoire","datePublished":"2020-07-19T20:59:23+00:00","mainEntityOfPage":{"@id":"https:\/\/generate.fr\/comment-la-technologie-francaise-peut-controler-le-port-du-masque-obligatoire\/"},"wordCount":739,"commentCount":0,"publisher":{"@id":"https:\/\/generate.fr\/#organization"},"image":{"@id":"https:\/\/generate.fr\/comment-la-technologie-francaise-peut-controler-le-port-du-masque-obligatoire\/#primaryimage"},"thumbnailUrl":"https:\/\/generate.fr\/wp-content\/uploads\/2020\/07\/Capture-d\u2019e\u0301cran-2020-07-19-a\u0300-22.58.55.png","keywords":["OUTSIGHT"],"articleSection":["Articles &amp; ITW"],"inLanguage":"en-US","potentialAction":[{"@type":"CommentAction","name":"Comment","target":["https:\/\/generate.fr\/comment-la-technologie-francaise-peut-controler-le-port-du-masque-obligatoire\/#respond"]}]},{"@type":"WebPage","@id":"https:\/\/generate.fr\/comment-la-technologie-francaise-peut-controler-le-port-du-masque-obligatoire\/","url":"https:\/\/generate.fr\/comment-la-technologie-francaise-peut-controler-le-port-du-masque-obligatoire\/","name":"Comment la technologie fran\u00e7aise peut contr\u00f4ler le port du masque obligatoire - GENERATE","isPartOf":{"@id":"https:\/\/generate.fr\/#website"},"primaryImageOfPage":{"@id":"https:\/\/generate.fr\/comment-la-technologie-francaise-peut-controler-le-port-du-masque-obligatoire\/#primaryimage"},"image":{"@id":"https:\/\/generate.fr\/comment-la-technologie-francaise-peut-controler-le-port-du-masque-obligatoire\/#primaryimage"},"thumbnailUrl":"https:\/\/generate.fr\/wp-content\/uploads\/2020\/07\/Capture-d\u2019e\u0301cran-2020-07-19-a\u0300-22.58.55.png","datePublished":"2020-07-19T20:59:23+00:00","breadcrumb":{"@id":"https:\/\/generate.fr\/comment-la-technologie-francaise-peut-controler-le-port-du-masque-obligatoire\/#breadcrumb"},"inLanguage":"en-US","potentialAction":[{"@type":"ReadAction","target":["https:\/\/generate.fr\/comment-la-technologie-francaise-peut-controler-le-port-du-masque-obligatoire\/"]}]},{"@type":"ImageObject","inLanguage":"en-US","@id":"https:\/\/generate.fr\/comment-la-technologie-francaise-peut-controler-le-port-du-masque-obligatoire\/#primaryimage","url":"https:\/\/generate.fr\/wp-content\/uploads\/2020\/07\/Capture-d\u2019e\u0301cran-2020-07-19-a\u0300-22.58.55.png","contentUrl":"https:\/\/generate.fr\/wp-content\/uploads\/2020\/07\/Capture-d\u2019e\u0301cran-2020-07-19-a\u0300-22.58.55.png","width":982,"height":550},{"@type":"BreadcrumbList","@id":"https:\/\/generate.fr\/comment-la-technologie-francaise-peut-controler-le-port-du-masque-obligatoire\/#breadcrumb","itemListElement":[{"@type":"ListItem","position":1,"name":"Accueil","item":"https:\/\/generate.fr\/"},{"@type":"ListItem","position":2,"name":"Comment la technologie fran\u00e7aise peut contr\u00f4ler le port du masque obligatoire"}]},{"@type":"WebSite","@id":"https:\/\/generate.fr\/#website","url":"https:\/\/generate.fr\/","name":"GENERATE","description":"Acc\u00e9l\u00e9rateur d&#039;innovation pour la D\u00e9fense et la S\u00e9curit\u00e9","publisher":{"@id":"https:\/\/generate.fr\/#organization"},"potentialAction":[{"@type":"SearchAction","target":{"@type":"EntryPoint","urlTemplate":"https:\/\/generate.fr\/?s={search_term_string}"},"query-input":{"@type":"PropertyValueSpecification","valueRequired":true,"valueName":"search_term_string"}}],"inLanguage":"en-US"},{"@type":"Organization","@id":"https:\/\/generate.fr\/#organization","name":"Generate","url":"https:\/\/generate.fr\/","logo":{"@type":"ImageObject","inLanguage":"en-US","@id":"https:\/\/generate.fr\/#\/schema\/logo\/image\/","url":"https:\/\/generate.fr\/wp-content\/uploads\/2019\/05\/Generate.png","contentUrl":"https:\/\/generate.fr\/wp-content\/uploads\/2019\/05\/Generate.png","width":1000,"height":316,"caption":"Generate"},"image":{"@id":"https:\/\/generate.fr\/#\/schema\/logo\/image\/"},"sameAs":["https:\/\/www.youtube.com\/channel\/UCsoYfr1MZdZT2bqI7CNN1Rw"]},{"@type":"Person","@id":"https:\/\/generate.fr\/#\/schema\/person\/2895efb6d641efb3170ace8678ace18c","name":"Thomas Kolbe","image":{"@type":"ImageObject","inLanguage":"en-US","@id":"https:\/\/secure.gravatar.com\/avatar\/528dc96708c82c0f0c26eba076b7ff225f08450c6a1be4d0b029763b2d76ef7a?s=96&d=mm&r=g","url":"https:\/\/secure.gravatar.com\/avatar\/528dc96708c82c0f0c26eba076b7ff225f08450c6a1be4d0b029763b2d76ef7a?s=96&d=mm&r=g","contentUrl":"https:\/\/secure.gravatar.com\/avatar\/528dc96708c82c0f0c26eba076b7ff225f08450c6a1be4d0b029763b2d76ef7a?s=96&d=mm&r=g","caption":"Thomas Kolbe"},"url":"https:\/\/generate.fr\/en\/author\/editeur\/"}]}},"_links":{"self":[{"href":"https:\/\/generate.fr\/en\/wp-json\/wp\/v2\/posts\/3422","targetHints":{"allow":["GET"]}}],"collection":[{"href":"https:\/\/generate.fr\/en\/wp-json\/wp\/v2\/posts"}],"about":[{"href":"https:\/\/generate.fr\/en\/wp-json\/wp\/v2\/types\/post"}],"author":[{"embeddable":true,"href":"https:\/\/generate.fr\/en\/wp-json\/wp\/v2\/users\/2"}],"replies":[{"embeddable":true,"href":"https:\/\/generate.fr\/en\/wp-json\/wp\/v2\/comments?post=3422"}],"version-history":[{"count":2,"href":"https:\/\/generate.fr\/en\/wp-json\/wp\/v2\/posts\/3422\/revisions"}],"predecessor-version":[{"id":3426,"href":"https:\/\/generate.fr\/en\/wp-json\/wp\/v2\/posts\/3422\/revisions\/3426"}],"wp:featuredmedia":[{"embeddable":true,"href":"https:\/\/generate.fr\/en\/wp-json\/wp\/v2\/media\/3423"}],"wp:attachment":[{"href":"https:\/\/generate.fr\/en\/wp-json\/wp\/v2\/media?parent=3422"}],"wp:term":[{"taxonomy":"category","embeddable":true,"href":"https:\/\/generate.fr\/en\/wp-json\/wp\/v2\/categories?post=3422"},{"taxonomy":"post_tag","embeddable":true,"href":"https:\/\/generate.fr\/en\/wp-json\/wp\/v2\/tags?post=3422"}],"curies":[{"name":"wp","href":"https:\/\/api.w.org\/{rel}","templated":true}]}}