{"id":3427,"date":"2020-05-19T21:00:27","date_gmt":"2020-05-19T21:00:27","guid":{"rendered":"https:\/\/generate.fr\/?p=3427"},"modified":"2020-07-19T21:01:34","modified_gmt":"2020-07-19T21:01:34","slug":"a-laeroport-de-roissy-un-laser-pour-detecter-les-personnes-sans-masque","status":"publish","type":"post","link":"https:\/\/generate.fr\/en\/a-laeroport-de-roissy-un-laser-pour-detecter-les-personnes-sans-masque\/","title":{"rendered":"\u00c0 l\u2019a\u00e9roport de Roissy, un laser pour d\u00e9tecter les personnes sans masque"},"content":{"rendered":"<p><strong>La technologie de la start-up fran\u00e7aise Outsight commence \u00e0 \u00eatre mise en place par ADP.<\/strong><\/p>\n<p class=\"css-s6jpj4 ekabp3u0\">Alors que l\u2019utilisation de la reconnaissance faciale sur l\u2019espace public suscite de plus en plus d\u2019inqui\u00e9tudes, Outsight a d\u00e9velopp\u00e9 une technologie permettant de reconna\u00eetre une personne qui n\u2019a pas de masque d\u2019une autre qui en porte, tout en garantissant le respect de la vie priv\u00e9e.<\/p>\n<p class=\"css-s6jpj4 ekabp3u0\">\u00ab<em>Nous avons commenc\u00e9 \u00e0 d\u00e9velopper notre technologie pour l\u2019industrie automobile, avec de premi\u00e8res applications pour Faurecia, ciblant le march\u00e9 des v\u00e9hicules autonomes<\/em>\u00bb, explique Raul Bravo, pr\u00e9sident en cofondateur de Outsight. Face \u00e0 l\u2019\u00e9pid\u00e9mie de Coronavirus et \u00e0 l\u2019\u00e9mergence de nouveaux imp\u00e9ratifs, la start-up a fait \u00e9voluer sa cam\u00e9ra \u00ab3D s\u00e9mantique\u00bb pour l\u2019adapter \u00e0 ces nouveaux besoins. Son \u00abLaser autonome\u00bb permet \u00ab<em>d\u2019identifier et de suivre des caract\u00e9ristiques li\u00e9es \u00e0 des individus, comme le non-port de masque<\/em>\u00bb. La technologie de Outsight commence \u00e0 \u00eatre d\u00e9ploy\u00e9e par ADP, dans le terminal 2 E \u00e0 Roissy.<\/p>\n<p class=\"css-s6jpj4 ekabp3u0\">\u00ab<em>Notre technologie sert \u00e0 comprendre comment se d\u00e9placent des flux de personnes, o\u00f9 sont les points de congestion<\/em>\u00bb, explique Raul Bravo. En effet, les applications vont au-del\u00e0 de la d\u00e9tection du port du masque. Cette technologie permet de retrouver les objets ou les personnes pr\u00e9sentant une caract\u00e9ristique donn\u00e9e dans une foule, en l\u2019occurrence, l\u2019absence de masque. Elle est aussi utilis\u00e9e pour d\u00e9tecter les files d\u2019attente et accompagner ADP dans ses efforts plus fluidifier les d\u00e9placements des passagers dans les a\u00e9rogares. \u00ab<em>Nos cam\u00e9ras laser peuvent embarquer d\u2019autres fonctionnalit\u00e9s, comme la prise de temp\u00e9rature<\/em>\u00bb, ajoute Raul Bravo.<\/p>\n<h2 class=\"css-1trbs3s e197bajz0\">Respect de la vie priv\u00e9e<\/h2>\n<p class=\"css-s6jpj4 ekabp3u0\">Autre particularit\u00e9 du Laser de Outsight, il est respectueux de la vie priv\u00e9e. En effet, il s\u2019agit d\u2019un laser et non pas d\u2019une cam\u00e9ra. Les visages ne sont donc pas reconnus. Il n\u2019y a pas de constitution de banques d\u2019images, ni de risques d\u2019atteinte \u00e0 la vie priv\u00e9e. \u00ab<em>Ce n\u2019est pas une cam\u00e9ra, le laser ne reconna\u00eet pas les personnes<\/em>\u00bb, insiste Raul Bravo. Une cam\u00e9ra capte la lumi\u00e8re tandis que la technologie laser \u00e9met de la lumi\u00e8re. Cela fonctionne comme un radar - ou plus pr\u00e9cis\u00e9ment un lidar - qui analyse les formes par ricochet des ondes \u00e9mises.<\/p>\n<p class=\"css-s6jpj4 ekabp3u0\">La start-up vise d\u00e9sormais \u00e0 \u00e9tendre son champ d\u2019action. Elle a re\u00e7u des marques d\u2019int\u00e9r\u00eats de nombreux op\u00e9rateurs de transports, essentiellement \u00e0 l\u2019\u00e9tranger. \u00ab<em>Notre technologie est particuli\u00e8rement adapt\u00e9e pour la gestion des trains et des m\u00e9tros<\/em>\u00bb, ajoute Raul Bravo. De quoi donner quelques perspectives de d\u00e9veloppement \u00e0 la start-up. Cr\u00e9\u00e9e il y a tout juste un an, elle emploie d\u00e9sormais trente-cinq personnes.<\/p>\n","protected":false},"excerpt":{"rendered":"<p>La technologie de la start-up fran\u00e7aise Outsight commence \u00e0 \u00eatre mise en place par ADP. Alors que l\u2019utilisation de la reconnaissance faciale sur l\u2019espace public suscite de plus en plus d\u2019inqui\u00e9tudes, Outsight a d\u00e9velopp\u00e9 une technologie permettant de reconna\u00eetre une personne qui n\u2019a pas de masque d\u2019une autre qui en porte, tout en garantissant le [&hellip;]<\/p>\n","protected":false},"author":2,"featured_media":3428,"comment_status":"open","ping_status":"open","sticky":false,"template":"","format":"standard","meta":{"footnotes":""},"categories":[7],"tags":[94],"class_list":["post-3427","post","type-post","status-publish","format-standard","has-post-thumbnail","hentry","category-articles-itw","tag-outsight","post-wrapper"],"yoast_head":"<!-- This site is optimized with the Yoast SEO plugin v27.4 - https:\/\/yoast.com\/product\/yoast-seo-wordpress\/ -->\n<title>\u00c0 l\u2019a\u00e9roport de Roissy, un laser pour d\u00e9tecter les personnes sans masque - GENERATE<\/title>\n<meta name=\"robots\" content=\"index, follow, max-snippet:-1, max-image-preview:large, max-video-preview:-1\" \/>\n<link rel=\"canonical\" href=\"https:\/\/generate.fr\/a-laeroport-de-roissy-un-laser-pour-detecter-les-personnes-sans-masque\/\" \/>\n<meta property=\"og:locale\" content=\"en_US\" \/>\n<meta property=\"og:type\" content=\"article\" \/>\n<meta property=\"og:title\" content=\"\u00c0 l\u2019a\u00e9roport de Roissy, un laser pour d\u00e9tecter les personnes sans masque - GENERATE\" \/>\n<meta property=\"og:description\" content=\"La technologie de la start-up fran\u00e7aise Outsight commence \u00e0 \u00eatre mise en place par ADP. Alors que l\u2019utilisation de la reconnaissance faciale sur l\u2019espace public suscite de plus en plus d\u2019inqui\u00e9tudes, Outsight a d\u00e9velopp\u00e9 une technologie permettant de reconna\u00eetre une personne qui n\u2019a pas de masque d\u2019une autre qui en porte, tout en garantissant le\" \/>\n<meta property=\"og:url\" content=\"https:\/\/generate.fr\/a-laeroport-de-roissy-un-laser-pour-detecter-les-personnes-sans-masque\/\" \/>\n<meta property=\"og:site_name\" content=\"GENERATE\" \/>\n<meta property=\"article:published_time\" content=\"2020-05-19T21:00:27+00:00\" \/>\n<meta property=\"article:modified_time\" content=\"2020-07-19T21:01:34+00:00\" \/>\n<meta property=\"og:image\" content=\"https:\/\/generate.fr\/wp-content\/uploads\/2020\/07\/Capture-d\u2019e\u0301cran-2020-07-19-a\u0300-23.00.48.png\" \/>\n\t<meta property=\"og:image:width\" content=\"1220\" \/>\n\t<meta property=\"og:image:height\" content=\"686\" \/>\n\t<meta property=\"og:image:type\" content=\"image\/png\" \/>\n<meta name=\"author\" content=\"Thomas Kolbe\" \/>\n<meta name=\"twitter:card\" content=\"summary_large_image\" \/>\n<meta name=\"twitter:label1\" content=\"Written by\" \/>\n\t<meta name=\"twitter:data1\" content=\"Thomas Kolbe\" \/>\n\t<meta name=\"twitter:label2\" content=\"Est. reading time\" \/>\n\t<meta name=\"twitter:data2\" content=\"2 minutes\" \/>\n<script type=\"application\/ld+json\" class=\"yoast-schema-graph\">{\"@context\":\"https:\\\/\\\/schema.org\",\"@graph\":[{\"@type\":\"Article\",\"@id\":\"https:\\\/\\\/generate.fr\\\/a-laeroport-de-roissy-un-laser-pour-detecter-les-personnes-sans-masque\\\/#article\",\"isPartOf\":{\"@id\":\"https:\\\/\\\/generate.fr\\\/a-laeroport-de-roissy-un-laser-pour-detecter-les-personnes-sans-masque\\\/\"},\"author\":{\"name\":\"Thomas Kolbe\",\"@id\":\"https:\\\/\\\/generate.fr\\\/#\\\/schema\\\/person\\\/2895efb6d641efb3170ace8678ace18c\"},\"headline\":\"\u00c0 l\u2019a\u00e9roport de Roissy, un laser pour d\u00e9tecter les personnes sans masque\",\"datePublished\":\"2020-05-19T21:00:27+00:00\",\"dateModified\":\"2020-07-19T21:01:34+00:00\",\"mainEntityOfPage\":{\"@id\":\"https:\\\/\\\/generate.fr\\\/a-laeroport-de-roissy-un-laser-pour-detecter-les-personnes-sans-masque\\\/\"},\"wordCount\":487,\"commentCount\":0,\"publisher\":{\"@id\":\"https:\\\/\\\/generate.fr\\\/#organization\"},\"image\":{\"@id\":\"https:\\\/\\\/generate.fr\\\/a-laeroport-de-roissy-un-laser-pour-detecter-les-personnes-sans-masque\\\/#primaryimage\"},\"thumbnailUrl\":\"https:\\\/\\\/generate.fr\\\/wp-content\\\/uploads\\\/2020\\\/07\\\/Capture-d\u2019e\u0301cran-2020-07-19-a\u0300-23.00.48.png\",\"keywords\":[\"OUTSIGHT\"],\"articleSection\":[\"Articles &amp; ITW\"],\"inLanguage\":\"en-US\",\"potentialAction\":[{\"@type\":\"CommentAction\",\"name\":\"Comment\",\"target\":[\"https:\\\/\\\/generate.fr\\\/a-laeroport-de-roissy-un-laser-pour-detecter-les-personnes-sans-masque\\\/#respond\"]}]},{\"@type\":\"WebPage\",\"@id\":\"https:\\\/\\\/generate.fr\\\/a-laeroport-de-roissy-un-laser-pour-detecter-les-personnes-sans-masque\\\/\",\"url\":\"https:\\\/\\\/generate.fr\\\/a-laeroport-de-roissy-un-laser-pour-detecter-les-personnes-sans-masque\\\/\",\"name\":\"\u00c0 l\u2019a\u00e9roport de Roissy, un laser pour d\u00e9tecter les personnes sans masque - GENERATE\",\"isPartOf\":{\"@id\":\"https:\\\/\\\/generate.fr\\\/#website\"},\"primaryImageOfPage\":{\"@id\":\"https:\\\/\\\/generate.fr\\\/a-laeroport-de-roissy-un-laser-pour-detecter-les-personnes-sans-masque\\\/#primaryimage\"},\"image\":{\"@id\":\"https:\\\/\\\/generate.fr\\\/a-laeroport-de-roissy-un-laser-pour-detecter-les-personnes-sans-masque\\\/#primaryimage\"},\"thumbnailUrl\":\"https:\\\/\\\/generate.fr\\\/wp-content\\\/uploads\\\/2020\\\/07\\\/Capture-d\u2019e\u0301cran-2020-07-19-a\u0300-23.00.48.png\",\"datePublished\":\"2020-05-19T21:00:27+00:00\",\"dateModified\":\"2020-07-19T21:01:34+00:00\",\"breadcrumb\":{\"@id\":\"https:\\\/\\\/generate.fr\\\/a-laeroport-de-roissy-un-laser-pour-detecter-les-personnes-sans-masque\\\/#breadcrumb\"},\"inLanguage\":\"en-US\",\"potentialAction\":[{\"@type\":\"ReadAction\",\"target\":[\"https:\\\/\\\/generate.fr\\\/a-laeroport-de-roissy-un-laser-pour-detecter-les-personnes-sans-masque\\\/\"]}]},{\"@type\":\"ImageObject\",\"inLanguage\":\"en-US\",\"@id\":\"https:\\\/\\\/generate.fr\\\/a-laeroport-de-roissy-un-laser-pour-detecter-les-personnes-sans-masque\\\/#primaryimage\",\"url\":\"https:\\\/\\\/generate.fr\\\/wp-content\\\/uploads\\\/2020\\\/07\\\/Capture-d\u2019e\u0301cran-2020-07-19-a\u0300-23.00.48.png\",\"contentUrl\":\"https:\\\/\\\/generate.fr\\\/wp-content\\\/uploads\\\/2020\\\/07\\\/Capture-d\u2019e\u0301cran-2020-07-19-a\u0300-23.00.48.png\",\"width\":1220,\"height\":686},{\"@type\":\"BreadcrumbList\",\"@id\":\"https:\\\/\\\/generate.fr\\\/a-laeroport-de-roissy-un-laser-pour-detecter-les-personnes-sans-masque\\\/#breadcrumb\",\"itemListElement\":[{\"@type\":\"ListItem\",\"position\":1,\"name\":\"Accueil\",\"item\":\"https:\\\/\\\/generate.fr\\\/\"},{\"@type\":\"ListItem\",\"position\":2,\"name\":\"\u00c0 l\u2019a\u00e9roport de Roissy, un laser pour d\u00e9tecter les personnes sans masque\"}]},{\"@type\":\"WebSite\",\"@id\":\"https:\\\/\\\/generate.fr\\\/#website\",\"url\":\"https:\\\/\\\/generate.fr\\\/\",\"name\":\"GENERATE\",\"description\":\"Acc\u00e9l\u00e9rateur d&#039;innovation pour la D\u00e9fense et la S\u00e9curit\u00e9\",\"publisher\":{\"@id\":\"https:\\\/\\\/generate.fr\\\/#organization\"},\"potentialAction\":[{\"@type\":\"SearchAction\",\"target\":{\"@type\":\"EntryPoint\",\"urlTemplate\":\"https:\\\/\\\/generate.fr\\\/?s={search_term_string}\"},\"query-input\":{\"@type\":\"PropertyValueSpecification\",\"valueRequired\":true,\"valueName\":\"search_term_string\"}}],\"inLanguage\":\"en-US\"},{\"@type\":\"Organization\",\"@id\":\"https:\\\/\\\/generate.fr\\\/#organization\",\"name\":\"Generate\",\"url\":\"https:\\\/\\\/generate.fr\\\/\",\"logo\":{\"@type\":\"ImageObject\",\"inLanguage\":\"en-US\",\"@id\":\"https:\\\/\\\/generate.fr\\\/#\\\/schema\\\/logo\\\/image\\\/\",\"url\":\"https:\\\/\\\/generate.fr\\\/wp-content\\\/uploads\\\/2019\\\/05\\\/Generate.png\",\"contentUrl\":\"https:\\\/\\\/generate.fr\\\/wp-content\\\/uploads\\\/2019\\\/05\\\/Generate.png\",\"width\":1000,\"height\":316,\"caption\":\"Generate\"},\"image\":{\"@id\":\"https:\\\/\\\/generate.fr\\\/#\\\/schema\\\/logo\\\/image\\\/\"},\"sameAs\":[\"https:\\\/\\\/www.youtube.com\\\/channel\\\/UCsoYfr1MZdZT2bqI7CNN1Rw\"]},{\"@type\":\"Person\",\"@id\":\"https:\\\/\\\/generate.fr\\\/#\\\/schema\\\/person\\\/2895efb6d641efb3170ace8678ace18c\",\"name\":\"Thomas Kolbe\",\"image\":{\"@type\":\"ImageObject\",\"inLanguage\":\"en-US\",\"@id\":\"https:\\\/\\\/secure.gravatar.com\\\/avatar\\\/528dc96708c82c0f0c26eba076b7ff225f08450c6a1be4d0b029763b2d76ef7a?s=96&d=mm&r=g\",\"url\":\"https:\\\/\\\/secure.gravatar.com\\\/avatar\\\/528dc96708c82c0f0c26eba076b7ff225f08450c6a1be4d0b029763b2d76ef7a?s=96&d=mm&r=g\",\"contentUrl\":\"https:\\\/\\\/secure.gravatar.com\\\/avatar\\\/528dc96708c82c0f0c26eba076b7ff225f08450c6a1be4d0b029763b2d76ef7a?s=96&d=mm&r=g\",\"caption\":\"Thomas Kolbe\"},\"url\":\"https:\\\/\\\/generate.fr\\\/en\\\/author\\\/editeur\\\/\"}]}<\/script>\n<!-- \/ Yoast SEO plugin. -->","yoast_head_json":{"title":"\u00c0 l\u2019a\u00e9roport de Roissy, un laser pour d\u00e9tecter les personnes sans masque - GENERATE","robots":{"index":"index","follow":"follow","max-snippet":"max-snippet:-1","max-image-preview":"max-image-preview:large","max-video-preview":"max-video-preview:-1"},"canonical":"https:\/\/generate.fr\/a-laeroport-de-roissy-un-laser-pour-detecter-les-personnes-sans-masque\/","og_locale":"en_US","og_type":"article","og_title":"\u00c0 l\u2019a\u00e9roport de Roissy, un laser pour d\u00e9tecter les personnes sans masque - GENERATE","og_description":"La technologie de la start-up fran\u00e7aise Outsight commence \u00e0 \u00eatre mise en place par ADP. Alors que l\u2019utilisation de la reconnaissance faciale sur l\u2019espace public suscite de plus en plus d\u2019inqui\u00e9tudes, Outsight a d\u00e9velopp\u00e9 une technologie permettant de reconna\u00eetre une personne qui n\u2019a pas de masque d\u2019une autre qui en porte, tout en garantissant le","og_url":"https:\/\/generate.fr\/a-laeroport-de-roissy-un-laser-pour-detecter-les-personnes-sans-masque\/","og_site_name":"GENERATE","article_published_time":"2020-05-19T21:00:27+00:00","article_modified_time":"2020-07-19T21:01:34+00:00","og_image":[{"width":1220,"height":686,"url":"https:\/\/generate.fr\/wp-content\/uploads\/2020\/07\/Capture-d\u2019e\u0301cran-2020-07-19-a\u0300-23.00.48.png","type":"image\/png"}],"author":"Thomas Kolbe","twitter_card":"summary_large_image","twitter_misc":{"Written by":"Thomas Kolbe","Est. reading time":"2 minutes"},"schema":{"@context":"https:\/\/schema.org","@graph":[{"@type":"Article","@id":"https:\/\/generate.fr\/a-laeroport-de-roissy-un-laser-pour-detecter-les-personnes-sans-masque\/#article","isPartOf":{"@id":"https:\/\/generate.fr\/a-laeroport-de-roissy-un-laser-pour-detecter-les-personnes-sans-masque\/"},"author":{"name":"Thomas Kolbe","@id":"https:\/\/generate.fr\/#\/schema\/person\/2895efb6d641efb3170ace8678ace18c"},"headline":"\u00c0 l\u2019a\u00e9roport de Roissy, un laser pour d\u00e9tecter les personnes sans masque","datePublished":"2020-05-19T21:00:27+00:00","dateModified":"2020-07-19T21:01:34+00:00","mainEntityOfPage":{"@id":"https:\/\/generate.fr\/a-laeroport-de-roissy-un-laser-pour-detecter-les-personnes-sans-masque\/"},"wordCount":487,"commentCount":0,"publisher":{"@id":"https:\/\/generate.fr\/#organization"},"image":{"@id":"https:\/\/generate.fr\/a-laeroport-de-roissy-un-laser-pour-detecter-les-personnes-sans-masque\/#primaryimage"},"thumbnailUrl":"https:\/\/generate.fr\/wp-content\/uploads\/2020\/07\/Capture-d\u2019e\u0301cran-2020-07-19-a\u0300-23.00.48.png","keywords":["OUTSIGHT"],"articleSection":["Articles &amp; ITW"],"inLanguage":"en-US","potentialAction":[{"@type":"CommentAction","name":"Comment","target":["https:\/\/generate.fr\/a-laeroport-de-roissy-un-laser-pour-detecter-les-personnes-sans-masque\/#respond"]}]},{"@type":"WebPage","@id":"https:\/\/generate.fr\/a-laeroport-de-roissy-un-laser-pour-detecter-les-personnes-sans-masque\/","url":"https:\/\/generate.fr\/a-laeroport-de-roissy-un-laser-pour-detecter-les-personnes-sans-masque\/","name":"\u00c0 l\u2019a\u00e9roport de Roissy, un laser pour d\u00e9tecter les personnes sans masque - GENERATE","isPartOf":{"@id":"https:\/\/generate.fr\/#website"},"primaryImageOfPage":{"@id":"https:\/\/generate.fr\/a-laeroport-de-roissy-un-laser-pour-detecter-les-personnes-sans-masque\/#primaryimage"},"image":{"@id":"https:\/\/generate.fr\/a-laeroport-de-roissy-un-laser-pour-detecter-les-personnes-sans-masque\/#primaryimage"},"thumbnailUrl":"https:\/\/generate.fr\/wp-content\/uploads\/2020\/07\/Capture-d\u2019e\u0301cran-2020-07-19-a\u0300-23.00.48.png","datePublished":"2020-05-19T21:00:27+00:00","dateModified":"2020-07-19T21:01:34+00:00","breadcrumb":{"@id":"https:\/\/generate.fr\/a-laeroport-de-roissy-un-laser-pour-detecter-les-personnes-sans-masque\/#breadcrumb"},"inLanguage":"en-US","potentialAction":[{"@type":"ReadAction","target":["https:\/\/generate.fr\/a-laeroport-de-roissy-un-laser-pour-detecter-les-personnes-sans-masque\/"]}]},{"@type":"ImageObject","inLanguage":"en-US","@id":"https:\/\/generate.fr\/a-laeroport-de-roissy-un-laser-pour-detecter-les-personnes-sans-masque\/#primaryimage","url":"https:\/\/generate.fr\/wp-content\/uploads\/2020\/07\/Capture-d\u2019e\u0301cran-2020-07-19-a\u0300-23.00.48.png","contentUrl":"https:\/\/generate.fr\/wp-content\/uploads\/2020\/07\/Capture-d\u2019e\u0301cran-2020-07-19-a\u0300-23.00.48.png","width":1220,"height":686},{"@type":"BreadcrumbList","@id":"https:\/\/generate.fr\/a-laeroport-de-roissy-un-laser-pour-detecter-les-personnes-sans-masque\/#breadcrumb","itemListElement":[{"@type":"ListItem","position":1,"name":"Accueil","item":"https:\/\/generate.fr\/"},{"@type":"ListItem","position":2,"name":"\u00c0 l\u2019a\u00e9roport de Roissy, un laser pour d\u00e9tecter les personnes sans masque"}]},{"@type":"WebSite","@id":"https:\/\/generate.fr\/#website","url":"https:\/\/generate.fr\/","name":"GENERATE","description":"Acc\u00e9l\u00e9rateur d&#039;innovation pour la D\u00e9fense et la S\u00e9curit\u00e9","publisher":{"@id":"https:\/\/generate.fr\/#organization"},"potentialAction":[{"@type":"SearchAction","target":{"@type":"EntryPoint","urlTemplate":"https:\/\/generate.fr\/?s={search_term_string}"},"query-input":{"@type":"PropertyValueSpecification","valueRequired":true,"valueName":"search_term_string"}}],"inLanguage":"en-US"},{"@type":"Organization","@id":"https:\/\/generate.fr\/#organization","name":"Generate","url":"https:\/\/generate.fr\/","logo":{"@type":"ImageObject","inLanguage":"en-US","@id":"https:\/\/generate.fr\/#\/schema\/logo\/image\/","url":"https:\/\/generate.fr\/wp-content\/uploads\/2019\/05\/Generate.png","contentUrl":"https:\/\/generate.fr\/wp-content\/uploads\/2019\/05\/Generate.png","width":1000,"height":316,"caption":"Generate"},"image":{"@id":"https:\/\/generate.fr\/#\/schema\/logo\/image\/"},"sameAs":["https:\/\/www.youtube.com\/channel\/UCsoYfr1MZdZT2bqI7CNN1Rw"]},{"@type":"Person","@id":"https:\/\/generate.fr\/#\/schema\/person\/2895efb6d641efb3170ace8678ace18c","name":"Thomas Kolbe","image":{"@type":"ImageObject","inLanguage":"en-US","@id":"https:\/\/secure.gravatar.com\/avatar\/528dc96708c82c0f0c26eba076b7ff225f08450c6a1be4d0b029763b2d76ef7a?s=96&d=mm&r=g","url":"https:\/\/secure.gravatar.com\/avatar\/528dc96708c82c0f0c26eba076b7ff225f08450c6a1be4d0b029763b2d76ef7a?s=96&d=mm&r=g","contentUrl":"https:\/\/secure.gravatar.com\/avatar\/528dc96708c82c0f0c26eba076b7ff225f08450c6a1be4d0b029763b2d76ef7a?s=96&d=mm&r=g","caption":"Thomas Kolbe"},"url":"https:\/\/generate.fr\/en\/author\/editeur\/"}]}},"_links":{"self":[{"href":"https:\/\/generate.fr\/en\/wp-json\/wp\/v2\/posts\/3427","targetHints":{"allow":["GET"]}}],"collection":[{"href":"https:\/\/generate.fr\/en\/wp-json\/wp\/v2\/posts"}],"about":[{"href":"https:\/\/generate.fr\/en\/wp-json\/wp\/v2\/types\/post"}],"author":[{"embeddable":true,"href":"https:\/\/generate.fr\/en\/wp-json\/wp\/v2\/users\/2"}],"replies":[{"embeddable":true,"href":"https:\/\/generate.fr\/en\/wp-json\/wp\/v2\/comments?post=3427"}],"version-history":[{"count":1,"href":"https:\/\/generate.fr\/en\/wp-json\/wp\/v2\/posts\/3427\/revisions"}],"predecessor-version":[{"id":3430,"href":"https:\/\/generate.fr\/en\/wp-json\/wp\/v2\/posts\/3427\/revisions\/3430"}],"wp:featuredmedia":[{"embeddable":true,"href":"https:\/\/generate.fr\/en\/wp-json\/wp\/v2\/media\/3428"}],"wp:attachment":[{"href":"https:\/\/generate.fr\/en\/wp-json\/wp\/v2\/media?parent=3427"}],"wp:term":[{"taxonomy":"category","embeddable":true,"href":"https:\/\/generate.fr\/en\/wp-json\/wp\/v2\/categories?post=3427"},{"taxonomy":"post_tag","embeddable":true,"href":"https:\/\/generate.fr\/en\/wp-json\/wp\/v2\/tags?post=3427"}],"curies":[{"name":"wp","href":"https:\/\/api.w.org\/{rel}","templated":true}]}}