{"id":3478,"date":"2020-09-11T06:58:43","date_gmt":"2020-09-11T06:58:43","guid":{"rendered":"https:\/\/generate.fr\/?p=3478"},"modified":"2020-09-11T06:58:43","modified_gmt":"2020-09-11T06:58:43","slug":"olvid-remporte-le-prix-de-linnovation-des-assises-de-la-cybersecurite","status":"publish","type":"post","link":"https:\/\/generate.fr\/en\/olvid-remporte-le-prix-de-linnovation-des-assises-de-la-cybersecurite\/","title":{"rendered":"Olvid remporte le Prix de l\u2019innovation des Assises de la cybers\u00e9curit\u00e9"},"content":{"rendered":"<p>A la diff\u00e9rence des messageries, comme WhatsApp, Olvid s'affranchit d'un annuaire central des utilisateurs. Tous les \u00e9changes sont crypt\u00e9s entre utilisateurs que l'op\u00e9rateur ne conna\u00eet pas.<\/p>\n<p>Rendez-vous incontournable de la cybers\u00e9curit\u00e9, les Assises de la Cybers\u00e9curit\u00e9 (du 14 au 17 octobre) viennent de d\u00e9cerner leurs prix. Au top du podium, c\u2019est la start-up fran\u00e7aise Olvid qui a d\u00e9croch\u00e9 le Prix de l\u2019innovation ainsi que le prix du public. La remise officielle aura lieu le 15 octobre 2020 \u00e0 Monaco.<\/p>\n<h2><strong>Un chiffrement de bout en bout<\/strong><\/h2>\n<p>Il faut dire que l\u2019entreprise tricolore a de quoi faire couler l\u2019encre. Cr\u00e9\u00e9e en juin 2019, cette messagerie instantan\u00e9e chiffr\u00e9e revendique un mod\u00e8le s\u00e9curitaire in\u00e9dit. Apr\u00e8s 5 ans de R&amp;D, ses co-fondateurs, Thomas Baign\u00e8res et Matthieu Finiasz, ont b\u00e2ti un syst\u00e8me chiffr\u00e9 de bout en bout. Ce qui garantit une confidentialit\u00e9 totale des \u00e9changes \u2013 donn\u00e9es et m\u00e9tadonn\u00e9es comprises.<\/p>\n<h2><strong>Un fonctionnement hors de l\u2019annuaire central<\/strong><\/h2>\n<p>Il faut savoir que la s\u00e9curit\u00e9 des messageries comme WhatsApp repose sur un annuaire central des utilisateurs. Ce syst\u00e8me se charge de la distribution des identit\u00e9s num\u00e9riques des utilisateurs. Sans garantie de leur authenticit\u00e9. Contrairement \u00e0 ce syst\u00e8me, Olvid ne d\u00e9pend d\u2019aucun annuaire central, ni de tiers de confiance. L\u2019entreprise a d\u00e9velopp\u00e9 une architecture logicielle qui se base sur la cryptographie de chaque \u00e9change. En d\u2019autres termes, l\u2019entreprise ne conna\u00eet pas elle-m\u00eame l\u2019identit\u00e9 de ses utilisateurs, ni leurs \u00e9changes. Un fonctionnement radical qui garantit ainsi la confidentialit\u00e9 des conversations ainsi que l\u2019anonymat des internautes.<\/p>\n<h2><strong>La \u201cmessagerie la plus s\u00fbre du monde\u201d<\/strong><\/h2>\n<p>Outre le Prix de l\u2019innovation des Assises, Olvid n\u2019en est pas \u00e0 sa premi\u00e8re victoire. Cette ann\u00e9e, elle a d\u00e9croch\u00e9 le prix 2020 du Forum international de la cybers\u00e9curit\u00e9 (FIC). Une r\u00e9compense qui lui a valu la r\u00e9putation de \u00ab\u00a0messagerie la plus s\u00fbre du monde\u00a0\u00bb.\u00a0 Membre des \u00ab\u00a0100 start-up o\u00f9 investir en 2020\u201d de Challenges, la soci\u00e9t\u00e9 a obtenu le soutien de la Banque postale. Ainsi que de Wavestone, un leader du conseil en cybers\u00e9curit\u00e9.<\/p>\n<p><a href=\"https:\/\/www.infoprotection.fr\/olvid-remporte-le-prix-de-linnovation-des-assises-de-la-cybersecurite\/\">Source : Info-Protection<\/a><\/p>\n","protected":false},"excerpt":{"rendered":"<p>A la diff\u00e9rence des messageries, comme WhatsApp, Olvid s'affranchit d'un annuaire central des utilisateurs. Tous les \u00e9changes sont crypt\u00e9s entre utilisateurs que l'op\u00e9rateur ne conna\u00eet pas. Rendez-vous incontournable de la cybers\u00e9curit\u00e9, les Assises de la Cybers\u00e9curit\u00e9 (du 14 au 17 octobre) viennent de d\u00e9cerner leurs prix. Au top du podium, c\u2019est la start-up fran\u00e7aise Olvid [&hellip;]<\/p>\n","protected":false},"author":2,"featured_media":3479,"comment_status":"open","ping_status":"open","sticky":false,"template":"","format":"standard","meta":{"footnotes":""},"categories":[7],"tags":[],"class_list":["post-3478","post","type-post","status-publish","format-standard","has-post-thumbnail","hentry","category-articles-itw","post-wrapper"],"yoast_head":"<!-- This site is optimized with the Yoast SEO plugin v27.4 - https:\/\/yoast.com\/product\/yoast-seo-wordpress\/ -->\n<title>Olvid remporte le Prix de l\u2019innovation des Assises de la cybers\u00e9curit\u00e9 - GENERATE<\/title>\n<meta name=\"robots\" content=\"index, follow, max-snippet:-1, max-image-preview:large, max-video-preview:-1\" \/>\n<link rel=\"canonical\" href=\"https:\/\/generate.fr\/olvid-remporte-le-prix-de-linnovation-des-assises-de-la-cybersecurite\/\" \/>\n<meta property=\"og:locale\" content=\"en_US\" \/>\n<meta property=\"og:type\" content=\"article\" \/>\n<meta property=\"og:title\" content=\"Olvid remporte le Prix de l\u2019innovation des Assises de la cybers\u00e9curit\u00e9 - GENERATE\" \/>\n<meta property=\"og:description\" content=\"A la diff\u00e9rence des messageries, comme WhatsApp, Olvid s&#039;affranchit d&#039;un annuaire central des utilisateurs. Tous les \u00e9changes sont crypt\u00e9s entre utilisateurs que l&#039;op\u00e9rateur ne conna\u00eet pas. Rendez-vous incontournable de la cybers\u00e9curit\u00e9, les Assises de la Cybers\u00e9curit\u00e9 (du 14 au 17 octobre) viennent de d\u00e9cerner leurs prix. Au top du podium, c\u2019est la start-up fran\u00e7aise Olvid\" \/>\n<meta property=\"og:url\" content=\"https:\/\/generate.fr\/olvid-remporte-le-prix-de-linnovation-des-assises-de-la-cybersecurite\/\" \/>\n<meta property=\"og:site_name\" content=\"GENERATE\" \/>\n<meta property=\"article:published_time\" content=\"2020-09-11T06:58:43+00:00\" \/>\n<meta property=\"og:image\" content=\"https:\/\/generate.fr\/wp-content\/uploads\/2020\/09\/les_assises-1280x720-1.png\" \/>\n\t<meta property=\"og:image:width\" content=\"1280\" \/>\n\t<meta property=\"og:image:height\" content=\"720\" \/>\n\t<meta property=\"og:image:type\" content=\"image\/png\" \/>\n<meta name=\"author\" content=\"Thomas Kolbe\" \/>\n<meta name=\"twitter:card\" content=\"summary_large_image\" \/>\n<meta name=\"twitter:label1\" content=\"Written by\" \/>\n\t<meta name=\"twitter:data1\" content=\"Thomas Kolbe\" \/>\n\t<meta name=\"twitter:label2\" content=\"Est. reading time\" \/>\n\t<meta name=\"twitter:data2\" content=\"2 minutes\" \/>\n<script type=\"application\/ld+json\" class=\"yoast-schema-graph\">{\"@context\":\"https:\\\/\\\/schema.org\",\"@graph\":[{\"@type\":\"Article\",\"@id\":\"https:\\\/\\\/generate.fr\\\/olvid-remporte-le-prix-de-linnovation-des-assises-de-la-cybersecurite\\\/#article\",\"isPartOf\":{\"@id\":\"https:\\\/\\\/generate.fr\\\/olvid-remporte-le-prix-de-linnovation-des-assises-de-la-cybersecurite\\\/\"},\"author\":{\"name\":\"Thomas Kolbe\",\"@id\":\"https:\\\/\\\/generate.fr\\\/#\\\/schema\\\/person\\\/2895efb6d641efb3170ace8678ace18c\"},\"headline\":\"Olvid remporte le Prix de l\u2019innovation des Assises de la cybers\u00e9curit\u00e9\",\"datePublished\":\"2020-09-11T06:58:43+00:00\",\"mainEntityOfPage\":{\"@id\":\"https:\\\/\\\/generate.fr\\\/olvid-remporte-le-prix-de-linnovation-des-assises-de-la-cybersecurite\\\/\"},\"wordCount\":387,\"commentCount\":0,\"publisher\":{\"@id\":\"https:\\\/\\\/generate.fr\\\/#organization\"},\"image\":{\"@id\":\"https:\\\/\\\/generate.fr\\\/olvid-remporte-le-prix-de-linnovation-des-assises-de-la-cybersecurite\\\/#primaryimage\"},\"thumbnailUrl\":\"https:\\\/\\\/generate.fr\\\/wp-content\\\/uploads\\\/2020\\\/09\\\/les_assises-1280x720-1.png\",\"articleSection\":[\"Articles &amp; ITW\"],\"inLanguage\":\"en-US\",\"potentialAction\":[{\"@type\":\"CommentAction\",\"name\":\"Comment\",\"target\":[\"https:\\\/\\\/generate.fr\\\/olvid-remporte-le-prix-de-linnovation-des-assises-de-la-cybersecurite\\\/#respond\"]}]},{\"@type\":\"WebPage\",\"@id\":\"https:\\\/\\\/generate.fr\\\/olvid-remporte-le-prix-de-linnovation-des-assises-de-la-cybersecurite\\\/\",\"url\":\"https:\\\/\\\/generate.fr\\\/olvid-remporte-le-prix-de-linnovation-des-assises-de-la-cybersecurite\\\/\",\"name\":\"Olvid remporte le Prix de l\u2019innovation des Assises de la cybers\u00e9curit\u00e9 - GENERATE\",\"isPartOf\":{\"@id\":\"https:\\\/\\\/generate.fr\\\/#website\"},\"primaryImageOfPage\":{\"@id\":\"https:\\\/\\\/generate.fr\\\/olvid-remporte-le-prix-de-linnovation-des-assises-de-la-cybersecurite\\\/#primaryimage\"},\"image\":{\"@id\":\"https:\\\/\\\/generate.fr\\\/olvid-remporte-le-prix-de-linnovation-des-assises-de-la-cybersecurite\\\/#primaryimage\"},\"thumbnailUrl\":\"https:\\\/\\\/generate.fr\\\/wp-content\\\/uploads\\\/2020\\\/09\\\/les_assises-1280x720-1.png\",\"datePublished\":\"2020-09-11T06:58:43+00:00\",\"breadcrumb\":{\"@id\":\"https:\\\/\\\/generate.fr\\\/olvid-remporte-le-prix-de-linnovation-des-assises-de-la-cybersecurite\\\/#breadcrumb\"},\"inLanguage\":\"en-US\",\"potentialAction\":[{\"@type\":\"ReadAction\",\"target\":[\"https:\\\/\\\/generate.fr\\\/olvid-remporte-le-prix-de-linnovation-des-assises-de-la-cybersecurite\\\/\"]}]},{\"@type\":\"ImageObject\",\"inLanguage\":\"en-US\",\"@id\":\"https:\\\/\\\/generate.fr\\\/olvid-remporte-le-prix-de-linnovation-des-assises-de-la-cybersecurite\\\/#primaryimage\",\"url\":\"https:\\\/\\\/generate.fr\\\/wp-content\\\/uploads\\\/2020\\\/09\\\/les_assises-1280x720-1.png\",\"contentUrl\":\"https:\\\/\\\/generate.fr\\\/wp-content\\\/uploads\\\/2020\\\/09\\\/les_assises-1280x720-1.png\",\"width\":1280,\"height\":720},{\"@type\":\"BreadcrumbList\",\"@id\":\"https:\\\/\\\/generate.fr\\\/olvid-remporte-le-prix-de-linnovation-des-assises-de-la-cybersecurite\\\/#breadcrumb\",\"itemListElement\":[{\"@type\":\"ListItem\",\"position\":1,\"name\":\"Accueil\",\"item\":\"https:\\\/\\\/generate.fr\\\/\"},{\"@type\":\"ListItem\",\"position\":2,\"name\":\"Olvid remporte le Prix de l\u2019innovation des Assises de la cybers\u00e9curit\u00e9\"}]},{\"@type\":\"WebSite\",\"@id\":\"https:\\\/\\\/generate.fr\\\/#website\",\"url\":\"https:\\\/\\\/generate.fr\\\/\",\"name\":\"GENERATE\",\"description\":\"Acc\u00e9l\u00e9rateur d&#039;innovation pour la D\u00e9fense et la S\u00e9curit\u00e9\",\"publisher\":{\"@id\":\"https:\\\/\\\/generate.fr\\\/#organization\"},\"potentialAction\":[{\"@type\":\"SearchAction\",\"target\":{\"@type\":\"EntryPoint\",\"urlTemplate\":\"https:\\\/\\\/generate.fr\\\/?s={search_term_string}\"},\"query-input\":{\"@type\":\"PropertyValueSpecification\",\"valueRequired\":true,\"valueName\":\"search_term_string\"}}],\"inLanguage\":\"en-US\"},{\"@type\":\"Organization\",\"@id\":\"https:\\\/\\\/generate.fr\\\/#organization\",\"name\":\"Generate\",\"url\":\"https:\\\/\\\/generate.fr\\\/\",\"logo\":{\"@type\":\"ImageObject\",\"inLanguage\":\"en-US\",\"@id\":\"https:\\\/\\\/generate.fr\\\/#\\\/schema\\\/logo\\\/image\\\/\",\"url\":\"https:\\\/\\\/generate.fr\\\/wp-content\\\/uploads\\\/2019\\\/05\\\/Generate.png\",\"contentUrl\":\"https:\\\/\\\/generate.fr\\\/wp-content\\\/uploads\\\/2019\\\/05\\\/Generate.png\",\"width\":1000,\"height\":316,\"caption\":\"Generate\"},\"image\":{\"@id\":\"https:\\\/\\\/generate.fr\\\/#\\\/schema\\\/logo\\\/image\\\/\"},\"sameAs\":[\"https:\\\/\\\/www.youtube.com\\\/channel\\\/UCsoYfr1MZdZT2bqI7CNN1Rw\"]},{\"@type\":\"Person\",\"@id\":\"https:\\\/\\\/generate.fr\\\/#\\\/schema\\\/person\\\/2895efb6d641efb3170ace8678ace18c\",\"name\":\"Thomas Kolbe\",\"image\":{\"@type\":\"ImageObject\",\"inLanguage\":\"en-US\",\"@id\":\"https:\\\/\\\/secure.gravatar.com\\\/avatar\\\/528dc96708c82c0f0c26eba076b7ff225f08450c6a1be4d0b029763b2d76ef7a?s=96&d=mm&r=g\",\"url\":\"https:\\\/\\\/secure.gravatar.com\\\/avatar\\\/528dc96708c82c0f0c26eba076b7ff225f08450c6a1be4d0b029763b2d76ef7a?s=96&d=mm&r=g\",\"contentUrl\":\"https:\\\/\\\/secure.gravatar.com\\\/avatar\\\/528dc96708c82c0f0c26eba076b7ff225f08450c6a1be4d0b029763b2d76ef7a?s=96&d=mm&r=g\",\"caption\":\"Thomas Kolbe\"},\"url\":\"https:\\\/\\\/generate.fr\\\/en\\\/author\\\/editeur\\\/\"}]}<\/script>\n<!-- \/ Yoast SEO plugin. -->","yoast_head_json":{"title":"Olvid remporte le Prix de l\u2019innovation des Assises de la cybers\u00e9curit\u00e9 - GENERATE","robots":{"index":"index","follow":"follow","max-snippet":"max-snippet:-1","max-image-preview":"max-image-preview:large","max-video-preview":"max-video-preview:-1"},"canonical":"https:\/\/generate.fr\/olvid-remporte-le-prix-de-linnovation-des-assises-de-la-cybersecurite\/","og_locale":"en_US","og_type":"article","og_title":"Olvid remporte le Prix de l\u2019innovation des Assises de la cybers\u00e9curit\u00e9 - GENERATE","og_description":"A la diff\u00e9rence des messageries, comme WhatsApp, Olvid s'affranchit d'un annuaire central des utilisateurs. Tous les \u00e9changes sont crypt\u00e9s entre utilisateurs que l'op\u00e9rateur ne conna\u00eet pas. Rendez-vous incontournable de la cybers\u00e9curit\u00e9, les Assises de la Cybers\u00e9curit\u00e9 (du 14 au 17 octobre) viennent de d\u00e9cerner leurs prix. Au top du podium, c\u2019est la start-up fran\u00e7aise Olvid","og_url":"https:\/\/generate.fr\/olvid-remporte-le-prix-de-linnovation-des-assises-de-la-cybersecurite\/","og_site_name":"GENERATE","article_published_time":"2020-09-11T06:58:43+00:00","og_image":[{"width":1280,"height":720,"url":"https:\/\/generate.fr\/wp-content\/uploads\/2020\/09\/les_assises-1280x720-1.png","type":"image\/png"}],"author":"Thomas Kolbe","twitter_card":"summary_large_image","twitter_misc":{"Written by":"Thomas Kolbe","Est. reading time":"2 minutes"},"schema":{"@context":"https:\/\/schema.org","@graph":[{"@type":"Article","@id":"https:\/\/generate.fr\/olvid-remporte-le-prix-de-linnovation-des-assises-de-la-cybersecurite\/#article","isPartOf":{"@id":"https:\/\/generate.fr\/olvid-remporte-le-prix-de-linnovation-des-assises-de-la-cybersecurite\/"},"author":{"name":"Thomas Kolbe","@id":"https:\/\/generate.fr\/#\/schema\/person\/2895efb6d641efb3170ace8678ace18c"},"headline":"Olvid remporte le Prix de l\u2019innovation des Assises de la cybers\u00e9curit\u00e9","datePublished":"2020-09-11T06:58:43+00:00","mainEntityOfPage":{"@id":"https:\/\/generate.fr\/olvid-remporte-le-prix-de-linnovation-des-assises-de-la-cybersecurite\/"},"wordCount":387,"commentCount":0,"publisher":{"@id":"https:\/\/generate.fr\/#organization"},"image":{"@id":"https:\/\/generate.fr\/olvid-remporte-le-prix-de-linnovation-des-assises-de-la-cybersecurite\/#primaryimage"},"thumbnailUrl":"https:\/\/generate.fr\/wp-content\/uploads\/2020\/09\/les_assises-1280x720-1.png","articleSection":["Articles &amp; ITW"],"inLanguage":"en-US","potentialAction":[{"@type":"CommentAction","name":"Comment","target":["https:\/\/generate.fr\/olvid-remporte-le-prix-de-linnovation-des-assises-de-la-cybersecurite\/#respond"]}]},{"@type":"WebPage","@id":"https:\/\/generate.fr\/olvid-remporte-le-prix-de-linnovation-des-assises-de-la-cybersecurite\/","url":"https:\/\/generate.fr\/olvid-remporte-le-prix-de-linnovation-des-assises-de-la-cybersecurite\/","name":"Olvid remporte le Prix de l\u2019innovation des Assises de la cybers\u00e9curit\u00e9 - GENERATE","isPartOf":{"@id":"https:\/\/generate.fr\/#website"},"primaryImageOfPage":{"@id":"https:\/\/generate.fr\/olvid-remporte-le-prix-de-linnovation-des-assises-de-la-cybersecurite\/#primaryimage"},"image":{"@id":"https:\/\/generate.fr\/olvid-remporte-le-prix-de-linnovation-des-assises-de-la-cybersecurite\/#primaryimage"},"thumbnailUrl":"https:\/\/generate.fr\/wp-content\/uploads\/2020\/09\/les_assises-1280x720-1.png","datePublished":"2020-09-11T06:58:43+00:00","breadcrumb":{"@id":"https:\/\/generate.fr\/olvid-remporte-le-prix-de-linnovation-des-assises-de-la-cybersecurite\/#breadcrumb"},"inLanguage":"en-US","potentialAction":[{"@type":"ReadAction","target":["https:\/\/generate.fr\/olvid-remporte-le-prix-de-linnovation-des-assises-de-la-cybersecurite\/"]}]},{"@type":"ImageObject","inLanguage":"en-US","@id":"https:\/\/generate.fr\/olvid-remporte-le-prix-de-linnovation-des-assises-de-la-cybersecurite\/#primaryimage","url":"https:\/\/generate.fr\/wp-content\/uploads\/2020\/09\/les_assises-1280x720-1.png","contentUrl":"https:\/\/generate.fr\/wp-content\/uploads\/2020\/09\/les_assises-1280x720-1.png","width":1280,"height":720},{"@type":"BreadcrumbList","@id":"https:\/\/generate.fr\/olvid-remporte-le-prix-de-linnovation-des-assises-de-la-cybersecurite\/#breadcrumb","itemListElement":[{"@type":"ListItem","position":1,"name":"Accueil","item":"https:\/\/generate.fr\/"},{"@type":"ListItem","position":2,"name":"Olvid remporte le Prix de l\u2019innovation des Assises de la cybers\u00e9curit\u00e9"}]},{"@type":"WebSite","@id":"https:\/\/generate.fr\/#website","url":"https:\/\/generate.fr\/","name":"GENERATE","description":"Acc\u00e9l\u00e9rateur d&#039;innovation pour la D\u00e9fense et la S\u00e9curit\u00e9","publisher":{"@id":"https:\/\/generate.fr\/#organization"},"potentialAction":[{"@type":"SearchAction","target":{"@type":"EntryPoint","urlTemplate":"https:\/\/generate.fr\/?s={search_term_string}"},"query-input":{"@type":"PropertyValueSpecification","valueRequired":true,"valueName":"search_term_string"}}],"inLanguage":"en-US"},{"@type":"Organization","@id":"https:\/\/generate.fr\/#organization","name":"Generate","url":"https:\/\/generate.fr\/","logo":{"@type":"ImageObject","inLanguage":"en-US","@id":"https:\/\/generate.fr\/#\/schema\/logo\/image\/","url":"https:\/\/generate.fr\/wp-content\/uploads\/2019\/05\/Generate.png","contentUrl":"https:\/\/generate.fr\/wp-content\/uploads\/2019\/05\/Generate.png","width":1000,"height":316,"caption":"Generate"},"image":{"@id":"https:\/\/generate.fr\/#\/schema\/logo\/image\/"},"sameAs":["https:\/\/www.youtube.com\/channel\/UCsoYfr1MZdZT2bqI7CNN1Rw"]},{"@type":"Person","@id":"https:\/\/generate.fr\/#\/schema\/person\/2895efb6d641efb3170ace8678ace18c","name":"Thomas Kolbe","image":{"@type":"ImageObject","inLanguage":"en-US","@id":"https:\/\/secure.gravatar.com\/avatar\/528dc96708c82c0f0c26eba076b7ff225f08450c6a1be4d0b029763b2d76ef7a?s=96&d=mm&r=g","url":"https:\/\/secure.gravatar.com\/avatar\/528dc96708c82c0f0c26eba076b7ff225f08450c6a1be4d0b029763b2d76ef7a?s=96&d=mm&r=g","contentUrl":"https:\/\/secure.gravatar.com\/avatar\/528dc96708c82c0f0c26eba076b7ff225f08450c6a1be4d0b029763b2d76ef7a?s=96&d=mm&r=g","caption":"Thomas Kolbe"},"url":"https:\/\/generate.fr\/en\/author\/editeur\/"}]}},"_links":{"self":[{"href":"https:\/\/generate.fr\/en\/wp-json\/wp\/v2\/posts\/3478","targetHints":{"allow":["GET"]}}],"collection":[{"href":"https:\/\/generate.fr\/en\/wp-json\/wp\/v2\/posts"}],"about":[{"href":"https:\/\/generate.fr\/en\/wp-json\/wp\/v2\/types\/post"}],"author":[{"embeddable":true,"href":"https:\/\/generate.fr\/en\/wp-json\/wp\/v2\/users\/2"}],"replies":[{"embeddable":true,"href":"https:\/\/generate.fr\/en\/wp-json\/wp\/v2\/comments?post=3478"}],"version-history":[{"count":1,"href":"https:\/\/generate.fr\/en\/wp-json\/wp\/v2\/posts\/3478\/revisions"}],"predecessor-version":[{"id":3481,"href":"https:\/\/generate.fr\/en\/wp-json\/wp\/v2\/posts\/3478\/revisions\/3481"}],"wp:featuredmedia":[{"embeddable":true,"href":"https:\/\/generate.fr\/en\/wp-json\/wp\/v2\/media\/3479"}],"wp:attachment":[{"href":"https:\/\/generate.fr\/en\/wp-json\/wp\/v2\/media?parent=3478"}],"wp:term":[{"taxonomy":"category","embeddable":true,"href":"https:\/\/generate.fr\/en\/wp-json\/wp\/v2\/categories?post=3478"},{"taxonomy":"post_tag","embeddable":true,"href":"https:\/\/generate.fr\/en\/wp-json\/wp\/v2\/tags?post=3478"}],"curies":[{"name":"wp","href":"https:\/\/api.w.org\/{rel}","templated":true}]}}